{"id":14239,"date":"2023-06-02T16:49:08","date_gmt":"2023-06-02T22:49:08","guid":{"rendered":"https:\/\/contextoanalisisperiodistico.com\/?p=14239"},"modified":"2023-06-02T16:49:50","modified_gmt":"2023-06-02T22:49:50","slug":"se-debilita-el-cartel-de-las-plazas-detienen-a-exdirector-del-iebo","status":"publish","type":"post","link":"https:\/\/contextoanalisisperiodistico.com\/index.php\/2023\/06\/02\/se-debilita-el-cartel-de-las-plazas-detienen-a-exdirector-del-iebo\/","title":{"rendered":"Se debilita el C\u00e1rtel de las Plazas, detienen a exdirector del IEBO"},"content":{"rendered":"<div id=\"fb-root\"><\/div>\n\n<p>\u2022 Reafirma Gobierno de Salom\u00f3n Jara combate a la corrupci\u00f3n<\/p>\n\n\n\n<p>\u2022 El Consejero Jur\u00eddico Geovany V\u00e1squez Sagrero inform\u00f3 que en el IEBO se crearon un aproximado de 263 plazas irregulares<\/p>\n\n\n\n<p>Oaxaca de Ju\u00e1rez, Oax, 2 de junio de 2023.- El titular de la Consejer\u00eda Jur\u00eddica y Asistencia Legal del Gobierno del Estado de Oaxaca Geovany V\u00e1squez Sagrero reconoci\u00f3 el trabajo realizado por las autoridades judiciales de la entidad para lograr la detenci\u00f3n de A.A.T., exdirector del Instituto de Estudios de Bachillerato del Estado de Oaxaca (IEBO).<\/p>\n\n\n\n<p>Record\u00f3 que el exservidor p\u00fablico de la administraci\u00f3n estatal pasada est\u00e1 acusado de presunto fraude y v\u00ednculo al llamado C\u00e1rtel de las Plazas.<\/p>\n\n\n\n<p>A.A.T fue detenido por integrantes de la Agencia Estatal de Investigaciones (AEI) de la Fiscal\u00eda General del Estado de Oaxaca (FGEO) en un restaurante de la zona norte de la ciudad de Oaxaca de Ju\u00e1rez.<\/p>\n\n\n\n<p>Inform\u00f3 que tambi\u00e9n el extitular del \u00e1rea jur\u00eddica del IEBO enfrenta un proceso penal por el delito de peculado por transferencias bancarias irregulares. Adem\u00e1s, el actual detenido habr\u00eda permitido la creaci\u00f3n de manera irregular de un nuevo sindicato de trabajadores en detrimento del erario p\u00fablico.<\/p>\n\n\n\n<p>\u201cEstas denuncias forman parte de una investigaci\u00f3n realizada en torno al proceso de entrega-recepci\u00f3n en cada una de las \u00e1reas del Gobierno del Estado. Esta es una actividad que \u00e9l realiz\u00f3 de manera ilegal, el tipo penal se llama Fraude por Simulaci\u00f3n\u201d, dijo.<\/p>\n\n\n\n<p>Abund\u00f3 que, adem\u00e1s est\u00e1 sujeto a este tipo de irregularidades a una vinculaci\u00f3n a proceso por parte de su Director Administrativo, quien fue vinculado a proceso hace un par de semanas, tras detectarse la transferencia de recursos a su cuenta personal, dinero que es del erario p\u00fablico, del Instituto de Estudios de Bachillerato del Estado de Oaxaca.<\/p>\n\n\n\n<p>V\u00e1squez Sagrero detall\u00f3 que A.A.T. presuntamente est\u00e1 vinculado con el denominado \u201cCartel de las Plazas\u201d en el IEBO donde se crearon un aproximado de 263 plazas irregulares.<\/p>\n\n\n\n<p>Como Director del organismo no hizo nada en defensa del Estado, \u201csin tener una autorizaci\u00f3n de la Junta de Gobierno del IEBO y sin tener un techo presupuestal, \u00e9l sab\u00eda que ten\u00eda que defender los derechos del Estado; pero no lo hizo.<\/p>\n\n\n\n<p>Explic\u00f3 que, cuando surgi\u00f3 el nuevo sindicato primero promovi\u00f3 un medio de impugnaci\u00f3n y poco antes de iniciar el presente Gobierno se desisti\u00f3, dej\u00e1ndo a la nueva administraci\u00f3n sin medios de impugnaci\u00f3n para que pudieran entrar estas personas, con un consecuente desgaste al erario, sin partidas presupuestales, y esa carga presupuestal desde luego queda en perjuicio del Estado.<\/p>\n\n\n\n<p>El Consejero Jur\u00eddico y Asistente Legal del Gobierno del Estado de Oaxaca afirm\u00f3 que la detenci\u00f3n de exservidores es una acci\u00f3n clara de que la administraci\u00f3n del Gobernador Salom\u00f3n Jara Cruz no solapar\u00e1 los actos de corrupci\u00f3n que se detectan y que se han denunciado.<\/p>\n\n\n\n<p>\u201cLa Direcci\u00f3n Jur\u00eddica del IEBO encontr\u00f3 las irregularidades, se dio el acompa\u00f1amiento, se hicieron las denuncias correspondientes y ahora estaremos muy pendientes del tema, porque hay un da\u00f1o al Estado y al patrimonio del pueblo de Oaxaca, y eso no se va a permitir\u201d finaliz\u00f3.<\/p>\n\n\n\n<p>-0-<\/p>\n","protected":false},"excerpt":{"rendered":"<p>\u2022 Reafirma Gobierno de Salom\u00f3n Jara combate a la corrupci\u00f3n \u2022 El Consejero Jur\u00eddico Geovany&#8230;<\/p>\n","protected":false},"author":4,"featured_media":14240,"comment_status":"closed","ping_status":"open","sticky":false,"template":"","format":"standard","meta":{"footnotes":""},"categories":[9],"tags":[],"jetpack_sharing_enabled":true,"featured_image_urls":{"full":["https:\/\/contextoanalisisperiodistico.com\/wp-content\/uploads\/2023\/06\/IMG-20230602-WA0094.jpg",1600,1600,false],"thumbnail":["https:\/\/contextoanalisisperiodistico.com\/wp-content\/uploads\/2023\/06\/IMG-20230602-WA0094-150x150.jpg",150,150,true],"medium":["https:\/\/contextoanalisisperiodistico.com\/wp-content\/uploads\/2023\/06\/IMG-20230602-WA0094-300x300.jpg",300,300,true],"medium_large":["https:\/\/contextoanalisisperiodistico.com\/wp-content\/uploads\/2023\/06\/IMG-20230602-WA0094-768x768.jpg",640,640,true],"large":["https:\/\/contextoanalisisperiodistico.com\/wp-content\/uploads\/2023\/06\/IMG-20230602-WA0094-1024x1024.jpg",640,640,true],"1536x1536":["https:\/\/contextoanalisisperiodistico.com\/wp-content\/uploads\/2023\/06\/IMG-20230602-WA0094-1536x1536.jpg",1536,1536,true],"2048x2048":["https:\/\/contextoanalisisperiodistico.com\/wp-content\/uploads\/2023\/06\/IMG-20230602-WA0094.jpg",1600,1600,false],"covernews-slider-full":["https:\/\/contextoanalisisperiodistico.com\/wp-content\/uploads\/2023\/06\/IMG-20230602-WA0094-1115x715.jpg",1115,715,true],"covernews-slider-center":["https:\/\/contextoanalisisperiodistico.com\/wp-content\/uploads\/2023\/06\/IMG-20230602-WA0094-800x500.jpg",800,500,true],"covernews-featured":["https:\/\/contextoanalisisperiodistico.com\/wp-content\/uploads\/2023\/06\/IMG-20230602-WA0094-1024x1024.jpg",1024,1024,true],"covernews-medium":["https:\/\/contextoanalisisperiodistico.com\/wp-content\/uploads\/2023\/06\/IMG-20230602-WA0094-540x340.jpg",540,340,true],"covernews-medium-square":["https:\/\/contextoanalisisperiodistico.com\/wp-content\/uploads\/2023\/06\/IMG-20230602-WA0094-400x250.jpg",400,250,true]},"author_info":{"display_name":"Mario Gir\u00f3n","author_link":"https:\/\/contextoanalisisperiodistico.com\/index.php\/author\/director\/"},"category_info":"<a href=\"https:\/\/contextoanalisisperiodistico.com\/index.php\/category\/politica\/\" rel=\"category tag\">Pol\u00edtica<\/a>","tag_info":"Pol\u00edtica","comment_count":"0","jetpack_featured_media_url":"https:\/\/contextoanalisisperiodistico.com\/wp-content\/uploads\/2023\/06\/IMG-20230602-WA0094.jpg","_links":{"self":[{"href":"https:\/\/contextoanalisisperiodistico.com\/index.php\/wp-json\/wp\/v2\/posts\/14239"}],"collection":[{"href":"https:\/\/contextoanalisisperiodistico.com\/index.php\/wp-json\/wp\/v2\/posts"}],"about":[{"href":"https:\/\/contextoanalisisperiodistico.com\/index.php\/wp-json\/wp\/v2\/types\/post"}],"author":[{"embeddable":true,"href":"https:\/\/contextoanalisisperiodistico.com\/index.php\/wp-json\/wp\/v2\/users\/4"}],"replies":[{"embeddable":true,"href":"https:\/\/contextoanalisisperiodistico.com\/index.php\/wp-json\/wp\/v2\/comments?post=14239"}],"version-history":[{"count":1,"href":"https:\/\/contextoanalisisperiodistico.com\/index.php\/wp-json\/wp\/v2\/posts\/14239\/revisions"}],"predecessor-version":[{"id":14241,"href":"https:\/\/contextoanalisisperiodistico.com\/index.php\/wp-json\/wp\/v2\/posts\/14239\/revisions\/14241"}],"wp:featuredmedia":[{"embeddable":true,"href":"https:\/\/contextoanalisisperiodistico.com\/index.php\/wp-json\/wp\/v2\/media\/14240"}],"wp:attachment":[{"href":"https:\/\/contextoanalisisperiodistico.com\/index.php\/wp-json\/wp\/v2\/media?parent=14239"}],"wp:term":[{"taxonomy":"category","embeddable":true,"href":"https:\/\/contextoanalisisperiodistico.com\/index.php\/wp-json\/wp\/v2\/categories?post=14239"},{"taxonomy":"post_tag","embeddable":true,"href":"https:\/\/contextoanalisisperiodistico.com\/index.php\/wp-json\/wp\/v2\/tags?post=14239"}],"curies":[{"name":"wp","href":"https:\/\/api.w.org\/{rel}","templated":true}]}}