{"id":14220,"date":"2023-06-02T11:51:38","date_gmt":"2023-06-02T17:51:38","guid":{"rendered":"https:\/\/contextoanalisisperiodistico.com\/?p=14220"},"modified":"2023-06-02T11:51:46","modified_gmt":"2023-06-02T17:51:46","slug":"fomenta-gobierno-del-estado-alternativas-laborales-en-la-poblacion-oaxaquena","status":"publish","type":"post","link":"https:\/\/contextoanalisisperiodistico.com\/index.php\/2023\/06\/02\/fomenta-gobierno-del-estado-alternativas-laborales-en-la-poblacion-oaxaquena\/","title":{"rendered":"Fomenta Gobierno del Estado alternativas laborales en la poblaci\u00f3n oaxaque\u00f1a"},"content":{"rendered":"<div id=\"fb-root\"><\/div>\n\n<p>\u2022 A trav\u00e9s de un convenio entre la Setrao, SNEO y municipios de la entidad buscan la inclusi\u00f3n laboral de diferentes sectores<\/p>\n\n\n\n<p>Oaxaca de Ju\u00e1rez, Oax. 2 de junio de 2023.- Con el objetivo de dar atenci\u00f3n a personas buscadoras de empleo facilitando su incursi\u00f3n en el \u00e1mbito laboral, la Secretar\u00eda del Trabajo (Setrao) y la Coordinaci\u00f3n del Servicio Nacional de Empleo Oaxaca (SNEO) realizaron la firma de un convenio de colaboraci\u00f3n con diversas autoridades municipales de Oaxaca.<\/p>\n\n\n\n<p>En este sentido, la secretaria del Trabajo Edith Santib\u00e1\u00f1ez Boh\u00f3rquez manifest\u00f3 que mediante este convenio las instituciones gubernamentales se comprometieron con la poblaci\u00f3n, principalmente con personas con discapacidad y personas adultas mayores para brindarles alternativas laborales, capacitaci\u00f3n y vinculaci\u00f3n con empresas, con el fin de facilitar su colocaci\u00f3n en un puesto de trabajo o actividad productiva.<\/p>\n\n\n\n<p>Santib\u00e1\u00f1ez Boh\u00f3rquez dijo que el fomento del empleo es uno de los principales objetivos del Gobierno que encabeza Salom\u00f3n Jara Cruz, tal como lo establece el Plan Estatal de Desarrollo en el eje n\u00famero 4 Crecimiento y Desarrollo Econ\u00f3mico.<\/p>\n\n\n\n<p>Por su parte, el titular del SNEO, Genaro Hern\u00e1ndez, expres\u00f3 que, mediante la bolsa de trabajo del organismo que representa, buscan llevar m\u00e1s oportunidades a los distintos sectores de la econom\u00eda, acorde a los perfiles laborales de cada persona, de manera \u00e1gil y oportuna.<\/p>\n\n\n\n<p>El plan de trabajo contemplado para aterrizar las acciones que contempla el convenio, ser\u00e1 a trav\u00e9s de una persona enlace, designada por cada municipio, quien coordinar\u00e1 los programas de actividades a realizar, as\u00ed como las acciones a implementar dentro de cada municipio.<\/p>\n\n\n\n<p>En esta etapa, los municipios firmantes del convenio fueron; Magdalena Apasco, Santa Cruz Amilpas, Santo Domingo Tomaltepec, San Bartolo Coyotepec, Zimatl\u00e1n de \u00c1lvarez, San Nicol\u00e1s Miahuatl\u00e1n, San Juan Lachigalla y Ejutla de Crespo.<\/p>\n\n\n\n<p>Adem\u00e1s, Taniche Ejutla, Abejones, Villa Alta, Villa Sola de Vega, Reyes Etla, Santa Mar\u00eda Atzompa, Ocotl\u00e1n de Morelos, Santa Mar\u00eda Temaxcalapa, San Antonio de la Cal, Santiago Comaltepec y Capul\u00e1lpam de M\u00e9ndez.<\/p>\n\n\n\n<figure class=\"wp-block-image size-large\"><img fetchpriority=\"high\" decoding=\"async\" width=\"1024\" height=\"682\" src=\"https:\/\/contextoanalisisperiodistico.com\/wp-content\/uploads\/2023\/06\/img-20230602-wa00517736805781247986357-1024x682.jpg\" alt=\"\" class=\"wp-image-14222\" srcset=\"https:\/\/contextoanalisisperiodistico.com\/wp-content\/uploads\/2023\/06\/img-20230602-wa00517736805781247986357-1024x682.jpg 1024w, https:\/\/contextoanalisisperiodistico.com\/wp-content\/uploads\/2023\/06\/img-20230602-wa00517736805781247986357-300x200.jpg 300w, https:\/\/contextoanalisisperiodistico.com\/wp-content\/uploads\/2023\/06\/img-20230602-wa00517736805781247986357-768x512.jpg 768w, https:\/\/contextoanalisisperiodistico.com\/wp-content\/uploads\/2023\/06\/img-20230602-wa00517736805781247986357-1536x1023.jpg 1536w, https:\/\/contextoanalisisperiodistico.com\/wp-content\/uploads\/2023\/06\/img-20230602-wa00517736805781247986357.jpg 1600w\" sizes=\"(max-width: 1024px) 100vw, 1024px\" \/><\/figure>\n\n\n\n<figure class=\"wp-block-image\"><img decoding=\"async\" width=\"1024\" height=\"682\" src=\"https:\/\/contextoanalisisperiodistico.com\/wp-content\/uploads\/2023\/06\/img-20230602-wa00521231013920606762302-1024x682.jpg\" alt=\"\" class=\"wp-image-14223\" srcset=\"https:\/\/contextoanalisisperiodistico.com\/wp-content\/uploads\/2023\/06\/img-20230602-wa00521231013920606762302-1024x682.jpg 1024w, https:\/\/contextoanalisisperiodistico.com\/wp-content\/uploads\/2023\/06\/img-20230602-wa00521231013920606762302-300x200.jpg 300w, https:\/\/contextoanalisisperiodistico.com\/wp-content\/uploads\/2023\/06\/img-20230602-wa00521231013920606762302-768x512.jpg 768w, https:\/\/contextoanalisisperiodistico.com\/wp-content\/uploads\/2023\/06\/img-20230602-wa00521231013920606762302-1536x1023.jpg 1536w, https:\/\/contextoanalisisperiodistico.com\/wp-content\/uploads\/2023\/06\/img-20230602-wa00521231013920606762302.jpg 1600w\" sizes=\"(max-width: 1024px) 100vw, 1024px\" \/><\/figure>\n","protected":false},"excerpt":{"rendered":"<p>\u2022 A trav\u00e9s de un convenio entre la Setrao, SNEO y municipios de la entidad&#8230;<\/p>\n","protected":false},"author":4,"featured_media":14221,"comment_status":"closed","ping_status":"open","sticky":false,"template":"","format":"standard","meta":{"footnotes":""},"categories":[7],"tags":[],"jetpack_sharing_enabled":true,"featured_image_urls":{"full":["https:\/\/contextoanalisisperiodistico.com\/wp-content\/uploads\/2023\/06\/IMG-20230602-WA0053.jpg",1600,1066,false],"thumbnail":["https:\/\/contextoanalisisperiodistico.com\/wp-content\/uploads\/2023\/06\/IMG-20230602-WA0053-150x150.jpg",150,150,true],"medium":["https:\/\/contextoanalisisperiodistico.com\/wp-content\/uploads\/2023\/06\/IMG-20230602-WA0053-300x200.jpg",300,200,true],"medium_large":["https:\/\/contextoanalisisperiodistico.com\/wp-content\/uploads\/2023\/06\/IMG-20230602-WA0053-768x512.jpg",640,427,true],"large":["https:\/\/contextoanalisisperiodistico.com\/wp-content\/uploads\/2023\/06\/IMG-20230602-WA0053-1024x682.jpg",640,426,true],"1536x1536":["https:\/\/contextoanalisisperiodistico.com\/wp-content\/uploads\/2023\/06\/IMG-20230602-WA0053-1536x1023.jpg",1536,1023,true],"2048x2048":["https:\/\/contextoanalisisperiodistico.com\/wp-content\/uploads\/2023\/06\/IMG-20230602-WA0053.jpg",1600,1066,false],"covernews-slider-full":["https:\/\/contextoanalisisperiodistico.com\/wp-content\/uploads\/2023\/06\/IMG-20230602-WA0053-1115x715.jpg",1115,715,true],"covernews-slider-center":["https:\/\/contextoanalisisperiodistico.com\/wp-content\/uploads\/2023\/06\/IMG-20230602-WA0053-800x500.jpg",800,500,true],"covernews-featured":["https:\/\/contextoanalisisperiodistico.com\/wp-content\/uploads\/2023\/06\/IMG-20230602-WA0053-1024x682.jpg",1024,682,true],"covernews-medium":["https:\/\/contextoanalisisperiodistico.com\/wp-content\/uploads\/2023\/06\/IMG-20230602-WA0053-540x340.jpg",540,340,true],"covernews-medium-square":["https:\/\/contextoanalisisperiodistico.com\/wp-content\/uploads\/2023\/06\/IMG-20230602-WA0053-400x250.jpg",400,250,true]},"author_info":{"display_name":"Mario Gir\u00f3n","author_link":"https:\/\/contextoanalisisperiodistico.com\/index.php\/author\/director\/"},"category_info":"<a href=\"https:\/\/contextoanalisisperiodistico.com\/index.php\/category\/municipios\/\" rel=\"category tag\">Municipios<\/a>","tag_info":"Municipios","comment_count":"0","jetpack_featured_media_url":"https:\/\/contextoanalisisperiodistico.com\/wp-content\/uploads\/2023\/06\/IMG-20230602-WA0053.jpg","_links":{"self":[{"href":"https:\/\/contextoanalisisperiodistico.com\/index.php\/wp-json\/wp\/v2\/posts\/14220"}],"collection":[{"href":"https:\/\/contextoanalisisperiodistico.com\/index.php\/wp-json\/wp\/v2\/posts"}],"about":[{"href":"https:\/\/contextoanalisisperiodistico.com\/index.php\/wp-json\/wp\/v2\/types\/post"}],"author":[{"embeddable":true,"href":"https:\/\/contextoanalisisperiodistico.com\/index.php\/wp-json\/wp\/v2\/users\/4"}],"replies":[{"embeddable":true,"href":"https:\/\/contextoanalisisperiodistico.com\/index.php\/wp-json\/wp\/v2\/comments?post=14220"}],"version-history":[{"count":1,"href":"https:\/\/contextoanalisisperiodistico.com\/index.php\/wp-json\/wp\/v2\/posts\/14220\/revisions"}],"predecessor-version":[{"id":14224,"href":"https:\/\/contextoanalisisperiodistico.com\/index.php\/wp-json\/wp\/v2\/posts\/14220\/revisions\/14224"}],"wp:featuredmedia":[{"embeddable":true,"href":"https:\/\/contextoanalisisperiodistico.com\/index.php\/wp-json\/wp\/v2\/media\/14221"}],"wp:attachment":[{"href":"https:\/\/contextoanalisisperiodistico.com\/index.php\/wp-json\/wp\/v2\/media?parent=14220"}],"wp:term":[{"taxonomy":"category","embeddable":true,"href":"https:\/\/contextoanalisisperiodistico.com\/index.php\/wp-json\/wp\/v2\/categories?post=14220"},{"taxonomy":"post_tag","embeddable":true,"href":"https:\/\/contextoanalisisperiodistico.com\/index.php\/wp-json\/wp\/v2\/tags?post=14220"}],"curies":[{"name":"wp","href":"https:\/\/api.w.org\/{rel}","templated":true}]}}