{"id":14215,"date":"2023-06-02T11:28:48","date_gmt":"2023-06-02T17:28:48","guid":{"rendered":"https:\/\/contextoanalisisperiodistico.com\/?p=14215"},"modified":"2023-06-02T11:29:02","modified_gmt":"2023-06-02T17:29:02","slug":"a-favor-de-la-educacion-de-oaxaca-convenio-de-colaboracion-firman-cecyteo-y-uabjo","status":"publish","type":"post","link":"https:\/\/contextoanalisisperiodistico.com\/index.php\/2023\/06\/02\/a-favor-de-la-educacion-de-oaxaca-convenio-de-colaboracion-firman-cecyteo-y-uabjo\/","title":{"rendered":"A favor de la educaci\u00f3n de Oaxaca, convenio de colaboraci\u00f3n firman CECyTEO y UABJO"},"content":{"rendered":"<div id=\"fb-root\"><\/div>\n\n<p>\u2022 Se crear\u00e1n lazos interinstitucionales que fortalezcan la preparaci\u00f3n profesional del estudiantado para superar los rezagos educativos<\/p>\n\n\n\n<p>Oaxaca de Ju\u00e1rez, Oax. 2 de junio de 2023.- El Colegio de Estudios Cient\u00edficos y Tecnol\u00f3gicos del Estado de Oaxaca (CECyTEO) y la Universidad Aut\u00f3noma Benito Ju\u00e1rez de Oaxaca (UABJO) firmaron un convenio de colaboraci\u00f3n a favor del estudiantado de los niveles medio superior y superior.<\/p>\n\n\n\n<p>El principal objetivo de este acuerdo es crear lazos interinstitucionales que fortalezcan la preparaci\u00f3n profesional de las y los bachilleres del CECyTEO, as\u00ed como contribuir a superar los rezagos educativos y mejorar el nivel acad\u00e9mico de la instituci\u00f3n, se\u00f1al\u00f3 la directora general de este subsistema, Blanca Mart\u00ednez Guzm\u00e1n.<\/p>\n\n\n\n<p>Dijo que el trabajo en equipo entre la UABJO y el Colegio impulsar\u00e1 el desarrollo de proyectos conjuntos de capacitaci\u00f3n y asesoramiento; las acciones de fomento al emprendimiento y el pr\u00e9stamo de instalaciones para el desarrollo de actividades sociales, deportivas y culturales.<\/p>\n\n\n\n<p>El acceso al examen preferente de admisi\u00f3n a esta universidad es uno de los beneficios que tendr\u00e1 la comunidad del CECyTEO, una vez que las y los j\u00f3venes aspirantes cumplan con los requerimientos de la convocatoria; tambi\u00e9n se contar\u00e1 con la colaboraci\u00f3n en la capacitaci\u00f3n profesional, investigaci\u00f3n, extensi\u00f3n y difusi\u00f3n de la cultura, as\u00ed como en el desarrollo de pr\u00e1cticas profesionales y\/o servicio social del estudiantado.<\/p>\n\n\n\n<p>La firma de este documento fue establecida por la titular del CECyTEO y el rector de la Universidad Aut\u00f3noma Benito Ju\u00e1rez de Oaxaca, Cristian Eder Carre\u00f1o L\u00f3pez, ante la comunidad estudiantil del subsistema.<\/p>\n\n\n\n<p>Con estas acciones se respalda a los diversos sectores sociales de la entidad a fin de revertir la deuda hist\u00f3rica que existe con los pueblos oaxaque\u00f1os, principalmente con las mujeres, ni\u00f1as, ni\u00f1os, j\u00f3venes y comunidades ind\u00edgenas, tal y como lo establece el Gobernador Salom\u00f3n Jara Cruz.<\/p>\n\n\n\n<figure class=\"wp-block-image size-large\"><img fetchpriority=\"high\" decoding=\"async\" width=\"1024\" height=\"683\" src=\"https:\/\/contextoanalisisperiodistico.com\/wp-content\/uploads\/2023\/06\/img-20230602-wa0045334121364431792935-1024x683.jpg\" alt=\"\" class=\"wp-image-14218\" srcset=\"https:\/\/contextoanalisisperiodistico.com\/wp-content\/uploads\/2023\/06\/img-20230602-wa0045334121364431792935-1024x683.jpg 1024w, https:\/\/contextoanalisisperiodistico.com\/wp-content\/uploads\/2023\/06\/img-20230602-wa0045334121364431792935-300x200.jpg 300w, https:\/\/contextoanalisisperiodistico.com\/wp-content\/uploads\/2023\/06\/img-20230602-wa0045334121364431792935-768x512.jpg 768w, https:\/\/contextoanalisisperiodistico.com\/wp-content\/uploads\/2023\/06\/img-20230602-wa0045334121364431792935.jpg 1200w\" sizes=\"(max-width: 1024px) 100vw, 1024px\" \/><\/figure>\n\n\n\n<figure class=\"wp-block-image\"><img decoding=\"async\" width=\"1024\" height=\"683\" src=\"https:\/\/contextoanalisisperiodistico.com\/wp-content\/uploads\/2023\/06\/img-20230602-wa00436109903771994593502-1024x683.jpg\" alt=\"\" class=\"wp-image-14217\" srcset=\"https:\/\/contextoanalisisperiodistico.com\/wp-content\/uploads\/2023\/06\/img-20230602-wa00436109903771994593502-1024x683.jpg 1024w, https:\/\/contextoanalisisperiodistico.com\/wp-content\/uploads\/2023\/06\/img-20230602-wa00436109903771994593502-300x200.jpg 300w, https:\/\/contextoanalisisperiodistico.com\/wp-content\/uploads\/2023\/06\/img-20230602-wa00436109903771994593502-768x512.jpg 768w, https:\/\/contextoanalisisperiodistico.com\/wp-content\/uploads\/2023\/06\/img-20230602-wa00436109903771994593502.jpg 1200w\" sizes=\"(max-width: 1024px) 100vw, 1024px\" \/><\/figure>\n","protected":false},"excerpt":{"rendered":"<p>\u2022 Se crear\u00e1n lazos interinstitucionales que fortalezcan la preparaci\u00f3n profesional del estudiantado para superar los&#8230;<\/p>\n","protected":false},"author":4,"featured_media":14216,"comment_status":"closed","ping_status":"open","sticky":false,"template":"","format":"standard","meta":{"footnotes":""},"categories":[91],"tags":[],"jetpack_sharing_enabled":true,"featured_image_urls":{"full":["https:\/\/contextoanalisisperiodistico.com\/wp-content\/uploads\/2023\/06\/IMG-20230602-WA0046.jpg",1200,800,false],"thumbnail":["https:\/\/contextoanalisisperiodistico.com\/wp-content\/uploads\/2023\/06\/IMG-20230602-WA0046-150x150.jpg",150,150,true],"medium":["https:\/\/contextoanalisisperiodistico.com\/wp-content\/uploads\/2023\/06\/IMG-20230602-WA0046-300x200.jpg",300,200,true],"medium_large":["https:\/\/contextoanalisisperiodistico.com\/wp-content\/uploads\/2023\/06\/IMG-20230602-WA0046-768x512.jpg",640,427,true],"large":["https:\/\/contextoanalisisperiodistico.com\/wp-content\/uploads\/2023\/06\/IMG-20230602-WA0046-1024x683.jpg",640,427,true],"1536x1536":["https:\/\/contextoanalisisperiodistico.com\/wp-content\/uploads\/2023\/06\/IMG-20230602-WA0046.jpg",1200,800,false],"2048x2048":["https:\/\/contextoanalisisperiodistico.com\/wp-content\/uploads\/2023\/06\/IMG-20230602-WA0046.jpg",1200,800,false],"covernews-slider-full":["https:\/\/contextoanalisisperiodistico.com\/wp-content\/uploads\/2023\/06\/IMG-20230602-WA0046-1115x715.jpg",1115,715,true],"covernews-slider-center":["https:\/\/contextoanalisisperiodistico.com\/wp-content\/uploads\/2023\/06\/IMG-20230602-WA0046-800x500.jpg",800,500,true],"covernews-featured":["https:\/\/contextoanalisisperiodistico.com\/wp-content\/uploads\/2023\/06\/IMG-20230602-WA0046-1024x683.jpg",1024,683,true],"covernews-medium":["https:\/\/contextoanalisisperiodistico.com\/wp-content\/uploads\/2023\/06\/IMG-20230602-WA0046-540x340.jpg",540,340,true],"covernews-medium-square":["https:\/\/contextoanalisisperiodistico.com\/wp-content\/uploads\/2023\/06\/IMG-20230602-WA0046-400x250.jpg",400,250,true]},"author_info":{"display_name":"Mario Gir\u00f3n","author_link":"https:\/\/contextoanalisisperiodistico.com\/index.php\/author\/director\/"},"category_info":"<a href=\"https:\/\/contextoanalisisperiodistico.com\/index.php\/category\/educacion\/\" rel=\"category tag\">Educaci\u00f3n<\/a>","tag_info":"Educaci\u00f3n","comment_count":"0","jetpack_featured_media_url":"https:\/\/contextoanalisisperiodistico.com\/wp-content\/uploads\/2023\/06\/IMG-20230602-WA0046.jpg","_links":{"self":[{"href":"https:\/\/contextoanalisisperiodistico.com\/index.php\/wp-json\/wp\/v2\/posts\/14215"}],"collection":[{"href":"https:\/\/contextoanalisisperiodistico.com\/index.php\/wp-json\/wp\/v2\/posts"}],"about":[{"href":"https:\/\/contextoanalisisperiodistico.com\/index.php\/wp-json\/wp\/v2\/types\/post"}],"author":[{"embeddable":true,"href":"https:\/\/contextoanalisisperiodistico.com\/index.php\/wp-json\/wp\/v2\/users\/4"}],"replies":[{"embeddable":true,"href":"https:\/\/contextoanalisisperiodistico.com\/index.php\/wp-json\/wp\/v2\/comments?post=14215"}],"version-history":[{"count":1,"href":"https:\/\/contextoanalisisperiodistico.com\/index.php\/wp-json\/wp\/v2\/posts\/14215\/revisions"}],"predecessor-version":[{"id":14219,"href":"https:\/\/contextoanalisisperiodistico.com\/index.php\/wp-json\/wp\/v2\/posts\/14215\/revisions\/14219"}],"wp:featuredmedia":[{"embeddable":true,"href":"https:\/\/contextoanalisisperiodistico.com\/index.php\/wp-json\/wp\/v2\/media\/14216"}],"wp:attachment":[{"href":"https:\/\/contextoanalisisperiodistico.com\/index.php\/wp-json\/wp\/v2\/media?parent=14215"}],"wp:term":[{"taxonomy":"category","embeddable":true,"href":"https:\/\/contextoanalisisperiodistico.com\/index.php\/wp-json\/wp\/v2\/categories?post=14215"},{"taxonomy":"post_tag","embeddable":true,"href":"https:\/\/contextoanalisisperiodistico.com\/index.php\/wp-json\/wp\/v2\/tags?post=14215"}],"curies":[{"name":"wp","href":"https:\/\/api.w.org\/{rel}","templated":true}]}}