{"id":14197,"date":"2023-06-01T21:52:55","date_gmt":"2023-06-02T03:52:55","guid":{"rendered":"https:\/\/contextoanalisisperiodistico.com\/?p=14197"},"modified":"2023-06-01T21:53:06","modified_gmt":"2023-06-02T03:53:06","slug":"oaxaca-avanza-con-la-atencion-a-municipios-territorios-bienestar","status":"publish","type":"post","link":"https:\/\/contextoanalisisperiodistico.com\/index.php\/2023\/06\/01\/oaxaca-avanza-con-la-atencion-a-municipios-territorios-bienestar\/","title":{"rendered":"Oaxaca avanza con la Atenci\u00f3n a Municipios Territorios Bienestar"},"content":{"rendered":"<div id=\"fb-root\"><\/div>\n\n<p>\u2022 El Gobernador Salom\u00f3n Jara entreg\u00f3 m\u00e1s de 29 millones de pesos a trav\u00e9s de diversos apoyos para habitantes de San Juan \u00d1um\u00ed<\/p>\n\n\n\n<p>\u2022 En esta gira de trabajo por la regi\u00f3n Mixteca tambi\u00e9n benefici\u00f3 a los municipios de Santos Reyes Yucun\u00e1 y San Sim\u00f3n Zahuatl\u00e1n<\/p>\n\n\n\n<p>San Juan \u00d1um\u00ed, Oax. 1 de junio de 2023. Para avanzar en la ruta de la transformaci\u00f3n verdadera en Oaxaca, el Gobernador Salom\u00f3n Jara Cruz arrib\u00f3 a este municipio de la regi\u00f3n Mixteca para entregar diversos apoyos con una inversi\u00f3n superior a los 29 millones de pesos, como parte de la estrategia de Atenci\u00f3n a Municipios Territorios Bienestar encaminada a combatir el rezago social de 100 comunidades.<\/p>\n\n\n\n<p>En este que es el quinto municipio visitado por el Mandatario Estatal como parte de un nuevo modelo de planificaci\u00f3n y priorizaci\u00f3n de obras, expres\u00f3 que los programas y apoyos tienen el objetivo de contribuir al progreso, enmarcado en el Plan Estatal de Desarrollo 2022-2028 que se present\u00f3 hace unos d\u00edas y que es la hoja de ruta de su gobierno.<\/p>\n\n\n\n<p>\u00abVamos a trabajar a trav\u00e9s de la planeaci\u00f3n de obras encaminadas al desarrollo de las comunidades\u00bb, afirm\u00f3 ante habitantes de esta municipalidad, la tercera de su primer d\u00eda de gira en esta regi\u00f3n, en la que previamente visit\u00f3 los municipios de Santos Reyes Yucun\u00e1 y San Sim\u00f3n Zahuatl\u00e1n, donde tambi\u00e9n entreg\u00f3 apoyos por m\u00e1s de 10 millones de pesos.<\/p>\n\n\n\n<p>Salom\u00f3n Jara expres\u00f3 que en su gobierno no habr\u00e1 cabida a ocurrencias, ni se malgastar\u00e1n los recursos en proyectos que beneficien a solo unas cuantas personas, ya que el objetivo es que las obras generen un impacto en los pueblos, comunidades y regiones.<\/p>\n\n\n\n<p>Se\u00f1al\u00f3 que la entrega de estos apoyos, que contribuyen al fortalecimiento de la infraestructura educativa, de salud, vivienda, campo, entre otros, son la respuesta a las peticiones que se comprometi\u00f3 atender durante los Encuentros con Autoridades Municipales.<\/p>\n\n\n\n<p>\u00abEste es un gobierno que quiere que Oaxaca salga adelante, con sus pueblos, comunidades y de la mano de sus autoridades sin distinci\u00f3n alguna\u00bb, dijo, al tiempo de aseverar que la uni\u00f3n debe prevalecer entre todos los municipios para avanzar y alcanzar la meta de desarrollo trazada por su gobierno.<\/p>\n\n\n\n<p>De esta manera, expres\u00f3 que se trabaja para fortalecer la seguridad en esta zona, la cual es una de las demandas de la poblaci\u00f3n, y se continuar\u00e1 con el di\u00e1logo para llegar a un acuerdo de paz con el n\u00facleo agrario de Santo Domingo Yoso\u00f1ama, que contribuyan a la tranquilidad de la zona.<\/p>\n\n\n\n<p>Compromete apoyos de vivienda, electrificaci\u00f3n, salud y del campo para el desarrollo de las comunidades<\/p>\n\n\n\n<p>Ante las autoridades auxiliares de las 20 agencias que conforman este municipio, el Gobernador anunci\u00f3 que se destinar\u00e1n 15 millones de pesos en la pavimentaci\u00f3n de caminos a agencias municipales; as\u00ed como cinco millones 400 mil pesos en obras de electrificaci\u00f3n que han sido una de las principales demandas.<\/p>\n\n\n\n<p>Tambi\u00e9n, con una inversi\u00f3n de cuatro millones 731 mil pesos, se fortalecer\u00e1 al sector salud, y se realizar\u00e1n 100 acciones de vivienda que requerir\u00e1n un mill\u00f3n 500 mil pesos de inversi\u00f3n.<\/p>\n\n\n\n<p>Adelant\u00f3 que se apoyar\u00e1n a los centros educativos con mobiliario, a trav\u00e9s del Instituto Oaxaque\u00f1o Constructor de Infraestructura Educativa (Iocied), y que la inversi\u00f3n alcanzar\u00e1 los 700 mil pesos.<\/p>\n\n\n\n<p>Asimismo, a trav\u00e9s de la Secretar\u00eda de Fomento Agroalimentario y Desarrollo Rural (Sefader) se destinar\u00e1 un mill\u00f3n de pesos en apoyos para el fortalecimiento del campo, que incluyen semillas de ma\u00edz y frijol, hortalizas y aves de traspatio.<\/p>\n\n\n\n<p>En el marco del programa Topiles por la Paz que implementa el Gobierno de Oaxaca a trav\u00e9s del Secretariado Ejecutivo del Sistema Estatal de Seguridad P\u00fablica, se anunci\u00f3 el inicio del proceso correspondiente para garantizar la seguridad en esta poblaci\u00f3n.<\/p>\n\n\n\n<p>-0-<\/p>\n\n\n\n<figure class=\"wp-block-image size-large\"><img fetchpriority=\"high\" decoding=\"async\" width=\"1024\" height=\"682\" src=\"https:\/\/contextoanalisisperiodistico.com\/wp-content\/uploads\/2023\/06\/img-20230601-wa0134472561733179768543-1024x682.jpg\" alt=\"\" class=\"wp-image-14199\" srcset=\"https:\/\/contextoanalisisperiodistico.com\/wp-content\/uploads\/2023\/06\/img-20230601-wa0134472561733179768543-1024x682.jpg 1024w, https:\/\/contextoanalisisperiodistico.com\/wp-content\/uploads\/2023\/06\/img-20230601-wa0134472561733179768543-300x200.jpg 300w, https:\/\/contextoanalisisperiodistico.com\/wp-content\/uploads\/2023\/06\/img-20230601-wa0134472561733179768543-768x512.jpg 768w, https:\/\/contextoanalisisperiodistico.com\/wp-content\/uploads\/2023\/06\/img-20230601-wa0134472561733179768543-1536x1023.jpg 1536w, https:\/\/contextoanalisisperiodistico.com\/wp-content\/uploads\/2023\/06\/img-20230601-wa0134472561733179768543.jpg 1600w\" sizes=\"(max-width: 1024px) 100vw, 1024px\" \/><\/figure>\n\n\n\n<figure class=\"wp-block-image\"><img decoding=\"async\" width=\"1024\" height=\"682\" src=\"https:\/\/contextoanalisisperiodistico.com\/wp-content\/uploads\/2023\/06\/img-20230601-wa01332470770890700232332-1024x682.jpg\" alt=\"\" class=\"wp-image-14200\" srcset=\"https:\/\/contextoanalisisperiodistico.com\/wp-content\/uploads\/2023\/06\/img-20230601-wa01332470770890700232332-1024x682.jpg 1024w, https:\/\/contextoanalisisperiodistico.com\/wp-content\/uploads\/2023\/06\/img-20230601-wa01332470770890700232332-300x200.jpg 300w, https:\/\/contextoanalisisperiodistico.com\/wp-content\/uploads\/2023\/06\/img-20230601-wa01332470770890700232332-768x512.jpg 768w, https:\/\/contextoanalisisperiodistico.com\/wp-content\/uploads\/2023\/06\/img-20230601-wa01332470770890700232332-1536x1023.jpg 1536w, https:\/\/contextoanalisisperiodistico.com\/wp-content\/uploads\/2023\/06\/img-20230601-wa01332470770890700232332.jpg 1600w\" sizes=\"(max-width: 1024px) 100vw, 1024px\" \/><\/figure>\n","protected":false},"excerpt":{"rendered":"<p>\u2022 El Gobernador Salom\u00f3n Jara entreg\u00f3 m\u00e1s de 29 millones de pesos a trav\u00e9s de&#8230;<\/p>\n","protected":false},"author":4,"featured_media":14198,"comment_status":"closed","ping_status":"open","sticky":false,"template":"","format":"standard","meta":{"footnotes":""},"categories":[9],"tags":[],"jetpack_sharing_enabled":true,"featured_image_urls":{"full":["https:\/\/contextoanalisisperiodistico.com\/wp-content\/uploads\/2023\/06\/IMG-20230601-WA0136.jpg",1600,696,false],"thumbnail":["https:\/\/contextoanalisisperiodistico.com\/wp-content\/uploads\/2023\/06\/IMG-20230601-WA0136-150x150.jpg",150,150,true],"medium":["https:\/\/contextoanalisisperiodistico.com\/wp-content\/uploads\/2023\/06\/IMG-20230601-WA0136-300x131.jpg",300,131,true],"medium_large":["https:\/\/contextoanalisisperiodistico.com\/wp-content\/uploads\/2023\/06\/IMG-20230601-WA0136-768x334.jpg",640,278,true],"large":["https:\/\/contextoanalisisperiodistico.com\/wp-content\/uploads\/2023\/06\/IMG-20230601-WA0136-1024x445.jpg",640,278,true],"1536x1536":["https:\/\/contextoanalisisperiodistico.com\/wp-content\/uploads\/2023\/06\/IMG-20230601-WA0136-1536x668.jpg",1536,668,true],"2048x2048":["https:\/\/contextoanalisisperiodistico.com\/wp-content\/uploads\/2023\/06\/IMG-20230601-WA0136.jpg",1600,696,false],"covernews-slider-full":["https:\/\/contextoanalisisperiodistico.com\/wp-content\/uploads\/2023\/06\/IMG-20230601-WA0136-1115x696.jpg",1115,696,true],"covernews-slider-center":["https:\/\/contextoanalisisperiodistico.com\/wp-content\/uploads\/2023\/06\/IMG-20230601-WA0136-800x500.jpg",800,500,true],"covernews-featured":["https:\/\/contextoanalisisperiodistico.com\/wp-content\/uploads\/2023\/06\/IMG-20230601-WA0136-1024x445.jpg",1024,445,true],"covernews-medium":["https:\/\/contextoanalisisperiodistico.com\/wp-content\/uploads\/2023\/06\/IMG-20230601-WA0136-540x340.jpg",540,340,true],"covernews-medium-square":["https:\/\/contextoanalisisperiodistico.com\/wp-content\/uploads\/2023\/06\/IMG-20230601-WA0136-400x250.jpg",400,250,true]},"author_info":{"display_name":"Mario Gir\u00f3n","author_link":"https:\/\/contextoanalisisperiodistico.com\/index.php\/author\/director\/"},"category_info":"<a href=\"https:\/\/contextoanalisisperiodistico.com\/index.php\/category\/politica\/\" rel=\"category tag\">Pol\u00edtica<\/a>","tag_info":"Pol\u00edtica","comment_count":"0","jetpack_featured_media_url":"https:\/\/contextoanalisisperiodistico.com\/wp-content\/uploads\/2023\/06\/IMG-20230601-WA0136.jpg","_links":{"self":[{"href":"https:\/\/contextoanalisisperiodistico.com\/index.php\/wp-json\/wp\/v2\/posts\/14197"}],"collection":[{"href":"https:\/\/contextoanalisisperiodistico.com\/index.php\/wp-json\/wp\/v2\/posts"}],"about":[{"href":"https:\/\/contextoanalisisperiodistico.com\/index.php\/wp-json\/wp\/v2\/types\/post"}],"author":[{"embeddable":true,"href":"https:\/\/contextoanalisisperiodistico.com\/index.php\/wp-json\/wp\/v2\/users\/4"}],"replies":[{"embeddable":true,"href":"https:\/\/contextoanalisisperiodistico.com\/index.php\/wp-json\/wp\/v2\/comments?post=14197"}],"version-history":[{"count":1,"href":"https:\/\/contextoanalisisperiodistico.com\/index.php\/wp-json\/wp\/v2\/posts\/14197\/revisions"}],"predecessor-version":[{"id":14201,"href":"https:\/\/contextoanalisisperiodistico.com\/index.php\/wp-json\/wp\/v2\/posts\/14197\/revisions\/14201"}],"wp:featuredmedia":[{"embeddable":true,"href":"https:\/\/contextoanalisisperiodistico.com\/index.php\/wp-json\/wp\/v2\/media\/14198"}],"wp:attachment":[{"href":"https:\/\/contextoanalisisperiodistico.com\/index.php\/wp-json\/wp\/v2\/media?parent=14197"}],"wp:term":[{"taxonomy":"category","embeddable":true,"href":"https:\/\/contextoanalisisperiodistico.com\/index.php\/wp-json\/wp\/v2\/categories?post=14197"},{"taxonomy":"post_tag","embeddable":true,"href":"https:\/\/contextoanalisisperiodistico.com\/index.php\/wp-json\/wp\/v2\/tags?post=14197"}],"curies":[{"name":"wp","href":"https:\/\/api.w.org\/{rel}","templated":true}]}}