{"id":14189,"date":"2023-06-01T19:02:16","date_gmt":"2023-06-02T01:02:16","guid":{"rendered":"https:\/\/contextoanalisisperiodistico.com\/?p=14189"},"modified":"2023-06-01T19:02:31","modified_gmt":"2023-06-02T01:02:31","slug":"designan-nueva-titular-de-la-secretaria-municipal-oaxaca-de-juarez","status":"publish","type":"post","link":"https:\/\/contextoanalisisperiodistico.com\/index.php\/2023\/06\/01\/designan-nueva-titular-de-la-secretaria-municipal-oaxaca-de-juarez\/","title":{"rendered":"Designan nueva titular de la Secretar\u00eda Municipal Oaxaca de Ju\u00e1rez"},"content":{"rendered":"<div id=\"fb-root\"><\/div>\n\n<p>Oaxaca de Ju\u00e1rez, Oax., a 01 de junio de 2023.- La tarde de este jueves, en sesi\u00f3n extraordinaria de Cabildo, el presidente municipal, Francisco Mart\u00ednez Neri anunci\u00f3 el nombramiento de Edith Elena Rodr\u00edguez Escobar, como titular de la Secretar\u00eda Municipal, cargo previamente ocupado por Norma Iris Santiago Hern\u00e1ndez.<\/p>\n\n\n\n<p>Durante la sesi\u00f3n, el cuerpo colegiado aprob\u00f3 por unanimidad la propuesta presentada por el presidente municipal de nombrar a la nueva titular de la Secretar\u00eda Municipal, luego de la renuncia de Santiago Hern\u00e1ndez.<\/p>\n\n\n\n<p>En este sentido, el edil capitalino, tom\u00f3 protesta de ley a Edith Elena Rodr\u00edguez Escobar y le encomend\u00f3 la responsabilidad de liderar eficazmente las sesiones de trabajo, mantener una excelente relaci\u00f3n con las y los regidores, as\u00ed como con la s\u00edndico primero y el s\u00edndico segundo, as\u00ed como y garantizar la prestaci\u00f3n \u00f3ptima de los servicios que competen a la Secretar\u00eda Municipal, en beneficio de la ciudadan\u00eda.<\/p>\n\n\n\n<p>Rodr\u00edguez Escobar es licenciada en Derecho por la Universidad Aut\u00f3noma Benito Ju\u00e1rez de Oaxaca y ha ampliado su formaci\u00f3n mediante diversos diplomados en temas fiscales, juicios de amparo y derechos humanos. A partir de este d\u00eda, asume el cargo de secretaria municipal del municipio de Oaxaca de Ju\u00e1rez.<\/p>\n\n\n\n<p>Por su parte, el presidente municipal Mart\u00ednez Neri manifest\u00f3 sus mejores deseos y \u00e9xito para Norma Iris Santiago Hern\u00e1ndez, agradeci\u00e9ndole por su acompa\u00f1amiento durante el a\u00f1o y medio de gesti\u00f3n. \u00abMi sincero agradecimiento por su apoyo incondicional durante este periodo. Muchas gracias\u00bb, agreg\u00f3.<\/p>\n\n\n\n<p>El presidente municipal expres\u00f3 que conf\u00eda en que la designaci\u00f3n de Edith Elena Rodr\u00edguez Escobar fortalecer\u00e1 a\u00fan m\u00e1s el trabajo y los servicios brindados por la Secretar\u00eda Municipal, en aras de seguir impulsando el desarrollo y el bienestar de Oaxaca de Ju\u00e1rez.<\/p>\n\n\n\n<figure class=\"wp-block-image size-large\"><img fetchpriority=\"high\" decoding=\"async\" width=\"1024\" height=\"683\" src=\"https:\/\/contextoanalisisperiodistico.com\/wp-content\/uploads\/2023\/06\/img-20230601-wa01189072104478394795282-1024x683.jpg\" alt=\"\" class=\"wp-image-14191\" srcset=\"https:\/\/contextoanalisisperiodistico.com\/wp-content\/uploads\/2023\/06\/img-20230601-wa01189072104478394795282-1024x683.jpg 1024w, https:\/\/contextoanalisisperiodistico.com\/wp-content\/uploads\/2023\/06\/img-20230601-wa01189072104478394795282-300x200.jpg 300w, https:\/\/contextoanalisisperiodistico.com\/wp-content\/uploads\/2023\/06\/img-20230601-wa01189072104478394795282-768x512.jpg 768w, https:\/\/contextoanalisisperiodistico.com\/wp-content\/uploads\/2023\/06\/img-20230601-wa01189072104478394795282-1536x1024.jpg 1536w, https:\/\/contextoanalisisperiodistico.com\/wp-content\/uploads\/2023\/06\/img-20230601-wa01189072104478394795282.jpg 1600w\" sizes=\"(max-width: 1024px) 100vw, 1024px\" \/><\/figure>\n\n\n\n<figure class=\"wp-block-image\"><img decoding=\"async\" width=\"1024\" height=\"683\" src=\"https:\/\/contextoanalisisperiodistico.com\/wp-content\/uploads\/2023\/06\/img-20230601-wa01198937675749522577591-1024x683.jpg\" alt=\"\" class=\"wp-image-14192\" srcset=\"https:\/\/contextoanalisisperiodistico.com\/wp-content\/uploads\/2023\/06\/img-20230601-wa01198937675749522577591-1024x683.jpg 1024w, https:\/\/contextoanalisisperiodistico.com\/wp-content\/uploads\/2023\/06\/img-20230601-wa01198937675749522577591-300x200.jpg 300w, https:\/\/contextoanalisisperiodistico.com\/wp-content\/uploads\/2023\/06\/img-20230601-wa01198937675749522577591-768x512.jpg 768w, https:\/\/contextoanalisisperiodistico.com\/wp-content\/uploads\/2023\/06\/img-20230601-wa01198937675749522577591-1536x1024.jpg 1536w, https:\/\/contextoanalisisperiodistico.com\/wp-content\/uploads\/2023\/06\/img-20230601-wa01198937675749522577591.jpg 1600w\" sizes=\"(max-width: 1024px) 100vw, 1024px\" \/><\/figure>\n","protected":false},"excerpt":{"rendered":"<p>Oaxaca de Ju\u00e1rez, Oax., a 01 de junio de 2023.- La tarde de este jueves,&#8230;<\/p>\n","protected":false},"author":4,"featured_media":14190,"comment_status":"closed","ping_status":"open","sticky":false,"template":"","format":"standard","meta":{"footnotes":""},"categories":[9],"tags":[],"jetpack_sharing_enabled":true,"featured_image_urls":{"full":["https:\/\/contextoanalisisperiodistico.com\/wp-content\/uploads\/2023\/06\/IMG-20230601-WA0121.jpg",1600,989,false],"thumbnail":["https:\/\/contextoanalisisperiodistico.com\/wp-content\/uploads\/2023\/06\/IMG-20230601-WA0121-150x150.jpg",150,150,true],"medium":["https:\/\/contextoanalisisperiodistico.com\/wp-content\/uploads\/2023\/06\/IMG-20230601-WA0121-300x185.jpg",300,185,true],"medium_large":["https:\/\/contextoanalisisperiodistico.com\/wp-content\/uploads\/2023\/06\/IMG-20230601-WA0121-768x475.jpg",640,396,true],"large":["https:\/\/contextoanalisisperiodistico.com\/wp-content\/uploads\/2023\/06\/IMG-20230601-WA0121-1024x633.jpg",640,396,true],"1536x1536":["https:\/\/contextoanalisisperiodistico.com\/wp-content\/uploads\/2023\/06\/IMG-20230601-WA0121-1536x949.jpg",1536,949,true],"2048x2048":["https:\/\/contextoanalisisperiodistico.com\/wp-content\/uploads\/2023\/06\/IMG-20230601-WA0121.jpg",1600,989,false],"covernews-slider-full":["https:\/\/contextoanalisisperiodistico.com\/wp-content\/uploads\/2023\/06\/IMG-20230601-WA0121-1115x715.jpg",1115,715,true],"covernews-slider-center":["https:\/\/contextoanalisisperiodistico.com\/wp-content\/uploads\/2023\/06\/IMG-20230601-WA0121-800x500.jpg",800,500,true],"covernews-featured":["https:\/\/contextoanalisisperiodistico.com\/wp-content\/uploads\/2023\/06\/IMG-20230601-WA0121-1024x633.jpg",1024,633,true],"covernews-medium":["https:\/\/contextoanalisisperiodistico.com\/wp-content\/uploads\/2023\/06\/IMG-20230601-WA0121-540x340.jpg",540,340,true],"covernews-medium-square":["https:\/\/contextoanalisisperiodistico.com\/wp-content\/uploads\/2023\/06\/IMG-20230601-WA0121-400x250.jpg",400,250,true]},"author_info":{"display_name":"Mario Gir\u00f3n","author_link":"https:\/\/contextoanalisisperiodistico.com\/index.php\/author\/director\/"},"category_info":"<a href=\"https:\/\/contextoanalisisperiodistico.com\/index.php\/category\/politica\/\" rel=\"category tag\">Pol\u00edtica<\/a>","tag_info":"Pol\u00edtica","comment_count":"0","jetpack_featured_media_url":"https:\/\/contextoanalisisperiodistico.com\/wp-content\/uploads\/2023\/06\/IMG-20230601-WA0121.jpg","_links":{"self":[{"href":"https:\/\/contextoanalisisperiodistico.com\/index.php\/wp-json\/wp\/v2\/posts\/14189"}],"collection":[{"href":"https:\/\/contextoanalisisperiodistico.com\/index.php\/wp-json\/wp\/v2\/posts"}],"about":[{"href":"https:\/\/contextoanalisisperiodistico.com\/index.php\/wp-json\/wp\/v2\/types\/post"}],"author":[{"embeddable":true,"href":"https:\/\/contextoanalisisperiodistico.com\/index.php\/wp-json\/wp\/v2\/users\/4"}],"replies":[{"embeddable":true,"href":"https:\/\/contextoanalisisperiodistico.com\/index.php\/wp-json\/wp\/v2\/comments?post=14189"}],"version-history":[{"count":1,"href":"https:\/\/contextoanalisisperiodistico.com\/index.php\/wp-json\/wp\/v2\/posts\/14189\/revisions"}],"predecessor-version":[{"id":14193,"href":"https:\/\/contextoanalisisperiodistico.com\/index.php\/wp-json\/wp\/v2\/posts\/14189\/revisions\/14193"}],"wp:featuredmedia":[{"embeddable":true,"href":"https:\/\/contextoanalisisperiodistico.com\/index.php\/wp-json\/wp\/v2\/media\/14190"}],"wp:attachment":[{"href":"https:\/\/contextoanalisisperiodistico.com\/index.php\/wp-json\/wp\/v2\/media?parent=14189"}],"wp:term":[{"taxonomy":"category","embeddable":true,"href":"https:\/\/contextoanalisisperiodistico.com\/index.php\/wp-json\/wp\/v2\/categories?post=14189"},{"taxonomy":"post_tag","embeddable":true,"href":"https:\/\/contextoanalisisperiodistico.com\/index.php\/wp-json\/wp\/v2\/tags?post=14189"}],"curies":[{"name":"wp","href":"https:\/\/api.w.org\/{rel}","templated":true}]}}