{"id":14157,"date":"2023-06-01T12:27:29","date_gmt":"2023-06-01T18:27:29","guid":{"rendered":"https:\/\/contextoanalisisperiodistico.com\/?p=14157"},"modified":"2023-06-01T12:27:41","modified_gmt":"2023-06-01T18:27:41","slug":"digepo-e-itvo-acuerdan-colaboracion-academica-y-cientifica","status":"publish","type":"post","link":"https:\/\/contextoanalisisperiodistico.com\/index.php\/2023\/06\/01\/digepo-e-itvo-acuerdan-colaboracion-academica-y-cientifica\/","title":{"rendered":"Digepo e ITVO acuerdan colaboraci\u00f3n acad\u00e9mica y cient\u00edfica"},"content":{"rendered":"<div id=\"fb-root\"><\/div>\n\n<p>\u2022 Firmaron un convenio para impulsar en conjunto el desarrollo, la formaci\u00f3n y especializaci\u00f3n de recursos humanos, as\u00ed como investigaciones en los \u00e1mbitos tecnol\u00f3gico y acad\u00e9mico<\/p>\n\n\n\n<p>Santa Cruz Xoxocotl\u00e1n, Oax. 1 de junio de 2023.- La Direcci\u00f3n General de Poblaci\u00f3n de Oaxaca (Digepo) y el Instituto Tecnol\u00f3gico del Valle de Oaxaca (ITVO) firmaron un convenio marco de colaboraci\u00f3n en materia acad\u00e9mica, cient\u00edfica y tecnol\u00f3gica para la vinculaci\u00f3n del estudiantado en diversas \u00e1reas de desarrollo.<br>El convenio permitir\u00e1 que ambas instituciones realicen actividades en conjunto para impulsar el desarrollo, la formaci\u00f3n y especializaci\u00f3n de recursos humanos, as\u00ed como investigaciones en los \u00e1mbitos tecnol\u00f3gico y acad\u00e9mico, el intercambio de informaci\u00f3n, asesor\u00eda t\u00e9cnica y publicaciones en los campos afines y de inter\u00e9s para ambas instituciones.<br>En el acto de la firma del convenio en las instalaciones del ITVO, el titular de la Digepo Carlos Alberto Holder G\u00f3mez destac\u00f3 la importancia de fortalecer los lazos institucionales y abrir espacios a las y los estudiantes para que tengan un primer acercamiento en el \u00e1mbito laboral al realizar sus residencias profesionales en la dependencia.<br>Reconoci\u00f3 tambi\u00e9n la importancia de la contribuci\u00f3n de estudiantes y egresados del Instituto que han colaborado en el desarrollo de diversos productos digitales realizados en la dependencia.<br>Destac\u00f3 que las y los estudiantes han aportado sus conocimientos, talentos y profesionalismo en diversas \u00e1reas, por lo que les invit\u00f3 a continuar con el intercambio de informaci\u00f3n y conocimientos en beneficio mutuo de las instituciones.<br>Por su parte, el subdirector de Planeaci\u00f3n y Vinculaci\u00f3n del ITVO No\u00e9 Guti\u00e9rrez Osorno reconoci\u00f3 la importancia de esta alianza en el desarrollo de proyectos tecnol\u00f3gicos, acad\u00e9micos y cient\u00edficos orientados al desarrollo poblacional, econ\u00f3mico y social del estado, as\u00ed como en la formaci\u00f3n de sus estudiantes a trav\u00e9s de su integraci\u00f3n en los proyectos a favor de la poblaci\u00f3n oaxaque\u00f1a.<br>El estudiantado del ITVO mostr\u00f3 al personal directivo de la Digepo algunos de los proyectos que se realizan en sus instalaciones como la Unidad de manejo ambiental o su Pabell\u00f3n de las Orqu\u00eddeas.<br>El Instituto ofrece estudios en la licenciatura en Biolog\u00eda, las ingenier\u00edas en Tecnolog\u00edas de la Informaci\u00f3n y Comunicaciones, Inform\u00e1tica, Forestal, maestr\u00eda en Ciencias en Biolog\u00eda, en Ciencias, y el Programa de Maestr\u00eda en Ciencias en Productividad en Agroecosistemas, entre otras.<\/p>\n\n\n\n<figure class=\"wp-block-image size-large\"><img fetchpriority=\"high\" decoding=\"async\" width=\"1024\" height=\"682\" src=\"https:\/\/contextoanalisisperiodistico.com\/wp-content\/uploads\/2023\/06\/img-20230601-wa0020911190179316678991-1024x682.jpg\" alt=\"\" class=\"wp-image-14159\" srcset=\"https:\/\/contextoanalisisperiodistico.com\/wp-content\/uploads\/2023\/06\/img-20230601-wa0020911190179316678991-1024x682.jpg 1024w, https:\/\/contextoanalisisperiodistico.com\/wp-content\/uploads\/2023\/06\/img-20230601-wa0020911190179316678991-300x200.jpg 300w, https:\/\/contextoanalisisperiodistico.com\/wp-content\/uploads\/2023\/06\/img-20230601-wa0020911190179316678991-768x512.jpg 768w, https:\/\/contextoanalisisperiodistico.com\/wp-content\/uploads\/2023\/06\/img-20230601-wa0020911190179316678991-1536x1023.jpg 1536w, https:\/\/contextoanalisisperiodistico.com\/wp-content\/uploads\/2023\/06\/img-20230601-wa0020911190179316678991.jpg 1600w\" sizes=\"(max-width: 1024px) 100vw, 1024px\" \/><\/figure>\n\n\n\n<figure class=\"wp-block-image\"><img decoding=\"async\" width=\"1024\" height=\"682\" src=\"https:\/\/contextoanalisisperiodistico.com\/wp-content\/uploads\/2023\/06\/img-20230601-wa0022775202353590781175-1024x682.jpg\" alt=\"\" class=\"wp-image-14160\" srcset=\"https:\/\/contextoanalisisperiodistico.com\/wp-content\/uploads\/2023\/06\/img-20230601-wa0022775202353590781175-1024x682.jpg 1024w, https:\/\/contextoanalisisperiodistico.com\/wp-content\/uploads\/2023\/06\/img-20230601-wa0022775202353590781175-300x200.jpg 300w, https:\/\/contextoanalisisperiodistico.com\/wp-content\/uploads\/2023\/06\/img-20230601-wa0022775202353590781175-768x512.jpg 768w, https:\/\/contextoanalisisperiodistico.com\/wp-content\/uploads\/2023\/06\/img-20230601-wa0022775202353590781175-1536x1023.jpg 1536w, https:\/\/contextoanalisisperiodistico.com\/wp-content\/uploads\/2023\/06\/img-20230601-wa0022775202353590781175.jpg 1600w\" sizes=\"(max-width: 1024px) 100vw, 1024px\" \/><\/figure>\n","protected":false},"excerpt":{"rendered":"<p>\u2022 Firmaron un convenio para impulsar en conjunto el desarrollo, la formaci\u00f3n y especializaci\u00f3n de&#8230;<\/p>\n","protected":false},"author":4,"featured_media":14158,"comment_status":"closed","ping_status":"open","sticky":false,"template":"","format":"standard","meta":{"footnotes":""},"categories":[7],"tags":[],"jetpack_sharing_enabled":true,"featured_image_urls":{"full":["https:\/\/contextoanalisisperiodistico.com\/wp-content\/uploads\/2023\/06\/IMG-20230601-WA0021.jpg",1600,1066,false],"thumbnail":["https:\/\/contextoanalisisperiodistico.com\/wp-content\/uploads\/2023\/06\/IMG-20230601-WA0021-150x150.jpg",150,150,true],"medium":["https:\/\/contextoanalisisperiodistico.com\/wp-content\/uploads\/2023\/06\/IMG-20230601-WA0021-300x200.jpg",300,200,true],"medium_large":["https:\/\/contextoanalisisperiodistico.com\/wp-content\/uploads\/2023\/06\/IMG-20230601-WA0021-768x512.jpg",640,427,true],"large":["https:\/\/contextoanalisisperiodistico.com\/wp-content\/uploads\/2023\/06\/IMG-20230601-WA0021-1024x682.jpg",640,426,true],"1536x1536":["https:\/\/contextoanalisisperiodistico.com\/wp-content\/uploads\/2023\/06\/IMG-20230601-WA0021-1536x1023.jpg",1536,1023,true],"2048x2048":["https:\/\/contextoanalisisperiodistico.com\/wp-content\/uploads\/2023\/06\/IMG-20230601-WA0021.jpg",1600,1066,false],"covernews-slider-full":["https:\/\/contextoanalisisperiodistico.com\/wp-content\/uploads\/2023\/06\/IMG-20230601-WA0021-1115x715.jpg",1115,715,true],"covernews-slider-center":["https:\/\/contextoanalisisperiodistico.com\/wp-content\/uploads\/2023\/06\/IMG-20230601-WA0021-800x500.jpg",800,500,true],"covernews-featured":["https:\/\/contextoanalisisperiodistico.com\/wp-content\/uploads\/2023\/06\/IMG-20230601-WA0021-1024x682.jpg",1024,682,true],"covernews-medium":["https:\/\/contextoanalisisperiodistico.com\/wp-content\/uploads\/2023\/06\/IMG-20230601-WA0021-540x340.jpg",540,340,true],"covernews-medium-square":["https:\/\/contextoanalisisperiodistico.com\/wp-content\/uploads\/2023\/06\/IMG-20230601-WA0021-400x250.jpg",400,250,true]},"author_info":{"display_name":"Mario Gir\u00f3n","author_link":"https:\/\/contextoanalisisperiodistico.com\/index.php\/author\/director\/"},"category_info":"<a href=\"https:\/\/contextoanalisisperiodistico.com\/index.php\/category\/municipios\/\" rel=\"category tag\">Municipios<\/a>","tag_info":"Municipios","comment_count":"0","jetpack_featured_media_url":"https:\/\/contextoanalisisperiodistico.com\/wp-content\/uploads\/2023\/06\/IMG-20230601-WA0021.jpg","_links":{"self":[{"href":"https:\/\/contextoanalisisperiodistico.com\/index.php\/wp-json\/wp\/v2\/posts\/14157"}],"collection":[{"href":"https:\/\/contextoanalisisperiodistico.com\/index.php\/wp-json\/wp\/v2\/posts"}],"about":[{"href":"https:\/\/contextoanalisisperiodistico.com\/index.php\/wp-json\/wp\/v2\/types\/post"}],"author":[{"embeddable":true,"href":"https:\/\/contextoanalisisperiodistico.com\/index.php\/wp-json\/wp\/v2\/users\/4"}],"replies":[{"embeddable":true,"href":"https:\/\/contextoanalisisperiodistico.com\/index.php\/wp-json\/wp\/v2\/comments?post=14157"}],"version-history":[{"count":1,"href":"https:\/\/contextoanalisisperiodistico.com\/index.php\/wp-json\/wp\/v2\/posts\/14157\/revisions"}],"predecessor-version":[{"id":14161,"href":"https:\/\/contextoanalisisperiodistico.com\/index.php\/wp-json\/wp\/v2\/posts\/14157\/revisions\/14161"}],"wp:featuredmedia":[{"embeddable":true,"href":"https:\/\/contextoanalisisperiodistico.com\/index.php\/wp-json\/wp\/v2\/media\/14158"}],"wp:attachment":[{"href":"https:\/\/contextoanalisisperiodistico.com\/index.php\/wp-json\/wp\/v2\/media?parent=14157"}],"wp:term":[{"taxonomy":"category","embeddable":true,"href":"https:\/\/contextoanalisisperiodistico.com\/index.php\/wp-json\/wp\/v2\/categories?post=14157"},{"taxonomy":"post_tag","embeddable":true,"href":"https:\/\/contextoanalisisperiodistico.com\/index.php\/wp-json\/wp\/v2\/tags?post=14157"}],"curies":[{"name":"wp","href":"https:\/\/api.w.org\/{rel}","templated":true}]}}