{"id":14142,"date":"2023-06-01T01:17:46","date_gmt":"2023-06-01T07:17:46","guid":{"rendered":"https:\/\/contextoanalisisperiodistico.com\/?p=14142"},"modified":"2023-06-01T01:17:59","modified_gmt":"2023-06-01T07:17:59","slug":"otorgan-creditos-a-micro-pequenas-y-medianas-empresas-de-san-juan-cotzocon","status":"publish","type":"post","link":"https:\/\/contextoanalisisperiodistico.com\/index.php\/2023\/06\/01\/otorgan-creditos-a-micro-pequenas-y-medianas-empresas-de-san-juan-cotzocon\/","title":{"rendered":"Otorgan cr\u00e9ditos a micro, peque\u00f1as y medianas empresas de San Juan Cotzoc\u00f3n"},"content":{"rendered":"<div id=\"fb-root\"><\/div>\n\n<p>\u2022 Con una bolsa de 70 mil pesos se respalda a 10 unidades econ\u00f3micas para impulsar su desarrollo<\/p>\n\n\n\n<p>San Juan Cotzoc\u00f3n Oax., 31 de mayo de 2023.- Para fortalecer la actividad comercial de las micro, peque\u00f1as y medianas empresas del municipio de San Juan Cotzoc\u00f3n, el Fideicomiso de Fomento para el Estado de Oaxaca (Fifeo) dispers\u00f3 una bolsa de 70 mil pesos para respaldar a 10 unidades econ\u00f3micas con financiamientos a tasas preferenciales e impulsar su desarrollo.<\/p>\n\n\n\n<p>Bajo el principio de que nadie se quede atr\u00e1s ni nadie se quede fuera, establecido por el Gobernador Salom\u00f3n Jara Cruz se respalda a este sector comercial de este municipio ubicado en la zona Mixe.<\/p>\n\n\n\n<p>Por ello se entregaron 10 microcr\u00e9ditos de 7 mil pesos cada uno para fortalecer las unidades econ\u00f3micas de esta comunidad enclavada en la Sierra de Ju\u00e1rez con el fin de contribuir en el desarrollo econ\u00f3mico y social de la zona, generar un flujo financiero y mejorar la calidad de vida de las personas.<\/p>\n\n\n\n<p>El Fifeo inform\u00f3 que con esta entrega se cierra el mes de mayo con una bolsa dispersada de 420 mil pesos para respaldar a micros, peque\u00f1as y medianas empresas de la entidad.<\/p>\n\n\n\n<p>Expuso que se atienden todas las solicitudes que llegan al Fideicomiso mediante un proceso transparente y equitativo, apegado a lo establecido a la norma para beneficiar a m\u00e1s a oaxaque\u00f1as y oaxaque\u00f1os que se dedican a esta actividad.<\/p>\n\n\n\n<p>De esta manera se invit\u00f3 a quienes han obtenido un financiamiento, mantener un buen historial crediticio en el Fideicomiso con el fin de que sus cr\u00e9ditos sean renovables y se eval\u00faen los saldos para que contin\u00faen con este beneficio y de esta formar contribuir al desarrollo integral y sustentable de las ocho regiones del estado.<\/p>\n\n\n\n<figure class=\"wp-block-image size-large\"><img fetchpriority=\"high\" decoding=\"async\" width=\"768\" height=\"1024\" src=\"https:\/\/contextoanalisisperiodistico.com\/wp-content\/uploads\/2023\/06\/img-20230531-wa01285381304040278164307.jpg\" alt=\"\" class=\"wp-image-14144\" srcset=\"https:\/\/contextoanalisisperiodistico.com\/wp-content\/uploads\/2023\/06\/img-20230531-wa01285381304040278164307.jpg 768w, https:\/\/contextoanalisisperiodistico.com\/wp-content\/uploads\/2023\/06\/img-20230531-wa01285381304040278164307-225x300.jpg 225w\" sizes=\"(max-width: 768px) 100vw, 768px\" \/><\/figure>\n\n\n\n<figure class=\"wp-block-image\"><img decoding=\"async\" width=\"300\" height=\"225\" src=\"https:\/\/contextoanalisisperiodistico.com\/wp-content\/uploads\/2023\/06\/img-20230531-wa01266267422471607448499-300x225.jpg\" alt=\"\" class=\"wp-image-14145\" srcset=\"https:\/\/contextoanalisisperiodistico.com\/wp-content\/uploads\/2023\/06\/img-20230531-wa01266267422471607448499-300x225.jpg 300w, https:\/\/contextoanalisisperiodistico.com\/wp-content\/uploads\/2023\/06\/img-20230531-wa01266267422471607448499-768x576.jpg 768w, https:\/\/contextoanalisisperiodistico.com\/wp-content\/uploads\/2023\/06\/img-20230531-wa01266267422471607448499.jpg 1024w\" sizes=\"(max-width: 300px) 100vw, 300px\" \/><\/figure>\n","protected":false},"excerpt":{"rendered":"<p>\u2022 Con una bolsa de 70 mil pesos se respalda a 10 unidades econ\u00f3micas para&#8230;<\/p>\n","protected":false},"author":4,"featured_media":14143,"comment_status":"closed","ping_status":"open","sticky":false,"template":"","format":"standard","meta":{"footnotes":""},"categories":[9],"tags":[],"jetpack_sharing_enabled":true,"featured_image_urls":{"full":["https:\/\/contextoanalisisperiodistico.com\/wp-content\/uploads\/2023\/06\/IMG-20230531-WA0127.jpg",768,1024,false],"thumbnail":["https:\/\/contextoanalisisperiodistico.com\/wp-content\/uploads\/2023\/06\/IMG-20230531-WA0127-150x150.jpg",150,150,true],"medium":["https:\/\/contextoanalisisperiodistico.com\/wp-content\/uploads\/2023\/06\/IMG-20230531-WA0127-225x300.jpg",225,300,true],"medium_large":["https:\/\/contextoanalisisperiodistico.com\/wp-content\/uploads\/2023\/06\/IMG-20230531-WA0127.jpg",640,853,false],"large":["https:\/\/contextoanalisisperiodistico.com\/wp-content\/uploads\/2023\/06\/IMG-20230531-WA0127.jpg",640,853,false],"1536x1536":["https:\/\/contextoanalisisperiodistico.com\/wp-content\/uploads\/2023\/06\/IMG-20230531-WA0127.jpg",768,1024,false],"2048x2048":["https:\/\/contextoanalisisperiodistico.com\/wp-content\/uploads\/2023\/06\/IMG-20230531-WA0127.jpg",768,1024,false],"covernews-slider-full":["https:\/\/contextoanalisisperiodistico.com\/wp-content\/uploads\/2023\/06\/IMG-20230531-WA0127-768x715.jpg",768,715,true],"covernews-slider-center":["https:\/\/contextoanalisisperiodistico.com\/wp-content\/uploads\/2023\/06\/IMG-20230531-WA0127-768x500.jpg",768,500,true],"covernews-featured":["https:\/\/contextoanalisisperiodistico.com\/wp-content\/uploads\/2023\/06\/IMG-20230531-WA0127.jpg",768,1024,false],"covernews-medium":["https:\/\/contextoanalisisperiodistico.com\/wp-content\/uploads\/2023\/06\/IMG-20230531-WA0127-540x340.jpg",540,340,true],"covernews-medium-square":["https:\/\/contextoanalisisperiodistico.com\/wp-content\/uploads\/2023\/06\/IMG-20230531-WA0127-400x250.jpg",400,250,true]},"author_info":{"display_name":"Mario Gir\u00f3n","author_link":"https:\/\/contextoanalisisperiodistico.com\/index.php\/author\/director\/"},"category_info":"<a href=\"https:\/\/contextoanalisisperiodistico.com\/index.php\/category\/politica\/\" rel=\"category tag\">Pol\u00edtica<\/a>","tag_info":"Pol\u00edtica","comment_count":"0","jetpack_featured_media_url":"https:\/\/contextoanalisisperiodistico.com\/wp-content\/uploads\/2023\/06\/IMG-20230531-WA0127.jpg","_links":{"self":[{"href":"https:\/\/contextoanalisisperiodistico.com\/index.php\/wp-json\/wp\/v2\/posts\/14142"}],"collection":[{"href":"https:\/\/contextoanalisisperiodistico.com\/index.php\/wp-json\/wp\/v2\/posts"}],"about":[{"href":"https:\/\/contextoanalisisperiodistico.com\/index.php\/wp-json\/wp\/v2\/types\/post"}],"author":[{"embeddable":true,"href":"https:\/\/contextoanalisisperiodistico.com\/index.php\/wp-json\/wp\/v2\/users\/4"}],"replies":[{"embeddable":true,"href":"https:\/\/contextoanalisisperiodistico.com\/index.php\/wp-json\/wp\/v2\/comments?post=14142"}],"version-history":[{"count":1,"href":"https:\/\/contextoanalisisperiodistico.com\/index.php\/wp-json\/wp\/v2\/posts\/14142\/revisions"}],"predecessor-version":[{"id":14146,"href":"https:\/\/contextoanalisisperiodistico.com\/index.php\/wp-json\/wp\/v2\/posts\/14142\/revisions\/14146"}],"wp:featuredmedia":[{"embeddable":true,"href":"https:\/\/contextoanalisisperiodistico.com\/index.php\/wp-json\/wp\/v2\/media\/14143"}],"wp:attachment":[{"href":"https:\/\/contextoanalisisperiodistico.com\/index.php\/wp-json\/wp\/v2\/media?parent=14142"}],"wp:term":[{"taxonomy":"category","embeddable":true,"href":"https:\/\/contextoanalisisperiodistico.com\/index.php\/wp-json\/wp\/v2\/categories?post=14142"},{"taxonomy":"post_tag","embeddable":true,"href":"https:\/\/contextoanalisisperiodistico.com\/index.php\/wp-json\/wp\/v2\/tags?post=14142"}],"curies":[{"name":"wp","href":"https:\/\/api.w.org\/{rel}","templated":true}]}}