{"id":14123,"date":"2023-05-31T13:24:44","date_gmt":"2023-05-31T19:24:44","guid":{"rendered":"https:\/\/contextoanalisisperiodistico.com\/?p=14123"},"modified":"2023-05-31T13:24:54","modified_gmt":"2023-05-31T19:24:54","slug":"con-arte-y-cultura-fortalece-sspc-el-modelo-integral-de-reinsercion-social","status":"publish","type":"post","link":"https:\/\/contextoanalisisperiodistico.com\/index.php\/2023\/05\/31\/con-arte-y-cultura-fortalece-sspc-el-modelo-integral-de-reinsercion-social\/","title":{"rendered":"Con arte y cultura fortalece SSPC el Modelo Integral de Reinserci\u00f3n Social"},"content":{"rendered":"<div id=\"fb-root\"><\/div>\n\n<p>*Con la participaci\u00f3n de Adolescentes Privados de su Libertad y la banda de m\u00fasica del Instituto Intercultural Calm\u00e9cac se realiz\u00f3 un concierto en la DEMA<br \/>*Estas acciones se llevan a cabo para fomentar la cultura de la paz y no violencia<\/p>\n\n\n\n<p>Oaxaca de Ju\u00e1rez, Oax. 31 de mayo de 2023.- La Secretar\u00eda de Seguridad y Protecci\u00f3n Ciudadana (SSPC), en coordinaci\u00f3n con el Secretariado Ejecutivo del Sistema Estatal de Seguridad P\u00fablica (SESESP) presentaron un concierto en la Direcci\u00f3n de Ejecuci\u00f3n de Medidas para Adolescentes (DEMA) en el marco del Martes Cultural con la participaci\u00f3n de Adolescentes Privados de su Libertad y la banda de m\u00fasica del Instituto Intercultural Calm\u00e9cac.<\/p>\n\n\n\n<p>A trav\u00e9s de la Subsecretar\u00eda de Prevenci\u00f3n y Reinserci\u00f3n Social de la SSPC y como parte del programa Somos Comunidad Arte y Cultura se llevan a cabo estas actividades que se enmarcan en las pol\u00edticas p\u00fablicas de la administraci\u00f3n estatal que encabeza el Gobernador Salom\u00f3n Jara Cruz para fomentar la cultura de la paz y no violencia, as\u00ed como del Modelo Integral de Reinserci\u00f3n Social.<\/p>\n\n\n\n<p>Con ello se busca una adecuada integraci\u00f3n social a trav\u00e9s de actividades art\u00edsticas en la Direcci\u00f3n de Ejecuci\u00f3n de Medidas para Adolescentes, as\u00ed como en el Centro Penitenciario Tanivet Femenil y en el Centro Penitenciario Especializado en Pacientes Psiqui\u00e1tricos.<\/p>\n\n\n\n<p>En este sentido, durante este Martes Cultural, las y los Adolescentes Privados de su Libertad de la DEMA presentaron recitales, resultado de los diferentes talleres que se imparten, quienes demostraron las diferentes t\u00e9cnicas que aprendieron como son solfeo, r\u00edtmica, canto, aliento y la ejecuci\u00f3n de instrumentos musicales, con lo que se fortalecen sus valores y el desarrollo de su talento y destreza en la ejecuci\u00f3n de este arte.<\/p>\n\n\n\n<p>Durante las interpretaciones se narraron las historias de cada canci\u00f3n y sus autores, convirti\u00e9ndose este recital en una clase de apreciaci\u00f3n musical, dado que la cultura es una herramienta importante en el proceso de reinserci\u00f3n social.<\/p>\n\n\n\n<p>Con estas acciones, la SSPC contin\u00faa trabajando en coordinaci\u00f3n con diferentes instituciones con la finalidad de fortalecer el Sistema Penitenciario Estatal para la ejecuci\u00f3n de programas estrat\u00e9gicos como parte de la estrategia del Nuevo Pacto Social, en que el arte y la cultura sean instrumentos de la reinserci\u00f3n social en el estado.<\/p>\n\n\n\n<p>En esta presentaci\u00f3n asisti\u00f3 el titular de la SSPC, Iv\u00e1n Garc\u00eda \u00c1lvarez; la titular del Secretariado Ejecutivo del Sistema Estatal de Seguridad P\u00fablica (SESESP), Karina Bar\u00f3n Ortiz; el subsecretario de Prevenci\u00f3n y Reinserci\u00f3n Social, Roberto Claudio Castillo Ram\u00edrez; la directora de la Direcci\u00f3n de Ejecuci\u00f3n de Medidas para Adolescentes, Karla Garc\u00e9s S\u00e1nchez.<\/p>\n\n\n\n<figure class=\"wp-block-image size-large\"><img fetchpriority=\"high\" decoding=\"async\" width=\"1024\" height=\"634\" src=\"https:\/\/contextoanalisisperiodistico.com\/wp-content\/uploads\/2023\/05\/img-20230531-wa00682994130791828547537-1024x634.jpg\" alt=\"\" class=\"wp-image-14126\" srcset=\"https:\/\/contextoanalisisperiodistico.com\/wp-content\/uploads\/2023\/05\/img-20230531-wa00682994130791828547537-1024x634.jpg 1024w, https:\/\/contextoanalisisperiodistico.com\/wp-content\/uploads\/2023\/05\/img-20230531-wa00682994130791828547537-300x186.jpg 300w, https:\/\/contextoanalisisperiodistico.com\/wp-content\/uploads\/2023\/05\/img-20230531-wa00682994130791828547537-768x476.jpg 768w, https:\/\/contextoanalisisperiodistico.com\/wp-content\/uploads\/2023\/05\/img-20230531-wa00682994130791828547537-1536x951.jpg 1536w, https:\/\/contextoanalisisperiodistico.com\/wp-content\/uploads\/2023\/05\/img-20230531-wa00682994130791828547537.jpg 1600w\" sizes=\"(max-width: 1024px) 100vw, 1024px\" \/><\/figure>\n\n\n\n<figure class=\"wp-block-image\"><img decoding=\"async\" width=\"1024\" height=\"647\" src=\"https:\/\/contextoanalisisperiodistico.com\/wp-content\/uploads\/2023\/05\/img-20230531-wa0066697199995111912822-1024x647.jpg\" alt=\"\" class=\"wp-image-14125\" srcset=\"https:\/\/contextoanalisisperiodistico.com\/wp-content\/uploads\/2023\/05\/img-20230531-wa0066697199995111912822-1024x647.jpg 1024w, https:\/\/contextoanalisisperiodistico.com\/wp-content\/uploads\/2023\/05\/img-20230531-wa0066697199995111912822-300x190.jpg 300w, https:\/\/contextoanalisisperiodistico.com\/wp-content\/uploads\/2023\/05\/img-20230531-wa0066697199995111912822-768x485.jpg 768w, https:\/\/contextoanalisisperiodistico.com\/wp-content\/uploads\/2023\/05\/img-20230531-wa0066697199995111912822-540x340.jpg 540w, https:\/\/contextoanalisisperiodistico.com\/wp-content\/uploads\/2023\/05\/img-20230531-wa0066697199995111912822.jpg 1152w\" sizes=\"(max-width: 1024px) 100vw, 1024px\" \/><\/figure>\n","protected":false},"excerpt":{"rendered":"<p>*Con la participaci\u00f3n de Adolescentes Privados de su Libertad y la banda de m\u00fasica del&#8230;<\/p>\n","protected":false},"author":4,"featured_media":14124,"comment_status":"closed","ping_status":"open","sticky":false,"template":"","format":"standard","meta":{"footnotes":""},"categories":[9],"tags":[],"jetpack_sharing_enabled":true,"featured_image_urls":{"full":["https:\/\/contextoanalisisperiodistico.com\/wp-content\/uploads\/2023\/05\/IMG-20230531-WA0069.jpg",1600,1044,false],"thumbnail":["https:\/\/contextoanalisisperiodistico.com\/wp-content\/uploads\/2023\/05\/IMG-20230531-WA0069-150x150.jpg",150,150,true],"medium":["https:\/\/contextoanalisisperiodistico.com\/wp-content\/uploads\/2023\/05\/IMG-20230531-WA0069-300x196.jpg",300,196,true],"medium_large":["https:\/\/contextoanalisisperiodistico.com\/wp-content\/uploads\/2023\/05\/IMG-20230531-WA0069-768x501.jpg",640,418,true],"large":["https:\/\/contextoanalisisperiodistico.com\/wp-content\/uploads\/2023\/05\/IMG-20230531-WA0069-1024x668.jpg",640,418,true],"1536x1536":["https:\/\/contextoanalisisperiodistico.com\/wp-content\/uploads\/2023\/05\/IMG-20230531-WA0069-1536x1002.jpg",1536,1002,true],"2048x2048":["https:\/\/contextoanalisisperiodistico.com\/wp-content\/uploads\/2023\/05\/IMG-20230531-WA0069.jpg",1600,1044,false],"covernews-slider-full":["https:\/\/contextoanalisisperiodistico.com\/wp-content\/uploads\/2023\/05\/IMG-20230531-WA0069-1115x715.jpg",1115,715,true],"covernews-slider-center":["https:\/\/contextoanalisisperiodistico.com\/wp-content\/uploads\/2023\/05\/IMG-20230531-WA0069-800x500.jpg",800,500,true],"covernews-featured":["https:\/\/contextoanalisisperiodistico.com\/wp-content\/uploads\/2023\/05\/IMG-20230531-WA0069-1024x668.jpg",1024,668,true],"covernews-medium":["https:\/\/contextoanalisisperiodistico.com\/wp-content\/uploads\/2023\/05\/IMG-20230531-WA0069-540x340.jpg",540,340,true],"covernews-medium-square":["https:\/\/contextoanalisisperiodistico.com\/wp-content\/uploads\/2023\/05\/IMG-20230531-WA0069-400x250.jpg",400,250,true]},"author_info":{"display_name":"Mario Gir\u00f3n","author_link":"https:\/\/contextoanalisisperiodistico.com\/index.php\/author\/director\/"},"category_info":"<a href=\"https:\/\/contextoanalisisperiodistico.com\/index.php\/category\/politica\/\" rel=\"category tag\">Pol\u00edtica<\/a>","tag_info":"Pol\u00edtica","comment_count":"0","jetpack_featured_media_url":"https:\/\/contextoanalisisperiodistico.com\/wp-content\/uploads\/2023\/05\/IMG-20230531-WA0069.jpg","_links":{"self":[{"href":"https:\/\/contextoanalisisperiodistico.com\/index.php\/wp-json\/wp\/v2\/posts\/14123"}],"collection":[{"href":"https:\/\/contextoanalisisperiodistico.com\/index.php\/wp-json\/wp\/v2\/posts"}],"about":[{"href":"https:\/\/contextoanalisisperiodistico.com\/index.php\/wp-json\/wp\/v2\/types\/post"}],"author":[{"embeddable":true,"href":"https:\/\/contextoanalisisperiodistico.com\/index.php\/wp-json\/wp\/v2\/users\/4"}],"replies":[{"embeddable":true,"href":"https:\/\/contextoanalisisperiodistico.com\/index.php\/wp-json\/wp\/v2\/comments?post=14123"}],"version-history":[{"count":1,"href":"https:\/\/contextoanalisisperiodistico.com\/index.php\/wp-json\/wp\/v2\/posts\/14123\/revisions"}],"predecessor-version":[{"id":14127,"href":"https:\/\/contextoanalisisperiodistico.com\/index.php\/wp-json\/wp\/v2\/posts\/14123\/revisions\/14127"}],"wp:featuredmedia":[{"embeddable":true,"href":"https:\/\/contextoanalisisperiodistico.com\/index.php\/wp-json\/wp\/v2\/media\/14124"}],"wp:attachment":[{"href":"https:\/\/contextoanalisisperiodistico.com\/index.php\/wp-json\/wp\/v2\/media?parent=14123"}],"wp:term":[{"taxonomy":"category","embeddable":true,"href":"https:\/\/contextoanalisisperiodistico.com\/index.php\/wp-json\/wp\/v2\/categories?post=14123"},{"taxonomy":"post_tag","embeddable":true,"href":"https:\/\/contextoanalisisperiodistico.com\/index.php\/wp-json\/wp\/v2\/tags?post=14123"}],"curies":[{"name":"wp","href":"https:\/\/api.w.org\/{rel}","templated":true}]}}