{"id":14097,"date":"2023-05-30T19:30:50","date_gmt":"2023-05-31T01:30:50","guid":{"rendered":"https:\/\/contextoanalisisperiodistico.com\/?p=14097"},"modified":"2023-05-30T19:31:17","modified_gmt":"2023-05-31T01:31:17","slug":"por-concluir-plazo-para-presentar-la-declaracion-patrimonial-de-modificacion-2023","status":"publish","type":"post","link":"https:\/\/contextoanalisisperiodistico.com\/index.php\/2023\/05\/30\/por-concluir-plazo-para-presentar-la-declaracion-patrimonial-de-modificacion-2023\/","title":{"rendered":"Por concluir plazo para presentar la Declaraci\u00f3n Patrimonial de Modificaci\u00f3n 2023"},"content":{"rendered":"<div id=\"fb-root\"><\/div>\n\n<p>\u2022 La fecha l\u00edmite es este 31 de mayo a las 23:59 horas<\/p>\n\n\n\n<p>\u2022 Deber\u00e1n ingresar al sistema E-Oaxaca Declara en el portal electr\u00f3nico www.oaxaca.gob.mx\/honestidad, el cual est\u00e1 disponible las 24 horas del d\u00eda, los 365 d\u00edas del a\u00f1o<\/p>\n\n\n\n<p>Tlalixtac de Cabrera, Oax. 30 de mayo de 2023.- La Secretar\u00eda de Honestidad, Transparencia y Funci\u00f3n P\u00fablica exhorta a las personas servidoras p\u00fablicas del Poder Ejecutivo Estatal a presentar su declaraci\u00f3n patrimonial de modificaci\u00f3n 2023, ya que el plazo est\u00e1 a punto de vencer teniendo como fecha l\u00edmite este mi\u00e9rcoles 31 de mayo a las 23:59 horas.<\/p>\n\n\n\n<p>Las y los servidores p\u00fablicos del Gobierno del Estado que desempe\u00f1en un cargo en el servicio p\u00fablico estatal, desde el primer nivel del escalaf\u00f3n, jefatura de departamento u hom\u00f3logo, contratado por honorarios con funciones de asesor, secretario particular u otro, jefes de oficina y en general mandos medios y superiores, y que actualmente cuenten con un empleo, cargo o comisi\u00f3n desde el a\u00f1o 2022 o a\u00f1os anteriores y est\u00e9n activos, deber\u00e1n cumplir con esta obligaci\u00f3n de rendici\u00f3n de cuentas.<\/p>\n\n\n\n<p>Adem\u00e1s de aquellas que hayan presentado la declaraci\u00f3n inicial en diciembre 2022 y contin\u00faen en su cargo, tienen que presentar la declaraci\u00f3n patrimonial de modificaci\u00f3n 2023 a trav\u00e9s del sistema E-Oaxaca Declara en el portal electr\u00f3nico www.oaxaca.gob.mx\/honestidad, el cual est\u00e1 disponible las 24 horas del d\u00eda, los 365 d\u00edas del a\u00f1o.<\/p>\n\n\n\n<p>La Dependencia anunci\u00f3 que aquellas personas que sean omisas o presenten de forma extempor\u00e1nea la declaraci\u00f3n patrimonial pueden hacerse acreedoras a sanciones como amonestaci\u00f3n p\u00fablica o privada, suspensi\u00f3n del empleo, cargo o comisi\u00f3n de uno a 30 d\u00edas naturales, destituci\u00f3n de su empleo o inhabilitaci\u00f3n temporal para desempe\u00f1ar cargos en el servicio p\u00fablico y para participar en adquisiciones, arrendamientos, servicios u obras p\u00fablicas de tres meses a un a\u00f1o.<\/p>\n\n\n\n<p>Para asesor\u00eda adicional o aclaraci\u00f3n de dudas en la presentaci\u00f3n de declaraciones, pueden llamar al 951 501 50 00 extensiones 11814, 10197 y 10189 de lunes a viernes de 9:00 a 17:00 horas.<\/p>\n\n\n\n<p>Las declaraciones patrimoniales son uno de los mecanismos de prevenci\u00f3n e instrumento de rendici\u00f3n de cuentas que regulan la funci\u00f3n p\u00fablica, ya que determinar\u00e1 la congruencia de los ingresos y egresos reportados, y con ello, prevenir y detectar posibles casos de enriquecimiento inexplicable o injustificado por parte de las personas servidoras p\u00fablicas.<br>La Secretar\u00eda reiter\u00f3 que solo est\u00e1 facultada para recibir las declaraciones de los servidores p\u00fablicos adscritos a los Entes P\u00fablicos del Poder Ejecutivo del Estado de Oaxaca.<\/p>\n","protected":false},"excerpt":{"rendered":"<p>\u2022 La fecha l\u00edmite es este 31 de mayo a las 23:59 horas \u2022 Deber\u00e1n&#8230;<\/p>\n","protected":false},"author":4,"featured_media":14098,"comment_status":"closed","ping_status":"open","sticky":false,"template":"","format":"standard","meta":{"footnotes":""},"categories":[9],"tags":[],"jetpack_sharing_enabled":true,"featured_image_urls":{"full":["https:\/\/contextoanalisisperiodistico.com\/wp-content\/uploads\/2023\/05\/IMG-20230530-WA0090.jpg",1600,1600,false],"thumbnail":["https:\/\/contextoanalisisperiodistico.com\/wp-content\/uploads\/2023\/05\/IMG-20230530-WA0090-150x150.jpg",150,150,true],"medium":["https:\/\/contextoanalisisperiodistico.com\/wp-content\/uploads\/2023\/05\/IMG-20230530-WA0090-300x300.jpg",300,300,true],"medium_large":["https:\/\/contextoanalisisperiodistico.com\/wp-content\/uploads\/2023\/05\/IMG-20230530-WA0090-768x768.jpg",640,640,true],"large":["https:\/\/contextoanalisisperiodistico.com\/wp-content\/uploads\/2023\/05\/IMG-20230530-WA0090-1024x1024.jpg",640,640,true],"1536x1536":["https:\/\/contextoanalisisperiodistico.com\/wp-content\/uploads\/2023\/05\/IMG-20230530-WA0090-1536x1536.jpg",1536,1536,true],"2048x2048":["https:\/\/contextoanalisisperiodistico.com\/wp-content\/uploads\/2023\/05\/IMG-20230530-WA0090.jpg",1600,1600,false],"covernews-slider-full":["https:\/\/contextoanalisisperiodistico.com\/wp-content\/uploads\/2023\/05\/IMG-20230530-WA0090-1115x715.jpg",1115,715,true],"covernews-slider-center":["https:\/\/contextoanalisisperiodistico.com\/wp-content\/uploads\/2023\/05\/IMG-20230530-WA0090-800x500.jpg",800,500,true],"covernews-featured":["https:\/\/contextoanalisisperiodistico.com\/wp-content\/uploads\/2023\/05\/IMG-20230530-WA0090-1024x1024.jpg",1024,1024,true],"covernews-medium":["https:\/\/contextoanalisisperiodistico.com\/wp-content\/uploads\/2023\/05\/IMG-20230530-WA0090-540x340.jpg",540,340,true],"covernews-medium-square":["https:\/\/contextoanalisisperiodistico.com\/wp-content\/uploads\/2023\/05\/IMG-20230530-WA0090-400x250.jpg",400,250,true]},"author_info":{"display_name":"Mario Gir\u00f3n","author_link":"https:\/\/contextoanalisisperiodistico.com\/index.php\/author\/director\/"},"category_info":"<a href=\"https:\/\/contextoanalisisperiodistico.com\/index.php\/category\/politica\/\" rel=\"category tag\">Pol\u00edtica<\/a>","tag_info":"Pol\u00edtica","comment_count":"0","jetpack_featured_media_url":"https:\/\/contextoanalisisperiodistico.com\/wp-content\/uploads\/2023\/05\/IMG-20230530-WA0090.jpg","_links":{"self":[{"href":"https:\/\/contextoanalisisperiodistico.com\/index.php\/wp-json\/wp\/v2\/posts\/14097"}],"collection":[{"href":"https:\/\/contextoanalisisperiodistico.com\/index.php\/wp-json\/wp\/v2\/posts"}],"about":[{"href":"https:\/\/contextoanalisisperiodistico.com\/index.php\/wp-json\/wp\/v2\/types\/post"}],"author":[{"embeddable":true,"href":"https:\/\/contextoanalisisperiodistico.com\/index.php\/wp-json\/wp\/v2\/users\/4"}],"replies":[{"embeddable":true,"href":"https:\/\/contextoanalisisperiodistico.com\/index.php\/wp-json\/wp\/v2\/comments?post=14097"}],"version-history":[{"count":1,"href":"https:\/\/contextoanalisisperiodistico.com\/index.php\/wp-json\/wp\/v2\/posts\/14097\/revisions"}],"predecessor-version":[{"id":14099,"href":"https:\/\/contextoanalisisperiodistico.com\/index.php\/wp-json\/wp\/v2\/posts\/14097\/revisions\/14099"}],"wp:featuredmedia":[{"embeddable":true,"href":"https:\/\/contextoanalisisperiodistico.com\/index.php\/wp-json\/wp\/v2\/media\/14098"}],"wp:attachment":[{"href":"https:\/\/contextoanalisisperiodistico.com\/index.php\/wp-json\/wp\/v2\/media?parent=14097"}],"wp:term":[{"taxonomy":"category","embeddable":true,"href":"https:\/\/contextoanalisisperiodistico.com\/index.php\/wp-json\/wp\/v2\/categories?post=14097"},{"taxonomy":"post_tag","embeddable":true,"href":"https:\/\/contextoanalisisperiodistico.com\/index.php\/wp-json\/wp\/v2\/tags?post=14097"}],"curies":[{"name":"wp","href":"https:\/\/api.w.org\/{rel}","templated":true}]}}