{"id":14091,"date":"2023-05-30T18:27:38","date_gmt":"2023-05-31T00:27:38","guid":{"rendered":"https:\/\/contextoanalisisperiodistico.com\/?p=14091"},"modified":"2023-05-30T18:28:51","modified_gmt":"2023-05-31T00:28:51","slug":"hay-gobernabilidad-para-el-libre-y-pacifico-desarrollo-de-las-elecciones-en-coahuila-y-estado-de-mexico-adan-augusto-lopez-hernandez","status":"publish","type":"post","link":"https:\/\/contextoanalisisperiodistico.com\/index.php\/2023\/05\/30\/hay-gobernabilidad-para-el-libre-y-pacifico-desarrollo-de-las-elecciones-en-coahuila-y-estado-de-mexico-adan-augusto-lopez-hernandez\/","title":{"rendered":"Hay gobernabilidad para el libre y pac\u00edfico desarrollo de las elecciones en Coahuila y Estado de M\u00e9xico: Ad\u00e1n Augusto L\u00f3pez Hern\u00e1ndez"},"content":{"rendered":"<div id=\"fb-root\"><\/div>\n\n<p>Tlaxcala, Tlaxcala, 29 de mayo de 2023<\/p>\n\n\n\n<figure class=\"wp-block-image size-large\"><img fetchpriority=\"high\" decoding=\"async\" width=\"631\" height=\"814\" src=\"https:\/\/contextoanalisisperiodistico.com\/wp-content\/uploads\/2023\/05\/230529_foto_secretariogobernacion_movilidadygobernabilidad42882559420744736731.jpg\" alt=\"\" class=\"wp-image-14095\" srcset=\"https:\/\/contextoanalisisperiodistico.com\/wp-content\/uploads\/2023\/05\/230529_foto_secretariogobernacion_movilidadygobernabilidad42882559420744736731.jpg 631w, https:\/\/contextoanalisisperiodistico.com\/wp-content\/uploads\/2023\/05\/230529_foto_secretariogobernacion_movilidadygobernabilidad42882559420744736731-233x300.jpg 233w\" sizes=\"(max-width: 631px) 100vw, 631px\" \/><\/figure>\n\n\n\n<figure class=\"wp-block-image\"><img decoding=\"async\" width=\"1024\" height=\"630\" src=\"https:\/\/contextoanalisisperiodistico.com\/wp-content\/uploads\/2023\/05\/230529_foto_secretariogobernacion_movilidadygobernabilidad1615237102619736974-1024x630.jpg\" alt=\"\" class=\"wp-image-14094\" srcset=\"https:\/\/contextoanalisisperiodistico.com\/wp-content\/uploads\/2023\/05\/230529_foto_secretariogobernacion_movilidadygobernabilidad1615237102619736974-1024x630.jpg 1024w, https:\/\/contextoanalisisperiodistico.com\/wp-content\/uploads\/2023\/05\/230529_foto_secretariogobernacion_movilidadygobernabilidad1615237102619736974-300x184.jpg 300w, https:\/\/contextoanalisisperiodistico.com\/wp-content\/uploads\/2023\/05\/230529_foto_secretariogobernacion_movilidadygobernabilidad1615237102619736974-768x472.jpg 768w, https:\/\/contextoanalisisperiodistico.com\/wp-content\/uploads\/2023\/05\/230529_foto_secretariogobernacion_movilidadygobernabilidad1615237102619736974.jpg 1280w\" sizes=\"(max-width: 1024px) 100vw, 1024px\" \/><\/figure>\n\n\n\n<p>Mexiquenses y coahuilenses ir\u00e1n a las urnas el pr\u00f3ximo domingo, no tenemos reporte de incidencias mayores, afirma el secretario de Gobernaci\u00f3n<\/p>\n\n\n\n<p>Hay gobernabilidad en el pa\u00eds para el desarrollo de las elecciones del pr\u00f3ximo domingo 4 de junio en Coahuila y el Estado de M\u00e9xico, ratific\u00f3 el secretario de Gobernaci\u00f3n Ad\u00e1n Augusto L\u00f3pez Hern\u00e1ndez. As\u00ed, las y los ciudadanos de ambas entidades pueden acudir a emitir su voto.<\/p>\n\n\n\n<p>\u201cLos mexiquenses y los coahuilenses ir\u00e1n a las urnas el pr\u00f3ximo domingo, no tenemos reporte de mayor incidencia.\u201d<\/p>\n\n\n\n<p>Al finalizar el Encuentro con Transportistas \u2018Gobernabilidad y Movilidad\u2019, en la capital de Tlaxcala, en compa\u00f1\u00eda de la gobernadora del estado, Lorena Cu\u00e9llar Cisneros, el encargado de la pol\u00edtica interna del pa\u00eds record\u00f3 que en Coahuila el fin de semana se registr\u00f3 un incendio en el instituto electoral de la entidad, sin haberse presentado da\u00f1os mayores. Y aclar\u00f3 que para entonces ya hab\u00eda comenzado la distribuci\u00f3n de la paqueter\u00eda electoral.<\/p>\n\n\n\n<p>En el Domo Blanco del Recinto Ferial de la entidad, L\u00f3pez Hern\u00e1ndez abund\u00f3 que la dependencia que encabeza junto con la Secretar\u00eda de Seguridad y Protecci\u00f3n Ciudadana (SSPC), trabajan de la mano con los organismos electorales locales de Coahuila y del Estado de M\u00e9xico, as\u00ed como con el consejo general del Instituto Nacional Electoral (INE) y los gobiernos de las entidades.<\/p>\n\n\n\n<p>Durante el evento con transportistas, el titular de Gobernaci\u00f3n se\u00f1al\u00f3 que la gobernabilidad de M\u00e9xico se construye dando paz y tranquilidad, \u201csin seguridad no hay gobernabilidad, sin seguridad no hay inversi\u00f3n\u201d.<\/p>\n\n\n\n<p>L\u00f3pez Hern\u00e1ndez hizo un reconocimiento a Lorena Cu\u00e9llar Cisneros por la transformaci\u00f3n que est\u00e1 logrando en Tlaxcala, \u201clleg\u00f3 en el momento justo, lleg\u00f3 a acompa\u00f1ar al presidente Andr\u00e9s Manuel L\u00f3pez Obrador en su hist\u00f3rica tarea de transformar a M\u00e9xico\u201d<\/p>\n","protected":false},"excerpt":{"rendered":"<p>Tlaxcala, Tlaxcala, 29 de mayo de 2023 Mexiquenses y coahuilenses ir\u00e1n a las urnas el&#8230;<\/p>\n","protected":false},"author":4,"featured_media":14092,"comment_status":"closed","ping_status":"open","sticky":false,"template":"","format":"standard","meta":{"footnotes":""},"categories":[9],"tags":[124],"jetpack_sharing_enabled":true,"featured_image_urls":{"full":["https:\/\/contextoanalisisperiodistico.com\/wp-content\/uploads\/2023\/05\/230529_foto_secretariogobernacion_movilidadygobernabilidad8.png",1315,924,false],"thumbnail":["https:\/\/contextoanalisisperiodistico.com\/wp-content\/uploads\/2023\/05\/230529_foto_secretariogobernacion_movilidadygobernabilidad8-150x150.png",150,150,true],"medium":["https:\/\/contextoanalisisperiodistico.com\/wp-content\/uploads\/2023\/05\/230529_foto_secretariogobernacion_movilidadygobernabilidad8-300x211.png",300,211,true],"medium_large":["https:\/\/contextoanalisisperiodistico.com\/wp-content\/uploads\/2023\/05\/230529_foto_secretariogobernacion_movilidadygobernabilidad8-768x540.png",640,450,true],"large":["https:\/\/contextoanalisisperiodistico.com\/wp-content\/uploads\/2023\/05\/230529_foto_secretariogobernacion_movilidadygobernabilidad8-1024x720.png",640,450,true],"1536x1536":["https:\/\/contextoanalisisperiodistico.com\/wp-content\/uploads\/2023\/05\/230529_foto_secretariogobernacion_movilidadygobernabilidad8.png",1315,924,false],"2048x2048":["https:\/\/contextoanalisisperiodistico.com\/wp-content\/uploads\/2023\/05\/230529_foto_secretariogobernacion_movilidadygobernabilidad8.png",1315,924,false],"covernews-slider-full":["https:\/\/contextoanalisisperiodistico.com\/wp-content\/uploads\/2023\/05\/230529_foto_secretariogobernacion_movilidadygobernabilidad8-1115x715.png",1115,715,true],"covernews-slider-center":["https:\/\/contextoanalisisperiodistico.com\/wp-content\/uploads\/2023\/05\/230529_foto_secretariogobernacion_movilidadygobernabilidad8-800x500.png",800,500,true],"covernews-featured":["https:\/\/contextoanalisisperiodistico.com\/wp-content\/uploads\/2023\/05\/230529_foto_secretariogobernacion_movilidadygobernabilidad8-1024x720.png",1024,720,true],"covernews-medium":["https:\/\/contextoanalisisperiodistico.com\/wp-content\/uploads\/2023\/05\/230529_foto_secretariogobernacion_movilidadygobernabilidad8-540x340.png",540,340,true],"covernews-medium-square":["https:\/\/contextoanalisisperiodistico.com\/wp-content\/uploads\/2023\/05\/230529_foto_secretariogobernacion_movilidadygobernabilidad8-400x250.png",400,250,true]},"author_info":{"display_name":"Mario Gir\u00f3n","author_link":"https:\/\/contextoanalisisperiodistico.com\/index.php\/author\/director\/"},"category_info":"<a href=\"https:\/\/contextoanalisisperiodistico.com\/index.php\/category\/politica\/\" rel=\"category tag\">Pol\u00edtica<\/a>","tag_info":"Pol\u00edtica","comment_count":"0","jetpack_featured_media_url":"https:\/\/contextoanalisisperiodistico.com\/wp-content\/uploads\/2023\/05\/230529_foto_secretariogobernacion_movilidadygobernabilidad8.png","_links":{"self":[{"href":"https:\/\/contextoanalisisperiodistico.com\/index.php\/wp-json\/wp\/v2\/posts\/14091"}],"collection":[{"href":"https:\/\/contextoanalisisperiodistico.com\/index.php\/wp-json\/wp\/v2\/posts"}],"about":[{"href":"https:\/\/contextoanalisisperiodistico.com\/index.php\/wp-json\/wp\/v2\/types\/post"}],"author":[{"embeddable":true,"href":"https:\/\/contextoanalisisperiodistico.com\/index.php\/wp-json\/wp\/v2\/users\/4"}],"replies":[{"embeddable":true,"href":"https:\/\/contextoanalisisperiodistico.com\/index.php\/wp-json\/wp\/v2\/comments?post=14091"}],"version-history":[{"count":2,"href":"https:\/\/contextoanalisisperiodistico.com\/index.php\/wp-json\/wp\/v2\/posts\/14091\/revisions"}],"predecessor-version":[{"id":14096,"href":"https:\/\/contextoanalisisperiodistico.com\/index.php\/wp-json\/wp\/v2\/posts\/14091\/revisions\/14096"}],"wp:featuredmedia":[{"embeddable":true,"href":"https:\/\/contextoanalisisperiodistico.com\/index.php\/wp-json\/wp\/v2\/media\/14092"}],"wp:attachment":[{"href":"https:\/\/contextoanalisisperiodistico.com\/index.php\/wp-json\/wp\/v2\/media?parent=14091"}],"wp:term":[{"taxonomy":"category","embeddable":true,"href":"https:\/\/contextoanalisisperiodistico.com\/index.php\/wp-json\/wp\/v2\/categories?post=14091"},{"taxonomy":"post_tag","embeddable":true,"href":"https:\/\/contextoanalisisperiodistico.com\/index.php\/wp-json\/wp\/v2\/tags?post=14091"}],"curies":[{"name":"wp","href":"https:\/\/api.w.org\/{rel}","templated":true}]}}