{"id":14079,"date":"2023-05-30T12:25:25","date_gmt":"2023-05-30T18:25:25","guid":{"rendered":"https:\/\/contextoanalisisperiodistico.com\/?p=14079"},"modified":"2023-05-30T12:25:50","modified_gmt":"2023-05-30T18:25:50","slug":"anuncia-sectur-estatal-nuevos-vuelos-a-ciudad-de-oaxaca-huatulco-y-puerto-escondido","status":"publish","type":"post","link":"https:\/\/contextoanalisisperiodistico.com\/index.php\/2023\/05\/30\/anuncia-sectur-estatal-nuevos-vuelos-a-ciudad-de-oaxaca-huatulco-y-puerto-escondido\/","title":{"rendered":"Anuncia Sectur estatal nuevos vuelos a ciudad de Oaxaca, Huatulco y Puerto Escondido"},"content":{"rendered":"<div id=\"fb-root\"><\/div>\n\n<p>\u2022 La entidad tendr\u00e1 cuatro nuevas rutas a\u00e9reas a trav\u00e9s de Volaris al Baj\u00edo, Mexicali, Guadalajara y Monterrey<\/p>\n\n\n\n<p>Oaxaca de Ju\u00e1rez, Oax. 30 de mayo de 2023.- La Secretar\u00eda de Turismo del Gobierno del Estado anunci\u00f3 que, a partir del 11 de julio, Oaxaca tendr\u00e1 cuatro nuevas rutas a\u00e9reas que conectar\u00e1n a los tres principales destinos de la entidad con otros del pa\u00eds, a trav\u00e9s de la aerol\u00ednea Volaris.<\/p>\n\n\n\n<p>Las rutas que iniciar\u00e1n operaciones son Baj\u00edo-Oaxaca con frecuencias los d\u00edas martes y s\u00e1bados; Mexicali-Oaxaca los d\u00edas martes y viernes; Guadalajara-Huatulco, los d\u00edas jueves y domingo; y Monterrey-Puerto Escondido con una frecuencia a la semana, los d\u00edas domingo.<\/p>\n\n\n\n<p>\u201cCada vez m\u00e1s esta tierra orgullosa de sus ra\u00edces est\u00e1 conectada con el resto del pa\u00eds, lista para recibir a visitantes y compartirles la grandeza de las tradiciones, la gastronom\u00eda y la calidez de sus habitantes; cumpliendo con las estrategias de Desarrollo Integral y Sustentable que encabeza el Gobernador del Estado, Salom\u00f3n Jara Cruz\u201d, afirm\u00f3 la secretaria de Turismo del Estado de Oaxaca, Saymi Pineda Velasco.<\/p>\n\n\n\n<p>La titular de la Sectur Oaxaca celebr\u00f3 el trabajo conjunto con Volaris y la confianza en los destinos oaxaque\u00f1os para incrementar el n\u00famero de vuelos y con ello, continuar con el posicionamiento del estado como una potencia tur\u00edstica en el mercado nacional y extranjero.<\/p>\n\n\n\n<p>\u201cQueremos ofrecer a las personas viajeras una puerta de entrada perfecta para explorar y disfrutar el rico patrimonio cultural, tur\u00edstico y gastron\u00f3mico que el estado de Oaxaca brinda a sus visitantes. Estamos introduciendo estas rutas para mejorar a\u00fan m\u00e1s la accesibilidad y garantizar que el estado de Oaxaca siga siendo un destino de primer nivel a nivel nacional,\u201d coment\u00f3 Holger Blankenstein, vicepresidente ejecutivo de Volaris.<\/p>\n\n\n\n<p>La aerol\u00ednea mexicana inform\u00f3 que los nuevos vuelos ya est\u00e1n a la venta en www.volaris.com con un precio promocional de 99 pesos m\u00e1s impuestos en vuelo sencillo.<\/p>\n\n\n\n<p>Las cuatro rutas se suman a las 15 ya existentes: de la ciudad de Oaxaca a la Ciudad de M\u00e9xico al Aeropuerto Internacional de la Ciudad de M\u00e9xico (AICM) y al Aeropuerto Internacional Felipe \u00c1ngeles (AIFA); y a Tijuana, Canc\u00fan, Guadalajara, M\u00e9rida y Los \u00c1ngeles.<\/p>\n\n\n\n<p><br>La conectividad a la regi\u00f3n de la Costa es desde Puerto Escondido al AICM, AIFA, as\u00ed como a Tijuana y Guadalajara; y de Bah\u00edas de Huatulco al AICM, AIFA, Tijuana y Chicago.<\/p>\n","protected":false},"excerpt":{"rendered":"<p>\u2022 La entidad tendr\u00e1 cuatro nuevas rutas a\u00e9reas a trav\u00e9s de Volaris al Baj\u00edo, Mexicali,&#8230;<\/p>\n","protected":false},"author":4,"featured_media":14080,"comment_status":"closed","ping_status":"open","sticky":false,"template":"","format":"standard","meta":{"footnotes":""},"categories":[9],"tags":[],"jetpack_sharing_enabled":true,"featured_image_urls":{"full":["https:\/\/contextoanalisisperiodistico.com\/wp-content\/uploads\/2023\/05\/IMG-20230530-WA0039.jpg",1080,1350,false],"thumbnail":["https:\/\/contextoanalisisperiodistico.com\/wp-content\/uploads\/2023\/05\/IMG-20230530-WA0039-150x150.jpg",150,150,true],"medium":["https:\/\/contextoanalisisperiodistico.com\/wp-content\/uploads\/2023\/05\/IMG-20230530-WA0039-240x300.jpg",240,300,true],"medium_large":["https:\/\/contextoanalisisperiodistico.com\/wp-content\/uploads\/2023\/05\/IMG-20230530-WA0039-768x960.jpg",640,800,true],"large":["https:\/\/contextoanalisisperiodistico.com\/wp-content\/uploads\/2023\/05\/IMG-20230530-WA0039-819x1024.jpg",640,800,true],"1536x1536":["https:\/\/contextoanalisisperiodistico.com\/wp-content\/uploads\/2023\/05\/IMG-20230530-WA0039.jpg",1080,1350,false],"2048x2048":["https:\/\/contextoanalisisperiodistico.com\/wp-content\/uploads\/2023\/05\/IMG-20230530-WA0039.jpg",1080,1350,false],"covernews-slider-full":["https:\/\/contextoanalisisperiodistico.com\/wp-content\/uploads\/2023\/05\/IMG-20230530-WA0039-1080x715.jpg",1080,715,true],"covernews-slider-center":["https:\/\/contextoanalisisperiodistico.com\/wp-content\/uploads\/2023\/05\/IMG-20230530-WA0039-800x500.jpg",800,500,true],"covernews-featured":["https:\/\/contextoanalisisperiodistico.com\/wp-content\/uploads\/2023\/05\/IMG-20230530-WA0039-1024x1280.jpg",1024,1280,true],"covernews-medium":["https:\/\/contextoanalisisperiodistico.com\/wp-content\/uploads\/2023\/05\/IMG-20230530-WA0039-540x340.jpg",540,340,true],"covernews-medium-square":["https:\/\/contextoanalisisperiodistico.com\/wp-content\/uploads\/2023\/05\/IMG-20230530-WA0039-400x250.jpg",400,250,true]},"author_info":{"display_name":"Mario Gir\u00f3n","author_link":"https:\/\/contextoanalisisperiodistico.com\/index.php\/author\/director\/"},"category_info":"<a href=\"https:\/\/contextoanalisisperiodistico.com\/index.php\/category\/politica\/\" rel=\"category tag\">Pol\u00edtica<\/a>","tag_info":"Pol\u00edtica","comment_count":"0","jetpack_featured_media_url":"https:\/\/contextoanalisisperiodistico.com\/wp-content\/uploads\/2023\/05\/IMG-20230530-WA0039.jpg","_links":{"self":[{"href":"https:\/\/contextoanalisisperiodistico.com\/index.php\/wp-json\/wp\/v2\/posts\/14079"}],"collection":[{"href":"https:\/\/contextoanalisisperiodistico.com\/index.php\/wp-json\/wp\/v2\/posts"}],"about":[{"href":"https:\/\/contextoanalisisperiodistico.com\/index.php\/wp-json\/wp\/v2\/types\/post"}],"author":[{"embeddable":true,"href":"https:\/\/contextoanalisisperiodistico.com\/index.php\/wp-json\/wp\/v2\/users\/4"}],"replies":[{"embeddable":true,"href":"https:\/\/contextoanalisisperiodistico.com\/index.php\/wp-json\/wp\/v2\/comments?post=14079"}],"version-history":[{"count":1,"href":"https:\/\/contextoanalisisperiodistico.com\/index.php\/wp-json\/wp\/v2\/posts\/14079\/revisions"}],"predecessor-version":[{"id":14081,"href":"https:\/\/contextoanalisisperiodistico.com\/index.php\/wp-json\/wp\/v2\/posts\/14079\/revisions\/14081"}],"wp:featuredmedia":[{"embeddable":true,"href":"https:\/\/contextoanalisisperiodistico.com\/index.php\/wp-json\/wp\/v2\/media\/14080"}],"wp:attachment":[{"href":"https:\/\/contextoanalisisperiodistico.com\/index.php\/wp-json\/wp\/v2\/media?parent=14079"}],"wp:term":[{"taxonomy":"category","embeddable":true,"href":"https:\/\/contextoanalisisperiodistico.com\/index.php\/wp-json\/wp\/v2\/categories?post=14079"},{"taxonomy":"post_tag","embeddable":true,"href":"https:\/\/contextoanalisisperiodistico.com\/index.php\/wp-json\/wp\/v2\/tags?post=14079"}],"curies":[{"name":"wp","href":"https:\/\/api.w.org\/{rel}","templated":true}]}}