{"id":14078,"date":"2023-05-30T09:53:03","date_gmt":"2023-05-30T15:53:03","guid":{"rendered":"https:\/\/contextoanalisisperiodistico.com\/index.php\/2023\/05\/30\/la-ruta-de-la-privacidad-2023-llego-a-oaxaca\/"},"modified":"2023-05-30T09:53:03","modified_gmt":"2023-05-30T15:53:03","slug":"la-ruta-de-la-privacidad-2023-llego-a-oaxaca","status":"publish","type":"post","link":"https:\/\/contextoanalisisperiodistico.com\/index.php\/2023\/05\/30\/la-ruta-de-la-privacidad-2023-llego-a-oaxaca\/","title":{"rendered":"La ruta de la privacidad 2023 lleg\u00f3 a Oaxaca"},"content":{"rendered":"<div id=\"fb-root\"><\/div>\n\n<p><strong>&nbsp;<\/strong><\/p>\n\n\n\n<p>Oaxaca de Ju\u00e1rez, Oaxaca, a 29 de mayo de 2023.- El \u00d3rgano Garante de Acceso a la Informaci\u00f3n P\u00fablica, Transparencia, Protecci\u00f3n de Datos Personales y Buen Gobierno del Estado de Oaxaca (OGAIPO) y el&nbsp;Instituto Nacional de Transparencia, Acceso a la Informaci\u00f3n y Protecci\u00f3n de Datos Personales (INAI) organizaron&nbsp;<em>La&nbsp;Ruta de la Privacidad 2023 \u201cProtecci\u00f3n de Datos Personales en la Agenda 2030 para el Desarrollo Sostenible\u201d<\/em>, ejercicio para reflexionar el equilibrio entre los datos personales y la protecci\u00f3n efectiva de \u00e9stos.<\/p>\n\n\n\n<p>&nbsp;<\/p>\n\n\n\n<p>Esta iniciativa del INAI y el Sistema Nacional de Transparencia (SNT) a trav\u00e9s de la Comisi\u00f3n de Protecci\u00f3n de Datos Personales (CPDP), es con la intenci\u00f3n de difundir la importancia del derecho a la privacidad de las personas, principalmente en el entorno digital con la finalidad de reflexionar sobre el impacto de la inteligencia artificial en el cuidado de los datos personales.<\/p>\n\n\n\n<p>&nbsp;<\/p>\n\n\n\n<p>En la inauguraci\u00f3n, participaron de manera presencial, el comisionado presidente del OGAIPO, Josu\u00e9 Solana Salmor\u00e1n, las comisionadas, Mar\u00eda Tanivet Ramos Reyes, X\u00f3chitl Elizabeth M\u00e9ndez S\u00e1nchez y el comisionado Jos\u00e9 Luis Echeverr\u00eda Morales; la comisionada del INAI, Josefina Rom\u00e1n Vergara; Ar\u00edstides Rodrigo Guerrero Garc\u00eda, comisionado presidente del Instituto de Transparencia, Acceso a la Informaci\u00f3n P\u00fablica, Protecci\u00f3n de Datos Personales y Rendici\u00f3n de Cuentas de la Ciudad de M\u00e9xico (INFOCDMX) y coordinador de la CPDP y el subsecretario de Auditor\u00eda y Supervisi\u00f3n en Obra de la Secretaria de Honestidad, Transparencia y Funci\u00f3n P\u00fablica, Marco Antonio Espinosa Rodr\u00edguez.<\/p>\n\n\n\n<p>&nbsp;<\/p>\n\n\n\n<p>Virtualmente, particip\u00f3 la comisionada presidenta del INAI, Blanca Lilia Ibarra Cadena y en su discurso dijo que los usuarios y dimensiones de las nuevas tecnolog\u00edas avanzan velozmente ya que en la actualidad y con el auge de la inteligencia artificial, los datos biom\u00e9tricos y las plataformas digitales llevan a estar expuestos a la mirada de todas y todos, al mal uso de nuestra informaci\u00f3n, que pone en riesgo la seguridad, la intimidad y la dignidad humana. Ibarra Cadena, finaliz\u00f3 al decir que, de manera proactiva, las personas difunden informaci\u00f3n intima sin considerar los peligros ni medidas de seguridad apropiadas para ello.<\/p>\n\n\n\n<p>&nbsp;<\/p>\n\n\n\n<p>Ar\u00edstides Rodrigo Guerrero Garc\u00eda, en su oportunidad, expres\u00f3 que esta ruta es un ejercicio que da importancia a los datos personales, que tiene que ver con el derecho a la intimidad; debido a que hoy en d\u00eda, el derecho de protecci\u00f3n de datos personales cobra mayor relevancia ante el uso acelerado del internet. Puntualiz\u00f3 al mencionar que la Ruta de la Privacidad viene caminando fuerte en todas las entidades federativas.<\/p>\n\n\n\n<p>&nbsp;<\/p>\n\n\n\n<p>La comisiona del INAI, Josefina Rom\u00e1n Vergara concret\u00f3 que cuando se habla de transparencia, derecho de acceso a la informaci\u00f3n y protecci\u00f3n de datos personales, implica respaldo y compromiso, por el tiempo que pasamos en internet, en redes sociales. En M\u00e9xico contamos con una Ley Federal que data del 2010, protegemos los datos personales, pero extern\u00f3 que se encuentra pendiente actualizarla y contemplar la extraterritorialidad.<\/p>\n\n\n\n<p>&nbsp;<\/p>\n\n\n\n<p>En su mensaje de inauguraci\u00f3n, el comisionado presidente del OGAIPO, Josu\u00e9 Solana Salmor\u00e1n se\u00f1al\u00f3 que se vuelve una necesidad para la ciudadan\u00eda el proteger los datos personales y una obligaci\u00f3n del Estado para garantizar este derecho, justo por eso cobra importancia este evento. \u201cPara hablar de paz y justicia es necesario abordar estos temas\u2026, coordinando esfuerzos para proteger a la ciudadan\u00eda cada vez m\u00e1s vulnerable a delitos\u2026, en la transici\u00f3n de un mundo cada vez m\u00e1s digitalizado\u201d, acot\u00f3.<\/p>\n\n\n\n<p>&nbsp;<\/p>\n\n\n\n<p>En seguida del acto protocolario de inauguraci\u00f3n y ante los invitados, principalmente servidoras y servidores p\u00fablicos, se realiz\u00f3 la Conferencia Magistral \u201cODS 16: Paz, Justicia e Instituciones S\u00f3lidas\u201d, dictada por Anastasia Dozo, directora de Promoci\u00f3n del Derecho a la Privacidad de la Agencia de Acceso a la Informaci\u00f3n P\u00fablica de Argentina.<\/p>\n\n\n\n<p>&nbsp;<\/p>\n\n\n\n<p>Posteriormente, se llev\u00f3 a cabo el panel \u201cProtecci\u00f3n de Datos Personales: elemento para la Paz, Justicia e Instituciones s\u00f3lidas\u201d, moderado por el comisionado Ar\u00edstides Rodrigo Guerrero Garc\u00eda. En este panel participaron la comisionada Sharon Morales Mart\u00ednez, Secretaria de la Comisi\u00f3n de Protecci\u00f3n de Datos Personales; Laura Lizette Rodr\u00edguez Enr\u00edquez, comisionada ciudadana del INFO CDMX; Marco Antonio Espinosa Rodr\u00edguez, Subsecretario de Auditor\u00eda y Supervisi\u00f3n en Obra de la Secretaria de Honestidad, Transparencia y Funci\u00f3n P\u00fablica; y Luis Gonz\u00e1lez Brise\u00f1o, comisionado presidente del Instituto Coahuilense de Acceso a la Informaci\u00f3n (ICAI).<\/p>\n\n\n\n<p>&nbsp;<\/p>\n\n\n\n<p>Se dio paso a la Presentaci\u00f3n de las Gu\u00edas de los Pueblos Originarios de M\u00e9xico, a cargo de la Comisionada del INAI, Josefina Rom\u00e1n Vergara, el comisionado de Datos Personales del OGAIPO, Jos\u00e9 Luis Echeverr\u00eda Morales, y con intervenci\u00f3n de Nelson Mart\u00ednez P\u00e9rez, Jefe de Investigaci\u00f3n Gramatical de la Direcci\u00f3n de Investigaci\u00f3n del INALI, para finalizar este evento.<\/p>\n\n\n\n<figure class=\"wp-block-image size-large\"><img fetchpriority=\"high\" decoding=\"async\" width=\"1024\" height=\"683\" src=\"https:\/\/contextoanalisisperiodistico.com\/wp-content\/uploads\/2023\/05\/img_98384866647368066768795-1024x683.jpg\" alt=\"\" class=\"wp-image-14077\" srcset=\"https:\/\/contextoanalisisperiodistico.com\/wp-content\/uploads\/2023\/05\/img_98384866647368066768795-1024x683.jpg 1024w, https:\/\/contextoanalisisperiodistico.com\/wp-content\/uploads\/2023\/05\/img_98384866647368066768795-300x200.jpg 300w, https:\/\/contextoanalisisperiodistico.com\/wp-content\/uploads\/2023\/05\/img_98384866647368066768795-768x512.jpg 768w, https:\/\/contextoanalisisperiodistico.com\/wp-content\/uploads\/2023\/05\/img_98384866647368066768795-1536x1024.jpg 1536w, https:\/\/contextoanalisisperiodistico.com\/wp-content\/uploads\/2023\/05\/img_98384866647368066768795-2048x1365.jpg 2048w\" sizes=\"(max-width: 1024px) 100vw, 1024px\" \/><\/figure>\n","protected":false},"excerpt":{"rendered":"<p>&nbsp; Oaxaca de Ju\u00e1rez, Oaxaca, a 29 de mayo de 2023.- El \u00d3rgano Garante de&#8230;<\/p>\n","protected":false},"author":4,"featured_media":14076,"comment_status":"","ping_status":"open","sticky":false,"template":"","format":"standard","meta":{"footnotes":""},"categories":[9],"tags":[],"jetpack_sharing_enabled":true,"featured_image_urls":{"full":["https:\/\/contextoanalisisperiodistico.com\/wp-content\/uploads\/2023\/05\/IMG_9818-scaled.jpg",2560,1707,false],"thumbnail":["https:\/\/contextoanalisisperiodistico.com\/wp-content\/uploads\/2023\/05\/IMG_9818-150x150.jpg",150,150,true],"medium":["https:\/\/contextoanalisisperiodistico.com\/wp-content\/uploads\/2023\/05\/IMG_9818-300x200.jpg",300,200,true],"medium_large":["https:\/\/contextoanalisisperiodistico.com\/wp-content\/uploads\/2023\/05\/IMG_9818-768x512.jpg",640,427,true],"large":["https:\/\/contextoanalisisperiodistico.com\/wp-content\/uploads\/2023\/05\/IMG_9818-1024x683.jpg",640,427,true],"1536x1536":["https:\/\/contextoanalisisperiodistico.com\/wp-content\/uploads\/2023\/05\/IMG_9818-1536x1024.jpg",1536,1024,true],"2048x2048":["https:\/\/contextoanalisisperiodistico.com\/wp-content\/uploads\/2023\/05\/IMG_9818-2048x1365.jpg",2048,1365,true],"covernews-slider-full":["https:\/\/contextoanalisisperiodistico.com\/wp-content\/uploads\/2023\/05\/IMG_9818-1115x715.jpg",1115,715,true],"covernews-slider-center":["https:\/\/contextoanalisisperiodistico.com\/wp-content\/uploads\/2023\/05\/IMG_9818-800x500.jpg",800,500,true],"covernews-featured":["https:\/\/contextoanalisisperiodistico.com\/wp-content\/uploads\/2023\/05\/IMG_9818-1024x683.jpg",1024,683,true],"covernews-medium":["https:\/\/contextoanalisisperiodistico.com\/wp-content\/uploads\/2023\/05\/IMG_9818-540x340.jpg",540,340,true],"covernews-medium-square":["https:\/\/contextoanalisisperiodistico.com\/wp-content\/uploads\/2023\/05\/IMG_9818-400x250.jpg",400,250,true]},"author_info":{"display_name":"Mario Gir\u00f3n","author_link":"https:\/\/contextoanalisisperiodistico.com\/index.php\/author\/director\/"},"category_info":"<a href=\"https:\/\/contextoanalisisperiodistico.com\/index.php\/category\/politica\/\" rel=\"category tag\">Pol\u00edtica<\/a>","tag_info":"Pol\u00edtica","comment_count":"0","jetpack_featured_media_url":"https:\/\/contextoanalisisperiodistico.com\/wp-content\/uploads\/2023\/05\/IMG_9818-scaled.jpg","_links":{"self":[{"href":"https:\/\/contextoanalisisperiodistico.com\/index.php\/wp-json\/wp\/v2\/posts\/14078"}],"collection":[{"href":"https:\/\/contextoanalisisperiodistico.com\/index.php\/wp-json\/wp\/v2\/posts"}],"about":[{"href":"https:\/\/contextoanalisisperiodistico.com\/index.php\/wp-json\/wp\/v2\/types\/post"}],"author":[{"embeddable":true,"href":"https:\/\/contextoanalisisperiodistico.com\/index.php\/wp-json\/wp\/v2\/users\/4"}],"replies":[{"embeddable":true,"href":"https:\/\/contextoanalisisperiodistico.com\/index.php\/wp-json\/wp\/v2\/comments?post=14078"}],"version-history":[{"count":0,"href":"https:\/\/contextoanalisisperiodistico.com\/index.php\/wp-json\/wp\/v2\/posts\/14078\/revisions"}],"wp:featuredmedia":[{"embeddable":true,"href":"https:\/\/contextoanalisisperiodistico.com\/index.php\/wp-json\/wp\/v2\/media\/14076"}],"wp:attachment":[{"href":"https:\/\/contextoanalisisperiodistico.com\/index.php\/wp-json\/wp\/v2\/media?parent=14078"}],"wp:term":[{"taxonomy":"category","embeddable":true,"href":"https:\/\/contextoanalisisperiodistico.com\/index.php\/wp-json\/wp\/v2\/categories?post=14078"},{"taxonomy":"post_tag","embeddable":true,"href":"https:\/\/contextoanalisisperiodistico.com\/index.php\/wp-json\/wp\/v2\/tags?post=14078"}],"curies":[{"name":"wp","href":"https:\/\/api.w.org\/{rel}","templated":true}]}}