{"id":14067,"date":"2023-05-30T09:13:14","date_gmt":"2023-05-30T15:13:14","guid":{"rendered":"https:\/\/contextoanalisisperiodistico.com\/?p=14067"},"modified":"2023-05-30T09:13:21","modified_gmt":"2023-05-30T15:13:21","slug":"despliega-sspc-jornada-de-prevencion-en-tlacolula-de-matamoros","status":"publish","type":"post","link":"https:\/\/contextoanalisisperiodistico.com\/index.php\/2023\/05\/30\/despliega-sspc-jornada-de-prevencion-en-tlacolula-de-matamoros\/","title":{"rendered":"Despliega SSPC jornada de prevenci\u00f3n en Tlacolula de Matamoros"},"content":{"rendered":"<div id=\"fb-root\"><\/div>\n\n<p>\u2022 Se capacitar\u00e1n a estudiantes, autoridades municipales, polic\u00edas y poblaci\u00f3n en general en materia de prevenci\u00f3n del delito y la violencia<\/p>\n\n\n\n<p>Oaxaca de Ju\u00e1rez, Oax. 30 de mayo de 2023.- Como parte de la Quinta Brigada de Prevenci\u00f3n para la Construcci\u00f3n de Paz, la Secretar\u00eda de Seguridad y Protecci\u00f3n Ciudadana (SSPC) despleg\u00f3 personal multidisciplinario de prevenci\u00f3n en el municipio de Tlacolula de Matamoros para prevenir la violencia e incidencia delictiva.<\/p>\n\n\n\n<p>En el teatro Celestino P\u00e9rez de esta localidad, personal de la Direcci\u00f3n General de Prevenci\u00f3n del Delito de la SSPC inform\u00f3 a autoridades y representantes de las unidades municipales de diez ayuntamientos del Valle de Tlacolula, que a trav\u00e9s de esta jornada se impartir\u00e1n charlas y capacitaciones en materia de prevenci\u00f3n de la violencia.<\/p>\n\n\n\n<p>Anunciaron que estas acciones est\u00e1n dirigidas a estudiantes de nivel inicial y b\u00e1sico, as\u00ed como a autoridades municipales, polic\u00edas y poblaci\u00f3n en general, quienes recibir\u00e1n informaci\u00f3n sobre abuso sexual infantil, acoso escolar, adicciones, violencia en el noviazgo y riesgos en el internet, entre otros.<\/p>\n\n\n\n<p>Esta jornada de prevenci\u00f3n busca beneficiar a los municipios: Rojas de Cuauht\u00e9moc, San Bartolom\u00e9 Quialana, San Francisco Lachigol\u00f3, San Lucas Quiavin\u00ed, San Pablo Villa de Mitla, Santa Ana del Valle, Santa Mar\u00eda Guelac\u00e9, Santa Mar\u00eda Zoquitl\u00e1n, Santiago Matatl\u00e1n y Tlacolula de Matamoros.<\/p>\n\n\n\n<p>Con estas acciones, la SSPC refrenda el compromiso de seguir trabajando en la construcci\u00f3n de mecanismos que fortalezcan la cultura de paz y seguridad en las familias oaxaque\u00f1as.<\/p>\n\n\n\n<figure class=\"wp-block-image size-large\"><img fetchpriority=\"high\" decoding=\"async\" width=\"1024\" height=\"768\" src=\"https:\/\/contextoanalisisperiodistico.com\/wp-content\/uploads\/2023\/05\/img-20230530-wa0013997911635158469101-1024x768.jpg\" alt=\"\" class=\"wp-image-14069\" srcset=\"https:\/\/contextoanalisisperiodistico.com\/wp-content\/uploads\/2023\/05\/img-20230530-wa0013997911635158469101-1024x768.jpg 1024w, https:\/\/contextoanalisisperiodistico.com\/wp-content\/uploads\/2023\/05\/img-20230530-wa0013997911635158469101-300x225.jpg 300w, https:\/\/contextoanalisisperiodistico.com\/wp-content\/uploads\/2023\/05\/img-20230530-wa0013997911635158469101-768x576.jpg 768w, https:\/\/contextoanalisisperiodistico.com\/wp-content\/uploads\/2023\/05\/img-20230530-wa0013997911635158469101-1536x1152.jpg 1536w, https:\/\/contextoanalisisperiodistico.com\/wp-content\/uploads\/2023\/05\/img-20230530-wa0013997911635158469101.jpg 1600w\" sizes=\"(max-width: 1024px) 100vw, 1024px\" \/><\/figure>\n","protected":false},"excerpt":{"rendered":"<p>\u2022 Se capacitar\u00e1n a estudiantes, autoridades municipales, polic\u00edas y poblaci\u00f3n en general en materia de&#8230;<\/p>\n","protected":false},"author":4,"featured_media":14068,"comment_status":"closed","ping_status":"open","sticky":false,"template":"","format":"standard","meta":{"footnotes":""},"categories":[7],"tags":[],"jetpack_sharing_enabled":true,"featured_image_urls":{"full":["https:\/\/contextoanalisisperiodistico.com\/wp-content\/uploads\/2023\/05\/IMG-20230530-WA0012.jpg",1600,1201,false],"thumbnail":["https:\/\/contextoanalisisperiodistico.com\/wp-content\/uploads\/2023\/05\/IMG-20230530-WA0012-150x150.jpg",150,150,true],"medium":["https:\/\/contextoanalisisperiodistico.com\/wp-content\/uploads\/2023\/05\/IMG-20230530-WA0012-300x225.jpg",300,225,true],"medium_large":["https:\/\/contextoanalisisperiodistico.com\/wp-content\/uploads\/2023\/05\/IMG-20230530-WA0012-768x576.jpg",640,480,true],"large":["https:\/\/contextoanalisisperiodistico.com\/wp-content\/uploads\/2023\/05\/IMG-20230530-WA0012-1024x769.jpg",640,481,true],"1536x1536":["https:\/\/contextoanalisisperiodistico.com\/wp-content\/uploads\/2023\/05\/IMG-20230530-WA0012-1536x1153.jpg",1536,1153,true],"2048x2048":["https:\/\/contextoanalisisperiodistico.com\/wp-content\/uploads\/2023\/05\/IMG-20230530-WA0012.jpg",1600,1201,false],"covernews-slider-full":["https:\/\/contextoanalisisperiodistico.com\/wp-content\/uploads\/2023\/05\/IMG-20230530-WA0012-1115x715.jpg",1115,715,true],"covernews-slider-center":["https:\/\/contextoanalisisperiodistico.com\/wp-content\/uploads\/2023\/05\/IMG-20230530-WA0012-800x500.jpg",800,500,true],"covernews-featured":["https:\/\/contextoanalisisperiodistico.com\/wp-content\/uploads\/2023\/05\/IMG-20230530-WA0012-1024x769.jpg",1024,769,true],"covernews-medium":["https:\/\/contextoanalisisperiodistico.com\/wp-content\/uploads\/2023\/05\/IMG-20230530-WA0012-540x340.jpg",540,340,true],"covernews-medium-square":["https:\/\/contextoanalisisperiodistico.com\/wp-content\/uploads\/2023\/05\/IMG-20230530-WA0012-400x250.jpg",400,250,true]},"author_info":{"display_name":"Mario Gir\u00f3n","author_link":"https:\/\/contextoanalisisperiodistico.com\/index.php\/author\/director\/"},"category_info":"<a href=\"https:\/\/contextoanalisisperiodistico.com\/index.php\/category\/municipios\/\" rel=\"category tag\">Municipios<\/a>","tag_info":"Municipios","comment_count":"0","jetpack_featured_media_url":"https:\/\/contextoanalisisperiodistico.com\/wp-content\/uploads\/2023\/05\/IMG-20230530-WA0012.jpg","_links":{"self":[{"href":"https:\/\/contextoanalisisperiodistico.com\/index.php\/wp-json\/wp\/v2\/posts\/14067"}],"collection":[{"href":"https:\/\/contextoanalisisperiodistico.com\/index.php\/wp-json\/wp\/v2\/posts"}],"about":[{"href":"https:\/\/contextoanalisisperiodistico.com\/index.php\/wp-json\/wp\/v2\/types\/post"}],"author":[{"embeddable":true,"href":"https:\/\/contextoanalisisperiodistico.com\/index.php\/wp-json\/wp\/v2\/users\/4"}],"replies":[{"embeddable":true,"href":"https:\/\/contextoanalisisperiodistico.com\/index.php\/wp-json\/wp\/v2\/comments?post=14067"}],"version-history":[{"count":1,"href":"https:\/\/contextoanalisisperiodistico.com\/index.php\/wp-json\/wp\/v2\/posts\/14067\/revisions"}],"predecessor-version":[{"id":14070,"href":"https:\/\/contextoanalisisperiodistico.com\/index.php\/wp-json\/wp\/v2\/posts\/14067\/revisions\/14070"}],"wp:featuredmedia":[{"embeddable":true,"href":"https:\/\/contextoanalisisperiodistico.com\/index.php\/wp-json\/wp\/v2\/media\/14068"}],"wp:attachment":[{"href":"https:\/\/contextoanalisisperiodistico.com\/index.php\/wp-json\/wp\/v2\/media?parent=14067"}],"wp:term":[{"taxonomy":"category","embeddable":true,"href":"https:\/\/contextoanalisisperiodistico.com\/index.php\/wp-json\/wp\/v2\/categories?post=14067"},{"taxonomy":"post_tag","embeddable":true,"href":"https:\/\/contextoanalisisperiodistico.com\/index.php\/wp-json\/wp\/v2\/tags?post=14067"}],"curies":[{"name":"wp","href":"https:\/\/api.w.org\/{rel}","templated":true}]}}