{"id":14061,"date":"2023-05-29T19:31:07","date_gmt":"2023-05-30T01:31:07","guid":{"rendered":"https:\/\/contextoanalisisperiodistico.com\/?p=14061"},"modified":"2023-05-29T19:31:15","modified_gmt":"2023-05-30T01:31:15","slug":"la-transformacion-de-oaxaca-ya-nadie-la-detiene-salomon-jara","status":"publish","type":"post","link":"https:\/\/contextoanalisisperiodistico.com\/index.php\/2023\/05\/29\/la-transformacion-de-oaxaca-ya-nadie-la-detiene-salomon-jara\/","title":{"rendered":"<em>La transformaci\u00f3n de Oaxaca ya nadie la detiene: Salom\u00f3n Jara<\/em>"},"content":{"rendered":"<div id=\"fb-root\"><\/div>\n\n<p>\u2022 Junto al Presidente de M\u00e9xico Andr\u00e9s Manuel L\u00f3pez Obrador, el Gobernador de Oaxaca conoci\u00f3 los avances de las obras que se est\u00e1n realizando en el Istmo de Tehuantepec<\/p>\n\n\n\n<p>Regi\u00f3n Istmo, Oax. 29 de mayo de 2023. En una gira de dos d\u00edas, el Gobernador de Oaxaca Salom\u00f3n Jara Cruz acompa\u00f1\u00f3 al Presidente de M\u00e9xico Andr\u00e9s Manuel L\u00f3pez Obrador, en la supervisi\u00f3n de los proyectos que se realizan en la regi\u00f3n del Istmo de Tehuantepec, como parte del Corredor Trans\u00edstmico llamado a ser la palanca de desarrollo del sureste del pa\u00eds.<\/p>\n\n\n\n<p>En esta que es la visita n\u00famero 33 del Jefe del Ejecutivo federal a Oaxaca, se supervisaron los trabajos del Puerto de Salina Cruz donde se construyen 1.6 kil\u00f3metros de rompeolas, as\u00ed como el avance de las l\u00edneas Z y K del Tren Trans\u00edstmico.<\/p>\n\n\n\n<p>En esta gira de trabajo, el Presidente de la Rep\u00fablica dio a conocer que en 15 d\u00edas se lanzar\u00e1 la convocatoria para la licitaci\u00f3n de 10 parques industriales en el Istmo de Tehuantepec.<\/p>\n\n\n\n<p>Adem\u00e1s, en agosto estar\u00e1 terminada la l\u00ednea f\u00e9rrea de los puertos de Salina Cruz a Coatzacoalcos.<\/p>\n\n\n\n<p>Es de se\u00f1alar que en Salina Cruz se rehabilita la refiner\u00eda con una inversi\u00f3n de cuatro mil millones de pesos; adem\u00e1s, se invierten 100 mil millones de pesos en la construcci\u00f3n de una planta coquizadora.<\/p>\n\n\n\n<p>En la gira de trabajo del Presidente de M\u00e9xico, el Gobernador Salom\u00f3n Jara Cruz refrend\u00f3 la voluntad de su gobierno para sumar esfuerzos y potencial que contribuyan a cristalizar el Corredor Interoce\u00e1nico, un megaproyecto encaminado a detonar el desarrollo econ\u00f3mico del pa\u00eds y colocar a la entidad oaxaque\u00f1a en el centro log\u00edstico y comercial a nivel mundial.<\/p>\n\n\n\n<p>\u201cLa transformaci\u00f3n de Oaxaca ya nadie la detiene\u201d, afirm\u00f3 el Mandatario estatal luego de conocer el avance de los trabajos del Corredor Interoce\u00e1nico que conectar\u00e1 al Oc\u00e9ano Pac\u00edfico y Atl\u00e1ntico a trav\u00e9s de los puertos de Salina Cruz, Oaxaca, con Coatzacoalcos, Veracruz.<\/p>\n\n\n\n<p>Expres\u00f3 que estas obras que abrir\u00e1n las puertas al progreso no s\u00f3lo de la entidad, sino de todo el sureste mexicano, permitir\u00e1 transformar la vida de millones de oaxaque\u00f1os y oaxaque\u00f1as, principalmente de las localidades m\u00e1s marginadas.<\/p>\n\n\n\n<p>En este sentido, Salom\u00f3n Jara Cruz tambi\u00e9n agradeci\u00f3 en todo lo que vale el apoyo del Gobierno de M\u00e9xico a Oaxaca para impulsar la transformaci\u00f3n de la entidad a trav\u00e9s de diversos programas y proyectos como la pavimentaci\u00f3n a cabeceras municipales que beneficiar\u00e1 a cerca de 250 localidades; as\u00ed como la construcci\u00f3n de las supercarreteras que conectar\u00e1n a la Ciudad de Oaxaca con las regiones de la Costa e Istmo, permitiendo la movilidad de personas y traslado de mercanc\u00edas y productos.<\/p>\n\n\n\n<p>En el primer d\u00eda de la visita del Presidente Andr\u00e9s Manuel L\u00f3pez Obrador a Oaxaca, el Gobernador Salom\u00f3n Jara Cruz particip\u00f3 en la reuni\u00f3n para evaluar los avances de las l\u00edneas Z y K, que forman parte de los cuatro tramos que comprende el Tren Trans\u00edstmico.<\/p>\n\n\n\n<p>A este encuentro, al que tambi\u00e9n asisti\u00f3 Gobernador de Chiapas, Rutilio Escand\u00f3n Cadena, el Mandatario Estatal expres\u00f3 que este proyecto ferroviario ser\u00e1 uno de los corredores m\u00e1s importantes en comunicaci\u00f3n, competitividad y comercio.<\/p>\n\n\n\n<p>Como parte de la supervisi\u00f3n de las l\u00edneas Z y K, el Gobernador de Oaxaca, junto a su hom\u00f3logo de Chiapas acompa\u00f1aron al Presidente Andr\u00e9s Manuel L\u00f3pez Obrador a los sobrevuelos que realiz\u00f3 junto al almirante Jos\u00e9 Rafael Ojeda Dur\u00e1n, secretario de Marina.<\/p>\n\n\n\n<p>Cabe destacar que la L\u00ednea Z del Tren Trans\u00edstmico va de Salina Cruz, Oaxaca a Coatzacoalcos, Veracruz con 307 kil\u00f3metros de distancia, as\u00ed como la L\u00ednea K, de Ixtepec, Oaxaca a Ciudad Hidalgo, Chiapas con 459 kil\u00f3metros.<\/p>\n\n\n\n<figure class=\"wp-block-image size-large\"><img fetchpriority=\"high\" decoding=\"async\" width=\"950\" height=\"633\" src=\"https:\/\/contextoanalisisperiodistico.com\/wp-content\/uploads\/2023\/05\/img-20230529-wa01251521558559245699487.jpg\" alt=\"\" class=\"wp-image-14063\" srcset=\"https:\/\/contextoanalisisperiodistico.com\/wp-content\/uploads\/2023\/05\/img-20230529-wa01251521558559245699487.jpg 950w, https:\/\/contextoanalisisperiodistico.com\/wp-content\/uploads\/2023\/05\/img-20230529-wa01251521558559245699487-300x200.jpg 300w, https:\/\/contextoanalisisperiodistico.com\/wp-content\/uploads\/2023\/05\/img-20230529-wa01251521558559245699487-768x512.jpg 768w\" sizes=\"(max-width: 950px) 100vw, 950px\" \/><\/figure>\n\n\n\n<figure class=\"wp-block-image\"><img decoding=\"async\" width=\"300\" height=\"200\" src=\"https:\/\/contextoanalisisperiodistico.com\/wp-content\/uploads\/2023\/05\/img-20230529-wa01208871888874243611824-300x200.jpg\" alt=\"\" class=\"wp-image-14065\" srcset=\"https:\/\/contextoanalisisperiodistico.com\/wp-content\/uploads\/2023\/05\/img-20230529-wa01208871888874243611824-300x200.jpg 300w, https:\/\/contextoanalisisperiodistico.com\/wp-content\/uploads\/2023\/05\/img-20230529-wa01208871888874243611824-768x512.jpg 768w, https:\/\/contextoanalisisperiodistico.com\/wp-content\/uploads\/2023\/05\/img-20230529-wa01208871888874243611824.jpg 950w\" sizes=\"(max-width: 300px) 100vw, 300px\" \/><\/figure>\n\n\n\n<figure class=\"wp-block-image\"><img decoding=\"async\" width=\"300\" height=\"200\" src=\"https:\/\/contextoanalisisperiodistico.com\/wp-content\/uploads\/2023\/05\/img-20230529-wa01217869811048809781185-300x200.jpg\" alt=\"\" class=\"wp-image-14064\" srcset=\"https:\/\/contextoanalisisperiodistico.com\/wp-content\/uploads\/2023\/05\/img-20230529-wa01217869811048809781185-300x200.jpg 300w, https:\/\/contextoanalisisperiodistico.com\/wp-content\/uploads\/2023\/05\/img-20230529-wa01217869811048809781185-768x512.jpg 768w, https:\/\/contextoanalisisperiodistico.com\/wp-content\/uploads\/2023\/05\/img-20230529-wa01217869811048809781185.jpg 950w\" sizes=\"(max-width: 300px) 100vw, 300px\" \/><\/figure>\n","protected":false},"excerpt":{"rendered":"<p>\u2022 Junto al Presidente de M\u00e9xico Andr\u00e9s Manuel L\u00f3pez Obrador, el Gobernador de Oaxaca conoci\u00f3&#8230;<\/p>\n","protected":false},"author":4,"featured_media":14062,"comment_status":"closed","ping_status":"open","sticky":false,"template":"","format":"standard","meta":{"footnotes":""},"categories":[9],"tags":[],"jetpack_sharing_enabled":true,"featured_image_urls":{"full":["https:\/\/contextoanalisisperiodistico.com\/wp-content\/uploads\/2023\/05\/IMG-20230529-WA0124.jpg",950,633,false],"thumbnail":["https:\/\/contextoanalisisperiodistico.com\/wp-content\/uploads\/2023\/05\/IMG-20230529-WA0124-150x150.jpg",150,150,true],"medium":["https:\/\/contextoanalisisperiodistico.com\/wp-content\/uploads\/2023\/05\/IMG-20230529-WA0124-300x200.jpg",300,200,true],"medium_large":["https:\/\/contextoanalisisperiodistico.com\/wp-content\/uploads\/2023\/05\/IMG-20230529-WA0124-768x512.jpg",640,427,true],"large":["https:\/\/contextoanalisisperiodistico.com\/wp-content\/uploads\/2023\/05\/IMG-20230529-WA0124.jpg",640,426,false],"1536x1536":["https:\/\/contextoanalisisperiodistico.com\/wp-content\/uploads\/2023\/05\/IMG-20230529-WA0124.jpg",950,633,false],"2048x2048":["https:\/\/contextoanalisisperiodistico.com\/wp-content\/uploads\/2023\/05\/IMG-20230529-WA0124.jpg",950,633,false],"covernews-slider-full":["https:\/\/contextoanalisisperiodistico.com\/wp-content\/uploads\/2023\/05\/IMG-20230529-WA0124.jpg",950,633,false],"covernews-slider-center":["https:\/\/contextoanalisisperiodistico.com\/wp-content\/uploads\/2023\/05\/IMG-20230529-WA0124-800x500.jpg",800,500,true],"covernews-featured":["https:\/\/contextoanalisisperiodistico.com\/wp-content\/uploads\/2023\/05\/IMG-20230529-WA0124.jpg",950,633,false],"covernews-medium":["https:\/\/contextoanalisisperiodistico.com\/wp-content\/uploads\/2023\/05\/IMG-20230529-WA0124-540x340.jpg",540,340,true],"covernews-medium-square":["https:\/\/contextoanalisisperiodistico.com\/wp-content\/uploads\/2023\/05\/IMG-20230529-WA0124-400x250.jpg",400,250,true]},"author_info":{"display_name":"Mario Gir\u00f3n","author_link":"https:\/\/contextoanalisisperiodistico.com\/index.php\/author\/director\/"},"category_info":"<a href=\"https:\/\/contextoanalisisperiodistico.com\/index.php\/category\/politica\/\" rel=\"category tag\">Pol\u00edtica<\/a>","tag_info":"Pol\u00edtica","comment_count":"0","jetpack_featured_media_url":"https:\/\/contextoanalisisperiodistico.com\/wp-content\/uploads\/2023\/05\/IMG-20230529-WA0124.jpg","_links":{"self":[{"href":"https:\/\/contextoanalisisperiodistico.com\/index.php\/wp-json\/wp\/v2\/posts\/14061"}],"collection":[{"href":"https:\/\/contextoanalisisperiodistico.com\/index.php\/wp-json\/wp\/v2\/posts"}],"about":[{"href":"https:\/\/contextoanalisisperiodistico.com\/index.php\/wp-json\/wp\/v2\/types\/post"}],"author":[{"embeddable":true,"href":"https:\/\/contextoanalisisperiodistico.com\/index.php\/wp-json\/wp\/v2\/users\/4"}],"replies":[{"embeddable":true,"href":"https:\/\/contextoanalisisperiodistico.com\/index.php\/wp-json\/wp\/v2\/comments?post=14061"}],"version-history":[{"count":1,"href":"https:\/\/contextoanalisisperiodistico.com\/index.php\/wp-json\/wp\/v2\/posts\/14061\/revisions"}],"predecessor-version":[{"id":14066,"href":"https:\/\/contextoanalisisperiodistico.com\/index.php\/wp-json\/wp\/v2\/posts\/14061\/revisions\/14066"}],"wp:featuredmedia":[{"embeddable":true,"href":"https:\/\/contextoanalisisperiodistico.com\/index.php\/wp-json\/wp\/v2\/media\/14062"}],"wp:attachment":[{"href":"https:\/\/contextoanalisisperiodistico.com\/index.php\/wp-json\/wp\/v2\/media?parent=14061"}],"wp:term":[{"taxonomy":"category","embeddable":true,"href":"https:\/\/contextoanalisisperiodistico.com\/index.php\/wp-json\/wp\/v2\/categories?post=14061"},{"taxonomy":"post_tag","embeddable":true,"href":"https:\/\/contextoanalisisperiodistico.com\/index.php\/wp-json\/wp\/v2\/tags?post=14061"}],"curies":[{"name":"wp","href":"https:\/\/api.w.org\/{rel}","templated":true}]}}