{"id":14058,"date":"2023-05-29T18:12:26","date_gmt":"2023-05-30T00:12:26","guid":{"rendered":"https:\/\/contextoanalisisperiodistico.com\/?p=14058"},"modified":"2023-05-29T18:12:50","modified_gmt":"2023-05-30T00:12:50","slug":"este-1-de-junio-inicia-la-venta-oficial-de-boletos-para-la-guelaguetza-2023","status":"publish","type":"post","link":"https:\/\/contextoanalisisperiodistico.com\/index.php\/2023\/05\/29\/este-1-de-junio-inicia-la-venta-oficial-de-boletos-para-la-guelaguetza-2023\/","title":{"rendered":"Este 1 de junio inicia la venta oficial de boletos para la Guelaguetza 2023"},"content":{"rendered":"<div id=\"fb-root\"><\/div>\n\n<p>\u2022 Los boletos se vender\u00e1n a precio regular para las cuatro presentaciones de los Lunes del Cerro a celebrarse los d\u00edas 17 y 24 de julio<\/p>\n\n\n\n<p>Oaxaca de Ju\u00e1rez, Oax. 29 de mayo del 2023.- Este jueves 1 de junio iniciar\u00e1 la venta a precio regular de los boletos para las cuatro presentaciones de los Lunes del Cerro, que se celebrar\u00e1n los d\u00edas 17 y 24 de julio en el Auditorio Guelaguetza.<\/p>\n\n\n\n<p>La Secretar\u00eda de Turismo del Gobierno del Estado inform\u00f3 que los boletos estar\u00e1n a la venta a trav\u00e9s de la p\u00e1gina de Superboletos www.superboletos.com y en las oficinas de la Sectur Oaxaca, en Avenida Ju\u00e1rez 703 colonia Centro, en la Ciudad de Oaxaca, en un horario de 9:00 a 17:00 horas, donde se instalar\u00e1n cuatro m\u00f3dulos para la venta de las entradas hasta agotar existencias.<\/p>\n\n\n\n<p>La dependencia detall\u00f3 que el costo de los boletos para ingresar a la Secci\u00f3n \u201cA\u201d es de mil 443 pesos y para la Secci\u00f3n \u201cB\u201d de mil 168 pesos, m\u00e1s cargos por servicio. Solo se permitir\u00e1 la compra de m\u00e1ximo dos boletos por persona.<\/p>\n\n\n\n<p>Las personas podr\u00e1n realizar el pago con tarjeta de cr\u00e9dito y d\u00e9bito de cualquier instituci\u00f3n bancaria, as\u00ed como en efectivo.<\/p>\n\n\n\n<p>Cabe destacar que la m\u00e1xima fiesta de Oaxaca se celebrar\u00e1 con dos presentaciones cada d\u00eda, matutina y vespertina, para las cuales tambi\u00e9n habr\u00e1 acceso gratuito a las secciones \u201cC\u201d y \u201cD\u201d.<\/p>\n\n\n\n<p>As\u00ed como en la etapa de preventa, un equipo de colaboradoras y colaboradores de la Sectur Oaxaca brindar\u00e1n atenci\u00f3n e informaci\u00f3n a las personas que realicen la compra de boletos en el punto f\u00edsico.<\/p>\n\n\n\n<p>La dependencia exhorta a la ciudadan\u00eda oaxaque\u00f1a y a turistas nacionales y extranjeros a adquirir los boletos en los puntos de venta autorizados, a no participar en actos de reventa y a denunciar estas acciones en caso de detectarlas.<\/p>\n\n\n\n<p>Se invita a la poblaci\u00f3n a seguir los canales de comunicaci\u00f3n oficiales del Gobierno del Estado donde se dar\u00e1 a conocer toda la informaci\u00f3n respecto a la venta oficial de los boletos.<\/p>\n\n\n\n<p>Oaxaca est\u00e1 muy pr\u00f3xima a vivir el homenaje \u00e9tnico m\u00e1s grande de Am\u00e9rica Latina, donde se mostrar\u00e1n como nunca antes las tradiciones, el color y la alegr\u00eda de esta tierra orgullosa de sus ra\u00edces.<br \/>-0-<\/p>\n","protected":false},"excerpt":{"rendered":"<p>\u2022 Los boletos se vender\u00e1n a precio regular para las cuatro presentaciones de los Lunes&#8230;<\/p>\n","protected":false},"author":4,"featured_media":14059,"comment_status":"closed","ping_status":"open","sticky":false,"template":"","format":"standard","meta":{"footnotes":""},"categories":[9],"tags":[],"jetpack_sharing_enabled":true,"featured_image_urls":{"full":["https:\/\/contextoanalisisperiodistico.com\/wp-content\/uploads\/2023\/05\/IMG-20230529-WA0116.jpg",950,1187,false],"thumbnail":["https:\/\/contextoanalisisperiodistico.com\/wp-content\/uploads\/2023\/05\/IMG-20230529-WA0116-150x150.jpg",150,150,true],"medium":["https:\/\/contextoanalisisperiodistico.com\/wp-content\/uploads\/2023\/05\/IMG-20230529-WA0116-240x300.jpg",240,300,true],"medium_large":["https:\/\/contextoanalisisperiodistico.com\/wp-content\/uploads\/2023\/05\/IMG-20230529-WA0116-768x960.jpg",640,800,true],"large":["https:\/\/contextoanalisisperiodistico.com\/wp-content\/uploads\/2023\/05\/IMG-20230529-WA0116-820x1024.jpg",640,799,true],"1536x1536":["https:\/\/contextoanalisisperiodistico.com\/wp-content\/uploads\/2023\/05\/IMG-20230529-WA0116.jpg",950,1187,false],"2048x2048":["https:\/\/contextoanalisisperiodistico.com\/wp-content\/uploads\/2023\/05\/IMG-20230529-WA0116.jpg",950,1187,false],"covernews-slider-full":["https:\/\/contextoanalisisperiodistico.com\/wp-content\/uploads\/2023\/05\/IMG-20230529-WA0116-950x715.jpg",950,715,true],"covernews-slider-center":["https:\/\/contextoanalisisperiodistico.com\/wp-content\/uploads\/2023\/05\/IMG-20230529-WA0116-800x500.jpg",800,500,true],"covernews-featured":["https:\/\/contextoanalisisperiodistico.com\/wp-content\/uploads\/2023\/05\/IMG-20230529-WA0116.jpg",950,1187,false],"covernews-medium":["https:\/\/contextoanalisisperiodistico.com\/wp-content\/uploads\/2023\/05\/IMG-20230529-WA0116-540x340.jpg",540,340,true],"covernews-medium-square":["https:\/\/contextoanalisisperiodistico.com\/wp-content\/uploads\/2023\/05\/IMG-20230529-WA0116-400x250.jpg",400,250,true]},"author_info":{"display_name":"Mario Gir\u00f3n","author_link":"https:\/\/contextoanalisisperiodistico.com\/index.php\/author\/director\/"},"category_info":"<a href=\"https:\/\/contextoanalisisperiodistico.com\/index.php\/category\/politica\/\" rel=\"category tag\">Pol\u00edtica<\/a>","tag_info":"Pol\u00edtica","comment_count":"0","jetpack_featured_media_url":"https:\/\/contextoanalisisperiodistico.com\/wp-content\/uploads\/2023\/05\/IMG-20230529-WA0116.jpg","_links":{"self":[{"href":"https:\/\/contextoanalisisperiodistico.com\/index.php\/wp-json\/wp\/v2\/posts\/14058"}],"collection":[{"href":"https:\/\/contextoanalisisperiodistico.com\/index.php\/wp-json\/wp\/v2\/posts"}],"about":[{"href":"https:\/\/contextoanalisisperiodistico.com\/index.php\/wp-json\/wp\/v2\/types\/post"}],"author":[{"embeddable":true,"href":"https:\/\/contextoanalisisperiodistico.com\/index.php\/wp-json\/wp\/v2\/users\/4"}],"replies":[{"embeddable":true,"href":"https:\/\/contextoanalisisperiodistico.com\/index.php\/wp-json\/wp\/v2\/comments?post=14058"}],"version-history":[{"count":1,"href":"https:\/\/contextoanalisisperiodistico.com\/index.php\/wp-json\/wp\/v2\/posts\/14058\/revisions"}],"predecessor-version":[{"id":14060,"href":"https:\/\/contextoanalisisperiodistico.com\/index.php\/wp-json\/wp\/v2\/posts\/14058\/revisions\/14060"}],"wp:featuredmedia":[{"embeddable":true,"href":"https:\/\/contextoanalisisperiodistico.com\/index.php\/wp-json\/wp\/v2\/media\/14059"}],"wp:attachment":[{"href":"https:\/\/contextoanalisisperiodistico.com\/index.php\/wp-json\/wp\/v2\/media?parent=14058"}],"wp:term":[{"taxonomy":"category","embeddable":true,"href":"https:\/\/contextoanalisisperiodistico.com\/index.php\/wp-json\/wp\/v2\/categories?post=14058"},{"taxonomy":"post_tag","embeddable":true,"href":"https:\/\/contextoanalisisperiodistico.com\/index.php\/wp-json\/wp\/v2\/tags?post=14058"}],"curies":[{"name":"wp","href":"https:\/\/api.w.org\/{rel}","templated":true}]}}