{"id":14052,"date":"2023-05-29T17:49:36","date_gmt":"2023-05-29T23:49:36","guid":{"rendered":"https:\/\/contextoanalisisperiodistico.com\/?p=14052"},"modified":"2023-05-29T17:49:46","modified_gmt":"2023-05-29T23:49:46","slug":"cumple-ieepo-con-entrega-de-materiales-a-escuelas-normales-de-oaxaca","status":"publish","type":"post","link":"https:\/\/contextoanalisisperiodistico.com\/index.php\/2023\/05\/29\/cumple-ieepo-con-entrega-de-materiales-a-escuelas-normales-de-oaxaca\/","title":{"rendered":"Cumple IEEPO con entrega de materiales a Escuelas Normales de Oaxaca"},"content":{"rendered":"<div id=\"fb-root\"><\/div>\n\n<p>\u2022 Se distribuyen paquetes de material did\u00e1ctico y deportivo, como se concert\u00f3 con la Coordinadora Estudiantil Normalista del Estado<\/p>\n\n\n\n<p>Oaxaca de Ju\u00e1rez, Oax. 29 de mayo de 2023.- Para fortalecer las pr\u00e1cticas profesionales de estudiantes de las Escuelas Normales de la entidad, el Instituto Estatal de Educaci\u00f3n P\u00fablica de Oaxaca (IEEPO) lleva a cabo la entrega de paquetes de materiales de papeler\u00eda, did\u00e1ctico y deportivo, conforme a lo establecido en el calendario propuesto y aprobado por la Coordinadora Estudiantil Normalista del Estado de Oaxaca (CENEO).<\/p>\n\n\n\n<p>El director general del Instituto Emilio Montero P\u00e9rez expres\u00f3 que tal como lo ha instruido el Gobernador Salom\u00f3n Jara Cruz, se mantienen abiertos los canales de comunicaci\u00f3n institucionales para continuar atendiendo los planteamientos de la comunidad normalista en el marco de la legalidad.<\/p>\n\n\n\n<p>Se\u00f1al\u00f3 que en cumplimiento a los acuerdos alcanzados y establecidos en una minuta de trabajo firmada, donde se concert\u00f3 la dotaci\u00f3n de materiales de acuerdo a cada licenciatura, el pasado 28 de mayo el IEEPO inici\u00f3 la entrega de paquetes consistes en pliegos de papel, cartulina, pintura acr\u00edlica, fieltro, crayolas, marcadores, l\u00e1pices de colores, tijeras, material y juguetes did\u00e1cticos, hojas, carpetas, pinceles, plumones y equipo deportivo, entre otros.<\/p>\n\n\n\n<p>Con ello se beneficia a estudiantes de s\u00e9ptimo y octavo semestre de las licenciaturas en Educaci\u00f3n Primaria, Educaci\u00f3n Preescolar, Educaci\u00f3n Primaria Intercultural Biling\u00fce, Preescolar Intercultural Biling\u00fce, Educaci\u00f3n F\u00edsica y Educaci\u00f3n Especial.<\/p>\n\n\n\n<p>\u201cCon este acuerdo hist\u00f3rico construido a partir de la visi\u00f3n de un gobierno de pluralidad, apertura, voluntad y disposici\u00f3n al di\u00e1logo, el IEEPO ratifica que es posible atender las demandas de los sectores sociales a fin de revertir la deuda hist\u00f3rica que existe con los pueblos oaxaque\u00f1os, de acuerdo a la instrucci\u00f3n del Gobernador Salom\u00f3n Jara Cruz y porque el trabajo por Oaxaca y su educaci\u00f3n no se detiene\u201d, enfatiz\u00f3 Montero P\u00e9rez.<\/p>\n\n\n\n<p>-0-<\/p>\n\n\n\n<figure class=\"wp-block-image size-large\"><img fetchpriority=\"high\" decoding=\"async\" width=\"1024\" height=\"683\" src=\"https:\/\/contextoanalisisperiodistico.com\/wp-content\/uploads\/2023\/05\/img-20230529-wa01138771440701072598076.jpg\" alt=\"\" class=\"wp-image-14054\" srcset=\"https:\/\/contextoanalisisperiodistico.com\/wp-content\/uploads\/2023\/05\/img-20230529-wa01138771440701072598076.jpg 1024w, https:\/\/contextoanalisisperiodistico.com\/wp-content\/uploads\/2023\/05\/img-20230529-wa01138771440701072598076-300x200.jpg 300w, https:\/\/contextoanalisisperiodistico.com\/wp-content\/uploads\/2023\/05\/img-20230529-wa01138771440701072598076-768x512.jpg 768w\" sizes=\"(max-width: 1024px) 100vw, 1024px\" \/><\/figure>\n\n\n\n<figure class=\"wp-block-image\"><img decoding=\"async\" width=\"300\" height=\"200\" src=\"https:\/\/contextoanalisisperiodistico.com\/wp-content\/uploads\/2023\/05\/img-20230529-wa01116362820560273835132-300x200.jpg\" alt=\"\" class=\"wp-image-14056\" srcset=\"https:\/\/contextoanalisisperiodistico.com\/wp-content\/uploads\/2023\/05\/img-20230529-wa01116362820560273835132-300x200.jpg 300w, https:\/\/contextoanalisisperiodistico.com\/wp-content\/uploads\/2023\/05\/img-20230529-wa01116362820560273835132-768x512.jpg 768w, https:\/\/contextoanalisisperiodistico.com\/wp-content\/uploads\/2023\/05\/img-20230529-wa01116362820560273835132.jpg 1024w\" sizes=\"(max-width: 300px) 100vw, 300px\" \/><\/figure>\n\n\n\n<figure class=\"wp-block-image\"><img decoding=\"async\" width=\"300\" height=\"200\" src=\"https:\/\/contextoanalisisperiodistico.com\/wp-content\/uploads\/2023\/05\/img-20230529-wa01124435403539352719842-300x200.jpg\" alt=\"\" class=\"wp-image-14055\" srcset=\"https:\/\/contextoanalisisperiodistico.com\/wp-content\/uploads\/2023\/05\/img-20230529-wa01124435403539352719842-300x200.jpg 300w, https:\/\/contextoanalisisperiodistico.com\/wp-content\/uploads\/2023\/05\/img-20230529-wa01124435403539352719842-768x512.jpg 768w, https:\/\/contextoanalisisperiodistico.com\/wp-content\/uploads\/2023\/05\/img-20230529-wa01124435403539352719842.jpg 1024w\" sizes=\"(max-width: 300px) 100vw, 300px\" \/><\/figure>\n","protected":false},"excerpt":{"rendered":"<p>\u2022 Se distribuyen paquetes de material did\u00e1ctico y deportivo, como se concert\u00f3 con la Coordinadora&#8230;<\/p>\n","protected":false},"author":4,"featured_media":14053,"comment_status":"closed","ping_status":"open","sticky":false,"template":"","format":"standard","meta":{"footnotes":""},"categories":[9],"tags":[],"jetpack_sharing_enabled":true,"featured_image_urls":{"full":["https:\/\/contextoanalisisperiodistico.com\/wp-content\/uploads\/2023\/05\/IMG-20230529-WA0110.jpg",1024,683,false],"thumbnail":["https:\/\/contextoanalisisperiodistico.com\/wp-content\/uploads\/2023\/05\/IMG-20230529-WA0110-150x150.jpg",150,150,true],"medium":["https:\/\/contextoanalisisperiodistico.com\/wp-content\/uploads\/2023\/05\/IMG-20230529-WA0110-300x200.jpg",300,200,true],"medium_large":["https:\/\/contextoanalisisperiodistico.com\/wp-content\/uploads\/2023\/05\/IMG-20230529-WA0110-768x512.jpg",640,427,true],"large":["https:\/\/contextoanalisisperiodistico.com\/wp-content\/uploads\/2023\/05\/IMG-20230529-WA0110.jpg",640,427,false],"1536x1536":["https:\/\/contextoanalisisperiodistico.com\/wp-content\/uploads\/2023\/05\/IMG-20230529-WA0110.jpg",1024,683,false],"2048x2048":["https:\/\/contextoanalisisperiodistico.com\/wp-content\/uploads\/2023\/05\/IMG-20230529-WA0110.jpg",1024,683,false],"covernews-slider-full":["https:\/\/contextoanalisisperiodistico.com\/wp-content\/uploads\/2023\/05\/IMG-20230529-WA0110.jpg",1024,683,false],"covernews-slider-center":["https:\/\/contextoanalisisperiodistico.com\/wp-content\/uploads\/2023\/05\/IMG-20230529-WA0110-800x500.jpg",800,500,true],"covernews-featured":["https:\/\/contextoanalisisperiodistico.com\/wp-content\/uploads\/2023\/05\/IMG-20230529-WA0110.jpg",1024,683,false],"covernews-medium":["https:\/\/contextoanalisisperiodistico.com\/wp-content\/uploads\/2023\/05\/IMG-20230529-WA0110-540x340.jpg",540,340,true],"covernews-medium-square":["https:\/\/contextoanalisisperiodistico.com\/wp-content\/uploads\/2023\/05\/IMG-20230529-WA0110-400x250.jpg",400,250,true]},"author_info":{"display_name":"Mario Gir\u00f3n","author_link":"https:\/\/contextoanalisisperiodistico.com\/index.php\/author\/director\/"},"category_info":"<a href=\"https:\/\/contextoanalisisperiodistico.com\/index.php\/category\/politica\/\" rel=\"category tag\">Pol\u00edtica<\/a>","tag_info":"Pol\u00edtica","comment_count":"0","jetpack_featured_media_url":"https:\/\/contextoanalisisperiodistico.com\/wp-content\/uploads\/2023\/05\/IMG-20230529-WA0110.jpg","_links":{"self":[{"href":"https:\/\/contextoanalisisperiodistico.com\/index.php\/wp-json\/wp\/v2\/posts\/14052"}],"collection":[{"href":"https:\/\/contextoanalisisperiodistico.com\/index.php\/wp-json\/wp\/v2\/posts"}],"about":[{"href":"https:\/\/contextoanalisisperiodistico.com\/index.php\/wp-json\/wp\/v2\/types\/post"}],"author":[{"embeddable":true,"href":"https:\/\/contextoanalisisperiodistico.com\/index.php\/wp-json\/wp\/v2\/users\/4"}],"replies":[{"embeddable":true,"href":"https:\/\/contextoanalisisperiodistico.com\/index.php\/wp-json\/wp\/v2\/comments?post=14052"}],"version-history":[{"count":1,"href":"https:\/\/contextoanalisisperiodistico.com\/index.php\/wp-json\/wp\/v2\/posts\/14052\/revisions"}],"predecessor-version":[{"id":14057,"href":"https:\/\/contextoanalisisperiodistico.com\/index.php\/wp-json\/wp\/v2\/posts\/14052\/revisions\/14057"}],"wp:featuredmedia":[{"embeddable":true,"href":"https:\/\/contextoanalisisperiodistico.com\/index.php\/wp-json\/wp\/v2\/media\/14053"}],"wp:attachment":[{"href":"https:\/\/contextoanalisisperiodistico.com\/index.php\/wp-json\/wp\/v2\/media?parent=14052"}],"wp:term":[{"taxonomy":"category","embeddable":true,"href":"https:\/\/contextoanalisisperiodistico.com\/index.php\/wp-json\/wp\/v2\/categories?post=14052"},{"taxonomy":"post_tag","embeddable":true,"href":"https:\/\/contextoanalisisperiodistico.com\/index.php\/wp-json\/wp\/v2\/tags?post=14052"}],"curies":[{"name":"wp","href":"https:\/\/api.w.org\/{rel}","templated":true}]}}