{"id":14017,"date":"2023-05-28T14:35:35","date_gmt":"2023-05-28T20:35:35","guid":{"rendered":"https:\/\/contextoanalisisperiodistico.com\/?p=14017"},"modified":"2023-05-28T14:35:49","modified_gmt":"2023-05-28T20:35:49","slug":"fomentan-la-lectura-y-el-baile-en-la-central-de-abasto","status":"publish","type":"post","link":"https:\/\/contextoanalisisperiodistico.com\/index.php\/2023\/05\/28\/fomentan-la-lectura-y-el-baile-en-la-central-de-abasto\/","title":{"rendered":"Fomentan la lectura y el baile en la Central de Abasto"},"content":{"rendered":"<div id=\"fb-root\"><\/div>\n\n<p>\u2022 Personas del lugar pudieron disfrutar de la presentaci\u00f3n del grupo representativo de danza folcl\u00f3rica Cent\u00e9olt de Oaxaca<\/p>\n\n\n\n<p>\u2022 Talleristas y cuentacuentos hicieron una tarde muy especial a trav\u00e9s de m\u00e1gicas historias que echaron a volar la imaginaci\u00f3n de la ni\u00f1ez<\/p>\n\n\n\n<p>Oaxaca de Ju\u00e1rez, Oax., 28 de mayo de 2023.- Ni\u00f1as y ni\u00f1os, as\u00ed como personas locatarias de la Central de Abasto disfrutaron de una tarde de cuentacuentos y bailes representativos de Oaxaca promovidos por la Casa de la Cultura Oaxaque\u00f1a (CCO) en conjunto con la Coordinaci\u00f3n General de Fomento a la Lectura y el Instituto de Capacitaci\u00f3n y Productividad para el Trabajo (ICAPET).<\/p>\n\n\n\n<p>Como parte de la promoci\u00f3n del h\u00e1bito de la lectura entre la poblaci\u00f3n y en especial entre la ni\u00f1ez oaxaque\u00f1a, esta actividad en el centro econ\u00f3mico m\u00e1s importante del estado, cont\u00f3 con la participaci\u00f3n de talleristas y cuentacuentos, quienes hicieron una tarde muy especial a trav\u00e9s de m\u00e1gicas historias que echaron a volar la imaginaci\u00f3n de la ni\u00f1ez.<\/p>\n\n\n\n<p>La titular de la CCO Sara Orozco Mart\u00ednez expres\u00f3 que el objetivo de esta suma de esfuerzos es promover espacios culturales y fomentar la lectura, por lo que agradeci\u00f3 la colaboraci\u00f3n de las y los locatarios quienes hicieron posible la realizaci\u00f3n de este evento cultural en la zona de artesan\u00edas.<\/p>\n\n\n\n<p>\u201cNuestra cultura y arte son elementos que nos distinguen y enorgullecen, por lo que en la Casa de la Cultura trabajamos para abrir espacios para todas y todos; para la actual administraci\u00f3n que encabeza nuestro Gobernador Salom\u00f3n Jara Cruz es importante abrir los espacios para todas las expresiones art\u00edsticas\u201d, enfatiz\u00f3.<\/p>\n\n\n\n<p>De esta manera, las personas del lugar pudieron disfrutar de la presentaci\u00f3n del grupo representativo de danza folcl\u00f3rica Cent\u00e9olt de Oaxaca, agrupaci\u00f3n conformada por personas adultas mayores quienes fueron ampliamente reconocidas con aplausos.<\/p>\n\n\n\n<p>En este marco, Sara Orozco Mart\u00ednez expres\u00f3 que ante la excelente acogida que tuvo este programa cultural, se buscar\u00e1 replicarlo en el \u00e1rea de ropa t\u00edpica, huaraches y productos hechos en piel.<\/p>\n\n\n\n<p>Finalmente, la funcionaria cultural inform\u00f3 que se llev\u00f3 a cabo el Sexto Aniversario de la Danzonera, de la mano de Lisset Pilar Santiago, organizadora de los tradicionales \u2018Mi\u00e9rcoles de Danz\u00f3n\u2019.<\/p>\n\n\n\n<p>Este evento, dijo, tuvo lugar en las instalaciones de la Casa de la Cultura, donde se tuvo la grata visita de personal de la Secretar\u00eda de Bienestar, Tequio e Inclusi\u00f3n, as\u00ed como de la Coordinaci\u00f3n General de Fomento a la Lectura.<\/p>\n\n\n\n<p>-0-<\/p>\n\n\n\n<figure class=\"wp-block-image size-large\"><img fetchpriority=\"high\" decoding=\"async\" width=\"1024\" height=\"615\" src=\"https:\/\/contextoanalisisperiodistico.com\/wp-content\/uploads\/2023\/05\/img-20230528-wa00504879453217289902470.jpg\" alt=\"\" class=\"wp-image-14019\" srcset=\"https:\/\/contextoanalisisperiodistico.com\/wp-content\/uploads\/2023\/05\/img-20230528-wa00504879453217289902470.jpg 1024w, https:\/\/contextoanalisisperiodistico.com\/wp-content\/uploads\/2023\/05\/img-20230528-wa00504879453217289902470-300x180.jpg 300w, https:\/\/contextoanalisisperiodistico.com\/wp-content\/uploads\/2023\/05\/img-20230528-wa00504879453217289902470-768x461.jpg 768w\" sizes=\"(max-width: 1024px) 100vw, 1024px\" \/><\/figure>\n\n\n\n<figure class=\"wp-block-image\"><img decoding=\"async\" width=\"1024\" height=\"575\" src=\"https:\/\/contextoanalisisperiodistico.com\/wp-content\/uploads\/2023\/05\/img-20230528-wa00524095761727373288967-1024x575.jpg\" alt=\"\" class=\"wp-image-14020\" srcset=\"https:\/\/contextoanalisisperiodistico.com\/wp-content\/uploads\/2023\/05\/img-20230528-wa00524095761727373288967-1024x575.jpg 1024w, https:\/\/contextoanalisisperiodistico.com\/wp-content\/uploads\/2023\/05\/img-20230528-wa00524095761727373288967-300x168.jpg 300w, https:\/\/contextoanalisisperiodistico.com\/wp-content\/uploads\/2023\/05\/img-20230528-wa00524095761727373288967-768x431.jpg 768w, https:\/\/contextoanalisisperiodistico.com\/wp-content\/uploads\/2023\/05\/img-20230528-wa00524095761727373288967-1536x862.jpg 1536w, https:\/\/contextoanalisisperiodistico.com\/wp-content\/uploads\/2023\/05\/img-20230528-wa00524095761727373288967.jpg 1600w\" sizes=\"(max-width: 1024px) 100vw, 1024px\" \/><\/figure>\n","protected":false},"excerpt":{"rendered":"<p>\u2022 Personas del lugar pudieron disfrutar de la presentaci\u00f3n del grupo representativo de danza folcl\u00f3rica&#8230;<\/p>\n","protected":false},"author":4,"featured_media":14018,"comment_status":"closed","ping_status":"open","sticky":false,"template":"","format":"standard","meta":{"footnotes":""},"categories":[3],"tags":[],"jetpack_sharing_enabled":true,"featured_image_urls":{"full":["https:\/\/contextoanalisisperiodistico.com\/wp-content\/uploads\/2023\/05\/IMG-20230528-WA0051.jpg",1600,983,false],"thumbnail":["https:\/\/contextoanalisisperiodistico.com\/wp-content\/uploads\/2023\/05\/IMG-20230528-WA0051-150x150.jpg",150,150,true],"medium":["https:\/\/contextoanalisisperiodistico.com\/wp-content\/uploads\/2023\/05\/IMG-20230528-WA0051-300x184.jpg",300,184,true],"medium_large":["https:\/\/contextoanalisisperiodistico.com\/wp-content\/uploads\/2023\/05\/IMG-20230528-WA0051-768x472.jpg",640,393,true],"large":["https:\/\/contextoanalisisperiodistico.com\/wp-content\/uploads\/2023\/05\/IMG-20230528-WA0051-1024x629.jpg",640,393,true],"1536x1536":["https:\/\/contextoanalisisperiodistico.com\/wp-content\/uploads\/2023\/05\/IMG-20230528-WA0051-1536x944.jpg",1536,944,true],"2048x2048":["https:\/\/contextoanalisisperiodistico.com\/wp-content\/uploads\/2023\/05\/IMG-20230528-WA0051.jpg",1600,983,false],"covernews-slider-full":["https:\/\/contextoanalisisperiodistico.com\/wp-content\/uploads\/2023\/05\/IMG-20230528-WA0051-1115x715.jpg",1115,715,true],"covernews-slider-center":["https:\/\/contextoanalisisperiodistico.com\/wp-content\/uploads\/2023\/05\/IMG-20230528-WA0051-800x500.jpg",800,500,true],"covernews-featured":["https:\/\/contextoanalisisperiodistico.com\/wp-content\/uploads\/2023\/05\/IMG-20230528-WA0051-1024x629.jpg",1024,629,true],"covernews-medium":["https:\/\/contextoanalisisperiodistico.com\/wp-content\/uploads\/2023\/05\/IMG-20230528-WA0051-540x340.jpg",540,340,true],"covernews-medium-square":["https:\/\/contextoanalisisperiodistico.com\/wp-content\/uploads\/2023\/05\/IMG-20230528-WA0051-400x250.jpg",400,250,true]},"author_info":{"display_name":"Mario Gir\u00f3n","author_link":"https:\/\/contextoanalisisperiodistico.com\/index.php\/author\/director\/"},"category_info":"<a href=\"https:\/\/contextoanalisisperiodistico.com\/index.php\/category\/ciudad\/\" rel=\"category tag\">Ciudad<\/a>","tag_info":"Ciudad","comment_count":"0","jetpack_featured_media_url":"https:\/\/contextoanalisisperiodistico.com\/wp-content\/uploads\/2023\/05\/IMG-20230528-WA0051.jpg","_links":{"self":[{"href":"https:\/\/contextoanalisisperiodistico.com\/index.php\/wp-json\/wp\/v2\/posts\/14017"}],"collection":[{"href":"https:\/\/contextoanalisisperiodistico.com\/index.php\/wp-json\/wp\/v2\/posts"}],"about":[{"href":"https:\/\/contextoanalisisperiodistico.com\/index.php\/wp-json\/wp\/v2\/types\/post"}],"author":[{"embeddable":true,"href":"https:\/\/contextoanalisisperiodistico.com\/index.php\/wp-json\/wp\/v2\/users\/4"}],"replies":[{"embeddable":true,"href":"https:\/\/contextoanalisisperiodistico.com\/index.php\/wp-json\/wp\/v2\/comments?post=14017"}],"version-history":[{"count":1,"href":"https:\/\/contextoanalisisperiodistico.com\/index.php\/wp-json\/wp\/v2\/posts\/14017\/revisions"}],"predecessor-version":[{"id":14021,"href":"https:\/\/contextoanalisisperiodistico.com\/index.php\/wp-json\/wp\/v2\/posts\/14017\/revisions\/14021"}],"wp:featuredmedia":[{"embeddable":true,"href":"https:\/\/contextoanalisisperiodistico.com\/index.php\/wp-json\/wp\/v2\/media\/14018"}],"wp:attachment":[{"href":"https:\/\/contextoanalisisperiodistico.com\/index.php\/wp-json\/wp\/v2\/media?parent=14017"}],"wp:term":[{"taxonomy":"category","embeddable":true,"href":"https:\/\/contextoanalisisperiodistico.com\/index.php\/wp-json\/wp\/v2\/categories?post=14017"},{"taxonomy":"post_tag","embeddable":true,"href":"https:\/\/contextoanalisisperiodistico.com\/index.php\/wp-json\/wp\/v2\/tags?post=14017"}],"curies":[{"name":"wp","href":"https:\/\/api.w.org\/{rel}","templated":true}]}}