{"id":13993,"date":"2023-05-27T21:27:02","date_gmt":"2023-05-28T03:27:02","guid":{"rendered":"https:\/\/contextoanalisisperiodistico.com\/?p=13993"},"modified":"2023-05-28T07:39:24","modified_gmt":"2023-05-28T13:39:24","slug":"ratifica-martinez-neri-compromisode-trabajo-con-obras-de-bienestar-parafamilias-capitalinas","status":"publish","type":"post","link":"https:\/\/contextoanalisisperiodistico.com\/index.php\/2023\/05\/27\/ratifica-martinez-neri-compromisode-trabajo-con-obras-de-bienestar-parafamilias-capitalinas\/","title":{"rendered":"Ratifica Mart\u00ednez Neri compromiso<br>de trabajo con obras de bienestar a familias capitalinas"},"content":{"rendered":"<div id=\"fb-root\"><\/div>\n\n<p>\u25cf A familias del barrio del Marquesado nuevo sistema de drenaje pluvial y rehabilitaci\u00f3n de red de agua potable <\/p>\n\n\n\n<p>\u25cfMart\u00ednez Neri recorre las obras municipales ejecutadas con las cuales fortalece lazo de trabajo y unidad con vecinas y vecinos<\/p>\n\n\n\n<p><br \/>La construcci\u00f3n del sistema de drenaje pluvial del gobierno municipal de Francisco Mart\u00ednez Neri en el callej\u00f3n Alfonso P\u00e9rez Gasga, barrio del Marquesado, hizo posible que los felices vecinos inscribieran esta fecha como hist\u00f3rica, derivado de un gobierno municipal que cumple y con hechos, pone punto final a un a\u00f1ejo problema citadino la mayor parte del a\u00f1o, pero m\u00e1s, en temporada de lluvia.<\/p>\n\n\n\n<p><br \/>Esta ma\u00f1ana, el edil capitalino, integrantes del Cabildo municipal y funcionarios, fueron recibidos calurosamente por vecinos y familias con residencia en uno de los sitios emblem\u00e1ticos del olvido oficial.<\/p>\n\n\n\n<p><br \/>Juntos, en armon\u00eda y unidad, conversaron, intercambiaron puntos de vista y minutos despu\u00e9s, recorrer\u00edan y supervisar\u00edan los 68.74 metros de construcci\u00f3n, merced a una inversi\u00f3n superior al mill\u00f3n de pesos.<\/p>\n\n\n\n<p><br \/>En medio de una alegr\u00eda vecinal desbordada, recordaron a\u00f1os y d\u00e9cadas en poder de un drenaje olvidado, sin mantenimiento y abandonado como destino, adem\u00e1s, asfixiado por m\u00e1s de 30 tomas conectadas clandestinamente, convertidas en parte del origen del problema la cual en pesadilla lleg\u00f3 a convertirse para el vecindario.<\/p>\n\n\n\n<p><br \/>Hoy, son tiempos nuevos, de luz y eficacia en el servicio municipal encabezado por Francisco Mart\u00ednez Neri. Qued\u00f3 establecido que el nuevo drenaje pluvial contribuir\u00e1 significativamente a mejorar la calidad de vida de 100 habitantes.<\/p>\n\n\n\n<p><br \/>El recorrido, el feliz reencuentro entre vecinos y gobierno municipal, encabezado por Mart\u00ednez Neri, sirvi\u00f3 al Edil comprobar la calidez y alegr\u00eda de los gobernados de este sector capitalino para con el gobierno municipal morenista.<\/p>\n\n\n\n<p><br \/>M\u00e1s tarde, el Presidente municipal capitalino se retirar\u00eda del lugar llev\u00e1ndose grabado en coraz\u00f3n y mente el agradecimiento vecinal, mujeres y hombres, reconociendo en Mart\u00ednez Neri el saber cumplir con la obligaci\u00f3n de trabajo que la confiere la constituci\u00f3n como m\u00e1ximo representante de los capitalinos.<\/p>\n\n\n\n<p><br \/>Rehabilitaci\u00f3n de la red de agua potable:<br \/>Minutos despu\u00e9s, Mart\u00ednez Neri lleg\u00f3 a la privada de Margaritas, en el mismo barrio, donde comprob\u00f3 la rehabilitaci\u00f3n de la red de agua potable. Se inform\u00f3 que esta mejora de infraestructura urbana absorbi\u00f3 una inversi\u00f3n superior a los 400 mil pesos en beneficio de m\u00e1s de 100 habitantes, con lo cual queda asegurado un suministro confiable y de calidad.<\/p>\n\n\n\n<p><br \/>Con lo cual, el presidente municipal, Francisco Mart\u00ednez Neri reafirm\u00f3 el compromiso de seguir trabajando en beneficio de familias capitalinas a trav\u00e9s de obras p\u00fablicas con significado de bienestar para cada una de las familias en Oaxaca de Ju\u00e1rez.<\/p>\n\n\n\n<figure class=\"wp-block-image size-large\"><img fetchpriority=\"high\" decoding=\"async\" width=\"1024\" height=\"683\" src=\"https:\/\/contextoanalisisperiodistico.com\/wp-content\/uploads\/2023\/05\/img-20230527-wa00695301510407604968748-1024x683.jpg\" alt=\"\" class=\"wp-image-13995\" srcset=\"https:\/\/contextoanalisisperiodistico.com\/wp-content\/uploads\/2023\/05\/img-20230527-wa00695301510407604968748-1024x683.jpg 1024w, https:\/\/contextoanalisisperiodistico.com\/wp-content\/uploads\/2023\/05\/img-20230527-wa00695301510407604968748-300x200.jpg 300w, https:\/\/contextoanalisisperiodistico.com\/wp-content\/uploads\/2023\/05\/img-20230527-wa00695301510407604968748-768x512.jpg 768w, https:\/\/contextoanalisisperiodistico.com\/wp-content\/uploads\/2023\/05\/img-20230527-wa00695301510407604968748.jpg 1500w\" sizes=\"(max-width: 1024px) 100vw, 1024px\" \/><\/figure>\n\n\n\n<figure class=\"wp-block-image\"><img decoding=\"async\" width=\"1024\" height=\"683\" src=\"https:\/\/contextoanalisisperiodistico.com\/wp-content\/uploads\/2023\/05\/img-20230527-wa00662444966886991182688-1024x683.jpg\" alt=\"\" class=\"wp-image-13997\" srcset=\"https:\/\/contextoanalisisperiodistico.com\/wp-content\/uploads\/2023\/05\/img-20230527-wa00662444966886991182688-1024x683.jpg 1024w, https:\/\/contextoanalisisperiodistico.com\/wp-content\/uploads\/2023\/05\/img-20230527-wa00662444966886991182688-300x200.jpg 300w, https:\/\/contextoanalisisperiodistico.com\/wp-content\/uploads\/2023\/05\/img-20230527-wa00662444966886991182688-768x512.jpg 768w, https:\/\/contextoanalisisperiodistico.com\/wp-content\/uploads\/2023\/05\/img-20230527-wa00662444966886991182688.jpg 1500w\" sizes=\"(max-width: 1024px) 100vw, 1024px\" \/><\/figure>\n\n\n\n<figure class=\"wp-block-image\"><img decoding=\"async\" width=\"1024\" height=\"682\" src=\"https:\/\/contextoanalisisperiodistico.com\/wp-content\/uploads\/2023\/05\/img-20230527-wa00675101400889615956460-1024x682.jpg\" alt=\"\" class=\"wp-image-13996\" srcset=\"https:\/\/contextoanalisisperiodistico.com\/wp-content\/uploads\/2023\/05\/img-20230527-wa00675101400889615956460-1024x682.jpg 1024w, https:\/\/contextoanalisisperiodistico.com\/wp-content\/uploads\/2023\/05\/img-20230527-wa00675101400889615956460-300x200.jpg 300w, https:\/\/contextoanalisisperiodistico.com\/wp-content\/uploads\/2023\/05\/img-20230527-wa00675101400889615956460-768x512.jpg 768w, https:\/\/contextoanalisisperiodistico.com\/wp-content\/uploads\/2023\/05\/img-20230527-wa00675101400889615956460-1536x1023.jpg 1536w, https:\/\/contextoanalisisperiodistico.com\/wp-content\/uploads\/2023\/05\/img-20230527-wa00675101400889615956460.jpg 1600w\" sizes=\"(max-width: 1024px) 100vw, 1024px\" \/><\/figure>\n","protected":false},"excerpt":{"rendered":"<p>\u25cf A familias del barrio del Marquesado nuevo sistema de drenaje pluvial y rehabilitaci\u00f3n de&#8230;<\/p>\n","protected":false},"author":4,"featured_media":13994,"comment_status":"closed","ping_status":"open","sticky":false,"template":"","format":"standard","meta":{"footnotes":""},"categories":[9],"tags":[],"jetpack_sharing_enabled":true,"featured_image_urls":{"full":["https:\/\/contextoanalisisperiodistico.com\/wp-content\/uploads\/2023\/05\/IMG-20230527-WA0068.jpg",1500,1000,false],"thumbnail":["https:\/\/contextoanalisisperiodistico.com\/wp-content\/uploads\/2023\/05\/IMG-20230527-WA0068-150x150.jpg",150,150,true],"medium":["https:\/\/contextoanalisisperiodistico.com\/wp-content\/uploads\/2023\/05\/IMG-20230527-WA0068-300x200.jpg",300,200,true],"medium_large":["https:\/\/contextoanalisisperiodistico.com\/wp-content\/uploads\/2023\/05\/IMG-20230527-WA0068-768x512.jpg",640,427,true],"large":["https:\/\/contextoanalisisperiodistico.com\/wp-content\/uploads\/2023\/05\/IMG-20230527-WA0068-1024x683.jpg",640,427,true],"1536x1536":["https:\/\/contextoanalisisperiodistico.com\/wp-content\/uploads\/2023\/05\/IMG-20230527-WA0068.jpg",1500,1000,false],"2048x2048":["https:\/\/contextoanalisisperiodistico.com\/wp-content\/uploads\/2023\/05\/IMG-20230527-WA0068.jpg",1500,1000,false],"covernews-slider-full":["https:\/\/contextoanalisisperiodistico.com\/wp-content\/uploads\/2023\/05\/IMG-20230527-WA0068-1115x715.jpg",1115,715,true],"covernews-slider-center":["https:\/\/contextoanalisisperiodistico.com\/wp-content\/uploads\/2023\/05\/IMG-20230527-WA0068-800x500.jpg",800,500,true],"covernews-featured":["https:\/\/contextoanalisisperiodistico.com\/wp-content\/uploads\/2023\/05\/IMG-20230527-WA0068-1024x683.jpg",1024,683,true],"covernews-medium":["https:\/\/contextoanalisisperiodistico.com\/wp-content\/uploads\/2023\/05\/IMG-20230527-WA0068-540x340.jpg",540,340,true],"covernews-medium-square":["https:\/\/contextoanalisisperiodistico.com\/wp-content\/uploads\/2023\/05\/IMG-20230527-WA0068-400x250.jpg",400,250,true]},"author_info":{"display_name":"Mario Gir\u00f3n","author_link":"https:\/\/contextoanalisisperiodistico.com\/index.php\/author\/director\/"},"category_info":"<a href=\"https:\/\/contextoanalisisperiodistico.com\/index.php\/category\/politica\/\" rel=\"category tag\">Pol\u00edtica<\/a>","tag_info":"Pol\u00edtica","comment_count":"0","jetpack_featured_media_url":"https:\/\/contextoanalisisperiodistico.com\/wp-content\/uploads\/2023\/05\/IMG-20230527-WA0068.jpg","_links":{"self":[{"href":"https:\/\/contextoanalisisperiodistico.com\/index.php\/wp-json\/wp\/v2\/posts\/13993"}],"collection":[{"href":"https:\/\/contextoanalisisperiodistico.com\/index.php\/wp-json\/wp\/v2\/posts"}],"about":[{"href":"https:\/\/contextoanalisisperiodistico.com\/index.php\/wp-json\/wp\/v2\/types\/post"}],"author":[{"embeddable":true,"href":"https:\/\/contextoanalisisperiodistico.com\/index.php\/wp-json\/wp\/v2\/users\/4"}],"replies":[{"embeddable":true,"href":"https:\/\/contextoanalisisperiodistico.com\/index.php\/wp-json\/wp\/v2\/comments?post=13993"}],"version-history":[{"count":3,"href":"https:\/\/contextoanalisisperiodistico.com\/index.php\/wp-json\/wp\/v2\/posts\/13993\/revisions"}],"predecessor-version":[{"id":14000,"href":"https:\/\/contextoanalisisperiodistico.com\/index.php\/wp-json\/wp\/v2\/posts\/13993\/revisions\/14000"}],"wp:featuredmedia":[{"embeddable":true,"href":"https:\/\/contextoanalisisperiodistico.com\/index.php\/wp-json\/wp\/v2\/media\/13994"}],"wp:attachment":[{"href":"https:\/\/contextoanalisisperiodistico.com\/index.php\/wp-json\/wp\/v2\/media?parent=13993"}],"wp:term":[{"taxonomy":"category","embeddable":true,"href":"https:\/\/contextoanalisisperiodistico.com\/index.php\/wp-json\/wp\/v2\/categories?post=13993"},{"taxonomy":"post_tag","embeddable":true,"href":"https:\/\/contextoanalisisperiodistico.com\/index.php\/wp-json\/wp\/v2\/tags?post=13993"}],"curies":[{"name":"wp","href":"https:\/\/api.w.org\/{rel}","templated":true}]}}