{"id":13980,"date":"2023-05-27T13:25:01","date_gmt":"2023-05-27T19:25:01","guid":{"rendered":"https:\/\/contextoanalisisperiodistico.com\/?p=13980"},"modified":"2023-05-27T13:25:09","modified_gmt":"2023-05-27T19:25:09","slug":"registro-civil-de-oaxaca-acerca-tramites-y-asesorias-en-la-cdmx","status":"publish","type":"post","link":"https:\/\/contextoanalisisperiodistico.com\/index.php\/2023\/05\/27\/registro-civil-de-oaxaca-acerca-tramites-y-asesorias-en-la-cdmx\/","title":{"rendered":"Registro Civil de Oaxaca acerca tr\u00e1mites y asesor\u00edas en la CDMX"},"content":{"rendered":"<div id=\"fb-root\"><\/div>\n\n<p>\u2022 En colaboraci\u00f3n con la Coordinaci\u00f3n General de Enlace Federal, Oaxaca particip\u00f3 en la Cuarta Feria de Servicios \u201cTu Registro Civil en la Ciudad\u201d, en la que se atendi\u00f3 a 120 oaxaque\u00f1as y oaxaque\u00f1os<\/p>\n\n\n\n<p>Ciudad de M\u00e9xico, 27 de mayo del 2023.- La Coordinaci\u00f3n General de Enlace Federal en coordinaci\u00f3n con la Direcci\u00f3n General del Registro Civil del Estado de Oaxaca participaron en la Cuarta Feria de Servicios \u201cTu Registro Civil en la Ciudad\u201d, organizada por la Direcci\u00f3n General del Registro Civil de la Ciudad de M\u00e9xico.<br \/>Estas actividades se realizan como parte de la estrecha colaboraci\u00f3n entre el Gobierno de la CDMX y el Gobierno de Oaxaca, a partir de la cual se acercaron los tr\u00e1mites y asesor\u00edas a las y los oaxaque\u00f1os que radican en la capital del pa\u00eds.<br \/>La Feria se realiz\u00f3 en las oficinas de la Direcci\u00f3n General del Registro Civil de la Ciudad de M\u00e9xico, ubicada en Avenida Arcos de Bel\u00e9n n\u00famero 19, colonia Doctores en la Alcald\u00eda Cuauht\u00e9moc.<br \/>Durante la feria se atendi\u00f3 a 120 personas originarias de Oaxaca, de quienes se recibieron 88 solicitudes de digitalizaci\u00f3n de actas del estado civil y 2 solicitudes de aclaraci\u00f3n de acta.<br \/>Oaxaca fue una de las representaciones de las 14 entidades federativas que acercaron tr\u00e1mites y asesor\u00edas a un total de 861 personas de otros estados que viven en la capital del pa\u00eds.<br \/>Las jornadas de \u201cTu Registro Civil en la Ciudad\u201d se realizan el \u00faltimo viernes de cada mes durante todo 2023 y a la fecha se han atendido casi 4 mil personas.<br \/>Adem\u00e1s, el Registro Civil sigue las indicaciones de trabajar en las regiones del estado como parte de un Gobierno de Territorio para llevar los servicios a las comunidades m\u00e1s alejadas. As\u00ed se realiza en Mazatl\u00e1n Villa de Flores en la Sierra de Flores Mag\u00f3n la jornada permanente de atenci\u00f3n a ni\u00f1as y ni\u00f1os, donde la Oficial del Registro Civil, Beatriz S\u00e1nchez Hern\u00e1ndez realiz\u00f3 30 registros de nacimiento.<br \/>Como ha instruido el Gobernador Salom\u00f3n Jara Cruz, el organismo tambi\u00e9n trabaja en San Lucas Camotl\u00e1n en la Regi\u00f3n Mixe, donde 20 ni\u00f1as y ni\u00f1os ya tienen su acta de nacimiento, luego de acudir a la Oficial\u00eda de San Pedro y San Pablo Ayutla a la jornada permanente que se realiza en las ocho regiones de Oaxaca, con la que se busca abatir el rezago registral.<\/p>\n\n\n\n<figure class=\"wp-block-image size-large\"><img fetchpriority=\"high\" decoding=\"async\" width=\"1024\" height=\"768\" src=\"https:\/\/contextoanalisisperiodistico.com\/wp-content\/uploads\/2023\/05\/img-20230527-wa00406006004989454045154-1024x768.jpg\" alt=\"\" class=\"wp-image-13982\" srcset=\"https:\/\/contextoanalisisperiodistico.com\/wp-content\/uploads\/2023\/05\/img-20230527-wa00406006004989454045154-1024x768.jpg 1024w, https:\/\/contextoanalisisperiodistico.com\/wp-content\/uploads\/2023\/05\/img-20230527-wa00406006004989454045154-300x225.jpg 300w, https:\/\/contextoanalisisperiodistico.com\/wp-content\/uploads\/2023\/05\/img-20230527-wa00406006004989454045154-768x576.jpg 768w, https:\/\/contextoanalisisperiodistico.com\/wp-content\/uploads\/2023\/05\/img-20230527-wa00406006004989454045154.jpg 1152w\" sizes=\"(max-width: 1024px) 100vw, 1024px\" \/><\/figure>\n\n\n\n<figure class=\"wp-block-image\"><img decoding=\"async\" width=\"1024\" height=\"768\" src=\"https:\/\/contextoanalisisperiodistico.com\/wp-content\/uploads\/2023\/05\/img-20230527-wa00411386593428156999458-1024x768.jpg\" alt=\"\" class=\"wp-image-13983\" srcset=\"https:\/\/contextoanalisisperiodistico.com\/wp-content\/uploads\/2023\/05\/img-20230527-wa00411386593428156999458-1024x768.jpg 1024w, https:\/\/contextoanalisisperiodistico.com\/wp-content\/uploads\/2023\/05\/img-20230527-wa00411386593428156999458-300x225.jpg 300w, https:\/\/contextoanalisisperiodistico.com\/wp-content\/uploads\/2023\/05\/img-20230527-wa00411386593428156999458-768x576.jpg 768w, https:\/\/contextoanalisisperiodistico.com\/wp-content\/uploads\/2023\/05\/img-20230527-wa00411386593428156999458.jpg 1152w\" sizes=\"(max-width: 1024px) 100vw, 1024px\" \/><\/figure>\n","protected":false},"excerpt":{"rendered":"<p>\u2022 En colaboraci\u00f3n con la Coordinaci\u00f3n General de Enlace Federal, Oaxaca particip\u00f3 en la Cuarta&#8230;<\/p>\n","protected":false},"author":4,"featured_media":13981,"comment_status":"closed","ping_status":"open","sticky":false,"template":"","format":"standard","meta":{"footnotes":""},"categories":[9],"tags":[],"jetpack_sharing_enabled":true,"featured_image_urls":{"full":["https:\/\/contextoanalisisperiodistico.com\/wp-content\/uploads\/2023\/05\/IMG-20230527-WA0039.jpg",1152,864,false],"thumbnail":["https:\/\/contextoanalisisperiodistico.com\/wp-content\/uploads\/2023\/05\/IMG-20230527-WA0039-150x150.jpg",150,150,true],"medium":["https:\/\/contextoanalisisperiodistico.com\/wp-content\/uploads\/2023\/05\/IMG-20230527-WA0039-300x225.jpg",300,225,true],"medium_large":["https:\/\/contextoanalisisperiodistico.com\/wp-content\/uploads\/2023\/05\/IMG-20230527-WA0039-768x576.jpg",640,480,true],"large":["https:\/\/contextoanalisisperiodistico.com\/wp-content\/uploads\/2023\/05\/IMG-20230527-WA0039-1024x768.jpg",640,480,true],"1536x1536":["https:\/\/contextoanalisisperiodistico.com\/wp-content\/uploads\/2023\/05\/IMG-20230527-WA0039.jpg",1152,864,false],"2048x2048":["https:\/\/contextoanalisisperiodistico.com\/wp-content\/uploads\/2023\/05\/IMG-20230527-WA0039.jpg",1152,864,false],"covernews-slider-full":["https:\/\/contextoanalisisperiodistico.com\/wp-content\/uploads\/2023\/05\/IMG-20230527-WA0039-1115x715.jpg",1115,715,true],"covernews-slider-center":["https:\/\/contextoanalisisperiodistico.com\/wp-content\/uploads\/2023\/05\/IMG-20230527-WA0039-800x500.jpg",800,500,true],"covernews-featured":["https:\/\/contextoanalisisperiodistico.com\/wp-content\/uploads\/2023\/05\/IMG-20230527-WA0039-1024x768.jpg",1024,768,true],"covernews-medium":["https:\/\/contextoanalisisperiodistico.com\/wp-content\/uploads\/2023\/05\/IMG-20230527-WA0039-540x340.jpg",540,340,true],"covernews-medium-square":["https:\/\/contextoanalisisperiodistico.com\/wp-content\/uploads\/2023\/05\/IMG-20230527-WA0039-400x250.jpg",400,250,true]},"author_info":{"display_name":"Mario Gir\u00f3n","author_link":"https:\/\/contextoanalisisperiodistico.com\/index.php\/author\/director\/"},"category_info":"<a href=\"https:\/\/contextoanalisisperiodistico.com\/index.php\/category\/politica\/\" rel=\"category tag\">Pol\u00edtica<\/a>","tag_info":"Pol\u00edtica","comment_count":"0","jetpack_featured_media_url":"https:\/\/contextoanalisisperiodistico.com\/wp-content\/uploads\/2023\/05\/IMG-20230527-WA0039.jpg","_links":{"self":[{"href":"https:\/\/contextoanalisisperiodistico.com\/index.php\/wp-json\/wp\/v2\/posts\/13980"}],"collection":[{"href":"https:\/\/contextoanalisisperiodistico.com\/index.php\/wp-json\/wp\/v2\/posts"}],"about":[{"href":"https:\/\/contextoanalisisperiodistico.com\/index.php\/wp-json\/wp\/v2\/types\/post"}],"author":[{"embeddable":true,"href":"https:\/\/contextoanalisisperiodistico.com\/index.php\/wp-json\/wp\/v2\/users\/4"}],"replies":[{"embeddable":true,"href":"https:\/\/contextoanalisisperiodistico.com\/index.php\/wp-json\/wp\/v2\/comments?post=13980"}],"version-history":[{"count":1,"href":"https:\/\/contextoanalisisperiodistico.com\/index.php\/wp-json\/wp\/v2\/posts\/13980\/revisions"}],"predecessor-version":[{"id":13984,"href":"https:\/\/contextoanalisisperiodistico.com\/index.php\/wp-json\/wp\/v2\/posts\/13980\/revisions\/13984"}],"wp:featuredmedia":[{"embeddable":true,"href":"https:\/\/contextoanalisisperiodistico.com\/index.php\/wp-json\/wp\/v2\/media\/13981"}],"wp:attachment":[{"href":"https:\/\/contextoanalisisperiodistico.com\/index.php\/wp-json\/wp\/v2\/media?parent=13980"}],"wp:term":[{"taxonomy":"category","embeddable":true,"href":"https:\/\/contextoanalisisperiodistico.com\/index.php\/wp-json\/wp\/v2\/categories?post=13980"},{"taxonomy":"post_tag","embeddable":true,"href":"https:\/\/contextoanalisisperiodistico.com\/index.php\/wp-json\/wp\/v2\/tags?post=13980"}],"curies":[{"name":"wp","href":"https:\/\/api.w.org\/{rel}","templated":true}]}}