{"id":13975,"date":"2023-05-27T13:21:06","date_gmt":"2023-05-27T19:21:06","guid":{"rendered":"https:\/\/contextoanalisisperiodistico.com\/?p=13975"},"modified":"2023-05-27T13:21:15","modified_gmt":"2023-05-27T19:21:15","slug":"abona-secretaria-de-administracion-en-la-lucha-contra-violencia-de-genero","status":"publish","type":"post","link":"https:\/\/contextoanalisisperiodistico.com\/index.php\/2023\/05\/27\/abona-secretaria-de-administracion-en-la-lucha-contra-violencia-de-genero\/","title":{"rendered":"Abona Secretar\u00eda de Administraci\u00f3n en la lucha contra violencia de g\u00e9nero"},"content":{"rendered":"<div id=\"fb-root\"><\/div>\n\n<p>\u2022 Se promueven acciones que permitan lograr la igualdad de g\u00e9nero en el ambiente laboral, velar por los derechos humanos de las mujeres y su desarrollo integral<br \/>\u2022<br \/>Tlalixtac de Cabrera, Oax. 27 de mayo de 2023.- La Secretar\u00eda de Administraci\u00f3n imparti\u00f3 el taller \u201cMarco Normativo en materia de Violencia contra las Mujeres\u201d, como parte de las actividades del D\u00eda Naranja para coadyuvar en acciones que refuercen la igualdad sustantiva entre mujeres y hombres.<br \/>La capacitaci\u00f3n fue dirigida a servidoras y servidores p\u00fablicos con la finalidad de que reconozcan las instancias y decretos que protegen a las mujeres contra la violencia de g\u00e9nero, al mismo tiempo conocieron la importancia de eliminar las agresiones para garantizar el desarrollo individual y social en todos los \u00e1mbitos.<br \/>El personal de la Secretar\u00eda de las Mujeres en coordinaci\u00f3n con el Centro Mujer tu Espacio impartieron el taller para avanzar en materia de transversalidad de la perspectiva de g\u00e9nero, como lo marca el Plan Estatal de Desarrollo 2022-2028 que present\u00f3 el Gobernador Salom\u00f3n Jara Cruz.<br \/>Con ello se busca avanzar hacia la construcci\u00f3n de una vida libre de violencia para mujeres, adolescentes y ni\u00f1as, como uno de los principales ejes de Gobierno de la Primavera Oaxaque\u00f1a que contempla cuatro ejes transversales que se aplican en las acciones de todas las dependencias: Igualdad de g\u00e9nero, Desarrollo sostenible y cambio clim\u00e1tico, Interculturalidad, Ni\u00f1as, ni\u00f1os y adolescentes.<br \/>Por indicaciones del titular de la Secretar\u00eda de Administraci\u00f3n, Antonino Morales Toledo, se llevan a cabo acciones que permitan la igualdad de g\u00e9nero en el ambiente laboral al tiempo de velar por los derechos humanos de las mujeres y su desarrollo integral.<br \/>La ponente Patricia Rosario Flores Hern\u00e1ndez indic\u00f3 que se implementan pol\u00edticas p\u00fablicas con perspectiva de g\u00e9nero y se imparten talleres para concienciar al funcionariado y generar espacios de trabajo libres de violencia.<br \/>Explic\u00f3 que nuestro pa\u00eds ha firmado diversos acuerdos para la protecci\u00f3n de las mujeres, resaltando la Convenci\u00f3n sobre la eliminaci\u00f3n de todas las formas de discriminaci\u00f3n contra la mujer (Comit\u00e9 CEDAW), la cual se considera la m\u00e1s importante en cuesti\u00f3n de derechos humanos para las mujeres, ni\u00f1as y adolescentes.<br \/>Al finalizar, mujeres y hombres coincidieron en la necesidad de poner en marcha acciones que protejan y validen los derechos de las mujeres en todos los \u00e1mbitos sociales con la finalidad de prevenir y erradicar toda forma de violencia de g\u00e9nero.<br \/>-0-<\/p>\n\n\n\n<figure class=\"wp-block-image size-large\"><img fetchpriority=\"high\" decoding=\"async\" width=\"1024\" height=\"678\" src=\"https:\/\/contextoanalisisperiodistico.com\/wp-content\/uploads\/2023\/05\/img-20230527-wa00354135594179834902407-1024x678.jpg\" alt=\"\" class=\"wp-image-13978\" srcset=\"https:\/\/contextoanalisisperiodistico.com\/wp-content\/uploads\/2023\/05\/img-20230527-wa00354135594179834902407-1024x678.jpg 1024w, https:\/\/contextoanalisisperiodistico.com\/wp-content\/uploads\/2023\/05\/img-20230527-wa00354135594179834902407-300x199.jpg 300w, https:\/\/contextoanalisisperiodistico.com\/wp-content\/uploads\/2023\/05\/img-20230527-wa00354135594179834902407-768x508.jpg 768w, https:\/\/contextoanalisisperiodistico.com\/wp-content\/uploads\/2023\/05\/img-20230527-wa00354135594179834902407-1536x1017.jpg 1536w, https:\/\/contextoanalisisperiodistico.com\/wp-content\/uploads\/2023\/05\/img-20230527-wa00354135594179834902407.jpg 1600w\" sizes=\"(max-width: 1024px) 100vw, 1024px\" \/><\/figure>\n\n\n\n<figure class=\"wp-block-image\"><img decoding=\"async\" width=\"1024\" height=\"678\" src=\"https:\/\/contextoanalisisperiodistico.com\/wp-content\/uploads\/2023\/05\/img-20230527-wa00348143687728278915510-1024x678.jpg\" alt=\"\" class=\"wp-image-13977\" srcset=\"https:\/\/contextoanalisisperiodistico.com\/wp-content\/uploads\/2023\/05\/img-20230527-wa00348143687728278915510-1024x678.jpg 1024w, https:\/\/contextoanalisisperiodistico.com\/wp-content\/uploads\/2023\/05\/img-20230527-wa00348143687728278915510-300x199.jpg 300w, https:\/\/contextoanalisisperiodistico.com\/wp-content\/uploads\/2023\/05\/img-20230527-wa00348143687728278915510-768x508.jpg 768w, https:\/\/contextoanalisisperiodistico.com\/wp-content\/uploads\/2023\/05\/img-20230527-wa00348143687728278915510-1536x1017.jpg 1536w, https:\/\/contextoanalisisperiodistico.com\/wp-content\/uploads\/2023\/05\/img-20230527-wa00348143687728278915510.jpg 1600w\" sizes=\"(max-width: 1024px) 100vw, 1024px\" \/><\/figure>\n","protected":false},"excerpt":{"rendered":"<p>\u2022 Se promueven acciones que permitan lograr la igualdad de g\u00e9nero en el ambiente laboral,&#8230;<\/p>\n","protected":false},"author":4,"featured_media":13976,"comment_status":"closed","ping_status":"open","sticky":false,"template":"","format":"standard","meta":{"footnotes":""},"categories":[9],"tags":[],"jetpack_sharing_enabled":true,"featured_image_urls":{"full":["https:\/\/contextoanalisisperiodistico.com\/wp-content\/uploads\/2023\/05\/IMG-20230527-WA0037.jpg",1600,1059,false],"thumbnail":["https:\/\/contextoanalisisperiodistico.com\/wp-content\/uploads\/2023\/05\/IMG-20230527-WA0037-150x150.jpg",150,150,true],"medium":["https:\/\/contextoanalisisperiodistico.com\/wp-content\/uploads\/2023\/05\/IMG-20230527-WA0037-300x199.jpg",300,199,true],"medium_large":["https:\/\/contextoanalisisperiodistico.com\/wp-content\/uploads\/2023\/05\/IMG-20230527-WA0037-768x508.jpg",640,423,true],"large":["https:\/\/contextoanalisisperiodistico.com\/wp-content\/uploads\/2023\/05\/IMG-20230527-WA0037-1024x678.jpg",640,424,true],"1536x1536":["https:\/\/contextoanalisisperiodistico.com\/wp-content\/uploads\/2023\/05\/IMG-20230527-WA0037-1536x1017.jpg",1536,1017,true],"2048x2048":["https:\/\/contextoanalisisperiodistico.com\/wp-content\/uploads\/2023\/05\/IMG-20230527-WA0037.jpg",1600,1059,false],"covernews-slider-full":["https:\/\/contextoanalisisperiodistico.com\/wp-content\/uploads\/2023\/05\/IMG-20230527-WA0037-1115x715.jpg",1115,715,true],"covernews-slider-center":["https:\/\/contextoanalisisperiodistico.com\/wp-content\/uploads\/2023\/05\/IMG-20230527-WA0037-800x500.jpg",800,500,true],"covernews-featured":["https:\/\/contextoanalisisperiodistico.com\/wp-content\/uploads\/2023\/05\/IMG-20230527-WA0037-1024x678.jpg",1024,678,true],"covernews-medium":["https:\/\/contextoanalisisperiodistico.com\/wp-content\/uploads\/2023\/05\/IMG-20230527-WA0037-540x340.jpg",540,340,true],"covernews-medium-square":["https:\/\/contextoanalisisperiodistico.com\/wp-content\/uploads\/2023\/05\/IMG-20230527-WA0037-400x250.jpg",400,250,true]},"author_info":{"display_name":"Mario Gir\u00f3n","author_link":"https:\/\/contextoanalisisperiodistico.com\/index.php\/author\/director\/"},"category_info":"<a href=\"https:\/\/contextoanalisisperiodistico.com\/index.php\/category\/politica\/\" rel=\"category tag\">Pol\u00edtica<\/a>","tag_info":"Pol\u00edtica","comment_count":"0","jetpack_featured_media_url":"https:\/\/contextoanalisisperiodistico.com\/wp-content\/uploads\/2023\/05\/IMG-20230527-WA0037.jpg","_links":{"self":[{"href":"https:\/\/contextoanalisisperiodistico.com\/index.php\/wp-json\/wp\/v2\/posts\/13975"}],"collection":[{"href":"https:\/\/contextoanalisisperiodistico.com\/index.php\/wp-json\/wp\/v2\/posts"}],"about":[{"href":"https:\/\/contextoanalisisperiodistico.com\/index.php\/wp-json\/wp\/v2\/types\/post"}],"author":[{"embeddable":true,"href":"https:\/\/contextoanalisisperiodistico.com\/index.php\/wp-json\/wp\/v2\/users\/4"}],"replies":[{"embeddable":true,"href":"https:\/\/contextoanalisisperiodistico.com\/index.php\/wp-json\/wp\/v2\/comments?post=13975"}],"version-history":[{"count":1,"href":"https:\/\/contextoanalisisperiodistico.com\/index.php\/wp-json\/wp\/v2\/posts\/13975\/revisions"}],"predecessor-version":[{"id":13979,"href":"https:\/\/contextoanalisisperiodistico.com\/index.php\/wp-json\/wp\/v2\/posts\/13975\/revisions\/13979"}],"wp:featuredmedia":[{"embeddable":true,"href":"https:\/\/contextoanalisisperiodistico.com\/index.php\/wp-json\/wp\/v2\/media\/13976"}],"wp:attachment":[{"href":"https:\/\/contextoanalisisperiodistico.com\/index.php\/wp-json\/wp\/v2\/media?parent=13975"}],"wp:term":[{"taxonomy":"category","embeddable":true,"href":"https:\/\/contextoanalisisperiodistico.com\/index.php\/wp-json\/wp\/v2\/categories?post=13975"},{"taxonomy":"post_tag","embeddable":true,"href":"https:\/\/contextoanalisisperiodistico.com\/index.php\/wp-json\/wp\/v2\/tags?post=13975"}],"curies":[{"name":"wp","href":"https:\/\/api.w.org\/{rel}","templated":true}]}}