{"id":13941,"date":"2023-05-26T17:02:13","date_gmt":"2023-05-26T23:02:13","guid":{"rendered":"https:\/\/contextoanalisisperiodistico.com\/?p=13941"},"modified":"2023-05-26T17:02:20","modified_gmt":"2023-05-26T23:02:20","slug":"certeza-laboral-y-salarial-a-egresados-normalistas-de-oaxaca-ieepo","status":"publish","type":"post","link":"https:\/\/contextoanalisisperiodistico.com\/index.php\/2023\/05\/26\/certeza-laboral-y-salarial-a-egresados-normalistas-de-oaxaca-ieepo\/","title":{"rendered":"Certeza laboral y salarial a egresados normalistas de Oaxaca: IEEPO"},"content":{"rendered":"<div id=\"fb-root\"><\/div>\n\n<p>\u2022 Emilio Montero P\u00e9rez, titular del Instituto, constat\u00f3 junto con la secretaria general de la Secci\u00f3n 22 del SNTE Yenny Aracely P\u00e9rez Mart\u00ednez e integrantes de la Comisi\u00f3n Pol\u00edtica de este gremio, el proceso de Admisi\u00f3n en Educaci\u00f3n B\u00e1sica en la entidad<\/p>\n\n\n\n<p>\u2022 Se concluy\u00f3 la jornada de tres d\u00edas y continuar\u00e1 el 5 de junio pr\u00f3ximo<\/p>\n\n\n\n<p>Oaxaca de Ju\u00e1rez, Oax. 26 de mayo de 2023.- En respuesta a las demandas del magisterio oaxaque\u00f1o, las y los egresados normalistas tendr\u00e1n la oportunidad de ser contratados y con ello contar con la certeza laboral y salarial que requieren, inform\u00f3 el director general del Instituto Estatal de Educaci\u00f3n P\u00fablica de Oaxaca (IEEPO), Emilio Montero P\u00e9rez.<\/p>\n\n\n\n<p>El servidor p\u00fablico junto con la secretaria general de la Secci\u00f3n 22 del Sindicato Nacional de Trabajadores de la Educaci\u00f3n (SNTE), Yenny Aracely P\u00e9rez Mart\u00ednez e integrantes de la Comisi\u00f3n Pol\u00edtica de este gremio constat\u00f3 la atenci\u00f3n en el lugar donde se realiza la recepci\u00f3n de documentos para integrar los expedientes correspondientes al proceso de Admisi\u00f3n en Educaci\u00f3n B\u00e1sica en la entidad. Se concluy\u00f3 la jornada de tres d\u00edas y continuar\u00e1 el 5 de junio pr\u00f3ximo.<\/p>\n\n\n\n<p>Montero P\u00e9rez destac\u00f3 que, ante la instrucci\u00f3n del Gobernador Salom\u00f3n Jara Cruz, el IEEPO construye acuerdos de manera conjunta con el magisterio oaxaque\u00f1o a fin de fortalecer el sistema educativo estatal en beneficio de las ni\u00f1as, ni\u00f1os y adolescentes de entidad como parte de la Reparaci\u00f3n Hist\u00f3rica de los Pueblos a trav\u00e9s de pol\u00edticas de bienestar transformador.<\/p>\n\n\n\n<p>\u201cHoy, estas acciones se encauzan en el marco normativo nacional para que egresadas y egresados normalistas tengan una estabilidad laboral para ellos y sus familias\u201d, indic\u00f3.<\/p>\n\n\n\n<p>Explic\u00f3 que, en el marco normativo, se lanz\u00f3 la convocatoria construida en bilateralidad con la Secci\u00f3n 22 del SNTE y que fue avalada por la Secretar\u00eda de Educaci\u00f3n P\u00fablica (SEP), por lo que reconoci\u00f3 la voluntad pol\u00edtica de la dirigencia para el fortalecimiento del sistema educativo estatal a favor de la educaci\u00f3n de las ni\u00f1as, ni\u00f1os y adolescentes de la entidad.<\/p>\n\n\n\n<p>\u201cEl nuevo gobierno de la Transformaci\u00f3n no reprime, no enga\u00f1a y no simula y tenemos la firme voluntad de resolver los problemas que fueron atendidos en a\u00f1os anteriores\u201d, se\u00f1al\u00f3.<\/p>\n\n\n\n<p>\u00c1gil y ordenada la recepci\u00f3n de documentos: egresadas normalistas<\/p>\n\n\n\n<p>La atenci\u00f3n para quienes egresan de las Escuelas Normales de la entidad ahora es diferente. La recepci\u00f3n de documentos para integrar los expedientes para el proceso de Admisi\u00f3n en Educaci\u00f3n B\u00e1sica en la entidad se realiza de manera \u00e1gil, ordenada y con las facilidades que requieren quienes estar\u00e1n frente a las aulas con una certeza laboral y salarial.<\/p>\n\n\n\n<p>Amalia Sosa S\u00e1nchez, egresada de la Escuela Normal Experimental Presidente Venustiano Carranza de San Juan Cacahuatepec, expres\u00f3 que el tr\u00e1mite se realiz\u00f3 de forma r\u00e1pida y sin complejidades. \u201cTuvimos el apoyo por parte del personal del Instituto Estatal de Educaci\u00f3n P\u00fablica de Oaxaca para entregar los documentos\u201d, expres\u00f3.<\/p>\n\n\n\n<p>En tanto Diana Espinoza Cano, egresada de la Escuela Normal de Educaci\u00f3n Preescolar coment\u00f3 que este proceso se realiza de manera \u00e1gil y con respeto y apego a la convocatoria establecida. Todo fue en tiempo y forma, dijo.<\/p>\n\n\n\n<p>Coincidieron en se\u00f1alar que incluso se brindaron las facilidades para ello como obtener fotocopias de los documentos, la impresi\u00f3n de los mismos a trav\u00e9s de internet y dem\u00e1s servicios de atenci\u00f3n.<\/p>\n\n\n\n<p>Dijeron que existen casos de egresados que han esperado hasta siete a\u00f1os para realizar este tr\u00e1mite. \u00a1La espera fue larga y la fecha por fin lleg\u00f3!, expresaron.<\/p>\n\n\n\n<p>Mediante este proceso se beneficiar\u00e1n 822 normalistas egresados de la generaci\u00f3n 2021-2022, adem\u00e1s 607 que fueron contratados temporalmente para este ciclo 2022-2023 y los rezagados del a\u00f1o 2015.<\/p>\n\n\n\n<p>-0-<\/p>\n\n\n\n<figure class=\"wp-block-image size-large\"><img fetchpriority=\"high\" decoding=\"async\" width=\"1024\" height=\"682\" src=\"https:\/\/contextoanalisisperiodistico.com\/wp-content\/uploads\/2023\/05\/img-20230526-wa00747339625843174768068.jpg\" alt=\"\" class=\"wp-image-13943\" srcset=\"https:\/\/contextoanalisisperiodistico.com\/wp-content\/uploads\/2023\/05\/img-20230526-wa00747339625843174768068.jpg 1024w, https:\/\/contextoanalisisperiodistico.com\/wp-content\/uploads\/2023\/05\/img-20230526-wa00747339625843174768068-300x200.jpg 300w, https:\/\/contextoanalisisperiodistico.com\/wp-content\/uploads\/2023\/05\/img-20230526-wa00747339625843174768068-768x512.jpg 768w\" sizes=\"(max-width: 1024px) 100vw, 1024px\" \/><\/figure>\n\n\n\n<figure class=\"wp-block-image\"><img decoding=\"async\" width=\"300\" height=\"200\" src=\"https:\/\/contextoanalisisperiodistico.com\/wp-content\/uploads\/2023\/05\/img-20230526-wa00753555116694013814400-300x200.jpg\" alt=\"\" class=\"wp-image-13944\" srcset=\"https:\/\/contextoanalisisperiodistico.com\/wp-content\/uploads\/2023\/05\/img-20230526-wa00753555116694013814400-300x200.jpg 300w, https:\/\/contextoanalisisperiodistico.com\/wp-content\/uploads\/2023\/05\/img-20230526-wa00753555116694013814400-768x512.jpg 768w, https:\/\/contextoanalisisperiodistico.com\/wp-content\/uploads\/2023\/05\/img-20230526-wa00753555116694013814400.jpg 1024w\" sizes=\"(max-width: 300px) 100vw, 300px\" \/><\/figure>\n\n\n\n<figure class=\"wp-block-image\"><img decoding=\"async\" width=\"300\" height=\"200\" src=\"https:\/\/contextoanalisisperiodistico.com\/wp-content\/uploads\/2023\/05\/img-20230526-wa00765616353071572859493-300x200.jpg\" alt=\"\" class=\"wp-image-13945\" srcset=\"https:\/\/contextoanalisisperiodistico.com\/wp-content\/uploads\/2023\/05\/img-20230526-wa00765616353071572859493-300x200.jpg 300w, https:\/\/contextoanalisisperiodistico.com\/wp-content\/uploads\/2023\/05\/img-20230526-wa00765616353071572859493-768x512.jpg 768w, https:\/\/contextoanalisisperiodistico.com\/wp-content\/uploads\/2023\/05\/img-20230526-wa00765616353071572859493.jpg 1024w\" sizes=\"(max-width: 300px) 100vw, 300px\" \/><\/figure>\n","protected":false},"excerpt":{"rendered":"<p>\u2022 Emilio Montero P\u00e9rez, titular del Instituto, constat\u00f3 junto con la secretaria general de la&#8230;<\/p>\n","protected":false},"author":4,"featured_media":13942,"comment_status":"closed","ping_status":"open","sticky":false,"template":"","format":"standard","meta":{"footnotes":""},"categories":[91],"tags":[],"jetpack_sharing_enabled":true,"featured_image_urls":{"full":["https:\/\/contextoanalisisperiodistico.com\/wp-content\/uploads\/2023\/05\/IMG-20230526-WA0073.jpg",1024,683,false],"thumbnail":["https:\/\/contextoanalisisperiodistico.com\/wp-content\/uploads\/2023\/05\/IMG-20230526-WA0073-150x150.jpg",150,150,true],"medium":["https:\/\/contextoanalisisperiodistico.com\/wp-content\/uploads\/2023\/05\/IMG-20230526-WA0073-300x200.jpg",300,200,true],"medium_large":["https:\/\/contextoanalisisperiodistico.com\/wp-content\/uploads\/2023\/05\/IMG-20230526-WA0073-768x512.jpg",640,427,true],"large":["https:\/\/contextoanalisisperiodistico.com\/wp-content\/uploads\/2023\/05\/IMG-20230526-WA0073.jpg",640,427,false],"1536x1536":["https:\/\/contextoanalisisperiodistico.com\/wp-content\/uploads\/2023\/05\/IMG-20230526-WA0073.jpg",1024,683,false],"2048x2048":["https:\/\/contextoanalisisperiodistico.com\/wp-content\/uploads\/2023\/05\/IMG-20230526-WA0073.jpg",1024,683,false],"covernews-slider-full":["https:\/\/contextoanalisisperiodistico.com\/wp-content\/uploads\/2023\/05\/IMG-20230526-WA0073.jpg",1024,683,false],"covernews-slider-center":["https:\/\/contextoanalisisperiodistico.com\/wp-content\/uploads\/2023\/05\/IMG-20230526-WA0073-800x500.jpg",800,500,true],"covernews-featured":["https:\/\/contextoanalisisperiodistico.com\/wp-content\/uploads\/2023\/05\/IMG-20230526-WA0073.jpg",1024,683,false],"covernews-medium":["https:\/\/contextoanalisisperiodistico.com\/wp-content\/uploads\/2023\/05\/IMG-20230526-WA0073-540x340.jpg",540,340,true],"covernews-medium-square":["https:\/\/contextoanalisisperiodistico.com\/wp-content\/uploads\/2023\/05\/IMG-20230526-WA0073-400x250.jpg",400,250,true]},"author_info":{"display_name":"Mario Gir\u00f3n","author_link":"https:\/\/contextoanalisisperiodistico.com\/index.php\/author\/director\/"},"category_info":"<a href=\"https:\/\/contextoanalisisperiodistico.com\/index.php\/category\/educacion\/\" rel=\"category tag\">Educaci\u00f3n<\/a>","tag_info":"Educaci\u00f3n","comment_count":"0","jetpack_featured_media_url":"https:\/\/contextoanalisisperiodistico.com\/wp-content\/uploads\/2023\/05\/IMG-20230526-WA0073.jpg","_links":{"self":[{"href":"https:\/\/contextoanalisisperiodistico.com\/index.php\/wp-json\/wp\/v2\/posts\/13941"}],"collection":[{"href":"https:\/\/contextoanalisisperiodistico.com\/index.php\/wp-json\/wp\/v2\/posts"}],"about":[{"href":"https:\/\/contextoanalisisperiodistico.com\/index.php\/wp-json\/wp\/v2\/types\/post"}],"author":[{"embeddable":true,"href":"https:\/\/contextoanalisisperiodistico.com\/index.php\/wp-json\/wp\/v2\/users\/4"}],"replies":[{"embeddable":true,"href":"https:\/\/contextoanalisisperiodistico.com\/index.php\/wp-json\/wp\/v2\/comments?post=13941"}],"version-history":[{"count":1,"href":"https:\/\/contextoanalisisperiodistico.com\/index.php\/wp-json\/wp\/v2\/posts\/13941\/revisions"}],"predecessor-version":[{"id":13946,"href":"https:\/\/contextoanalisisperiodistico.com\/index.php\/wp-json\/wp\/v2\/posts\/13941\/revisions\/13946"}],"wp:featuredmedia":[{"embeddable":true,"href":"https:\/\/contextoanalisisperiodistico.com\/index.php\/wp-json\/wp\/v2\/media\/13942"}],"wp:attachment":[{"href":"https:\/\/contextoanalisisperiodistico.com\/index.php\/wp-json\/wp\/v2\/media?parent=13941"}],"wp:term":[{"taxonomy":"category","embeddable":true,"href":"https:\/\/contextoanalisisperiodistico.com\/index.php\/wp-json\/wp\/v2\/categories?post=13941"},{"taxonomy":"post_tag","embeddable":true,"href":"https:\/\/contextoanalisisperiodistico.com\/index.php\/wp-json\/wp\/v2\/tags?post=13941"}],"curies":[{"name":"wp","href":"https:\/\/api.w.org\/{rel}","templated":true}]}}