{"id":13924,"date":"2023-05-26T13:12:37","date_gmt":"2023-05-26T19:12:37","guid":{"rendered":"https:\/\/contextoanalisisperiodistico.com\/?p=13924"},"modified":"2023-05-26T13:12:49","modified_gmt":"2023-05-26T19:12:49","slug":"sexta-jornada-de-paz-y-justicia-brinda-mil-246-atenciones-en-santa-lucia-del-camino","status":"publish","type":"post","link":"https:\/\/contextoanalisisperiodistico.com\/index.php\/2023\/05\/26\/sexta-jornada-de-paz-y-justicia-brinda-mil-246-atenciones-en-santa-lucia-del-camino\/","title":{"rendered":"Sexta Jornada de Paz y Justicia brinda mil 246 atenciones en Santa Luc\u00eda del Camino"},"content":{"rendered":"<div id=\"fb-root\"><\/div>\n\n<p>\u2022 La Comisi\u00f3n Estatal de B\u00fasqueda de Personas orient\u00f3 sobre sobre c\u00f3mo actuar, a d\u00f3nde acudir y c\u00f3mo ayudar ante la desaparici\u00f3n de cualquier persona<\/p>\n\n\n\n<p>\u2022 M\u00e1s 25 instituciones brindaron asesor\u00edas jur\u00eddicas, psicol\u00f3gicas, denuncia en casos de violencia, tr\u00e1mites registrales gratuitos, charlas informativas<\/p>\n\n\n\n<p>Santa Luc\u00eda del Camino, Oax. 26 de mayo de 2023. En la sexta Jornada de Paz y Justicia para Mujeres, Adolescentes y Ni\u00f1as que se llev\u00f3 a cabo en este municipio se cont\u00f3 con la participaci\u00f3n de la Comisi\u00f3n Estatal de B\u00fasqueda de Personas de Oaxaca, que orient\u00f3 sobre c\u00f3mo actuar en caso de desaparici\u00f3n de personas.<br \/>Al respecto, la titular de la Secretar\u00eda Ejecutiva del Sistema Estatal de Seguridad P\u00fablica (SESESP) Karina Bar\u00f3n Ortiz dijo que el objetivo es que quien se acerque a esta Comisi\u00f3n cuente con informaci\u00f3n oportuna sobre c\u00f3mo actuar, a d\u00f3nde acudir y c\u00f3mo ayudar ante la desaparici\u00f3n de cualquier persona.<br \/>La funcionaria exhort\u00f3 a todas las mujeres que sufren situaciones de violencia a acudir a esta jornada, ya que este espacio es un lugar seguro para ellas, en el cual encontrar\u00e1n acompa\u00f1amiento.<br \/>Asimismo, invit\u00f3 a las j\u00f3venes a informarse sobre c\u00f3mo prevenir y ayudar a otras mujeres para que rompan el silencio, denuncien y logren vivir una vida libre de violencia.<br \/>\u201cHasta el momento se han recorrido 60 municipios y muchos m\u00e1s est\u00e1n a la espera de las jornadas, porque el objetivo de este gobierno es llevar la atenci\u00f3n a las ocho regiones de todo el estado, porque la violencia no excluye y las mujeres son quienes m\u00e1s la padecen\u201d, indic\u00f3.<br \/>Adem\u00e1s de este organismo, en esta jornada m\u00e1s de 25 instituciones brindaron mil 246 atenciones encaminadas al fortalecimiento de la paz y seguridad de las oaxaque\u00f1as, sumando a un total global de 50 mil 252 atenciones que se han otorgado hasta ahora.<br \/>Estas dependencias ofrecieron a las ciudadanas de dicho municipio perteneciente a la regi\u00f3n de Valles Centrales, asesor\u00edas jur\u00eddicas, psicol\u00f3gicas, denuncia en casos de violencia, tr\u00e1mites registrales gratuitos, charlas informativas para la prevenci\u00f3n de conductas nocivas en escuelas, entre otros.<\/p>\n\n\n\n<p>Este viernes 26 de mayo se lleva a cabo la sexta jornada en el municipio de Santa Mar\u00eda Atzompa, y el 31 de mayo visitar\u00e1 San Antonio de la Cal, el 2 de junio a Villa Sola de Vega y el 7 de junio a Huajuapan de Le\u00f3n.<\/p>\n\n\n\n<p>-0-<\/p>\n\n\n\n<figure class=\"wp-block-image size-large\"><img fetchpriority=\"high\" decoding=\"async\" width=\"1024\" height=\"683\" src=\"https:\/\/contextoanalisisperiodistico.com\/wp-content\/uploads\/2023\/05\/img-20230526-wa0046860139950770640486-1024x683.jpg\" alt=\"\" class=\"wp-image-13927\" srcset=\"https:\/\/contextoanalisisperiodistico.com\/wp-content\/uploads\/2023\/05\/img-20230526-wa0046860139950770640486-1024x683.jpg 1024w, https:\/\/contextoanalisisperiodistico.com\/wp-content\/uploads\/2023\/05\/img-20230526-wa0046860139950770640486-300x200.jpg 300w, https:\/\/contextoanalisisperiodistico.com\/wp-content\/uploads\/2023\/05\/img-20230526-wa0046860139950770640486-768x512.jpg 768w, https:\/\/contextoanalisisperiodistico.com\/wp-content\/uploads\/2023\/05\/img-20230526-wa0046860139950770640486-1536x1024.jpg 1536w, https:\/\/contextoanalisisperiodistico.com\/wp-content\/uploads\/2023\/05\/img-20230526-wa0046860139950770640486.jpg 1560w\" sizes=\"(max-width: 1024px) 100vw, 1024px\" \/><\/figure>\n\n\n\n<figure class=\"wp-block-image\"><img decoding=\"async\" width=\"1024\" height=\"683\" src=\"https:\/\/contextoanalisisperiodistico.com\/wp-content\/uploads\/2023\/05\/img-20230526-wa00476930603114935301529-1024x683.jpg\" alt=\"\" class=\"wp-image-13928\" srcset=\"https:\/\/contextoanalisisperiodistico.com\/wp-content\/uploads\/2023\/05\/img-20230526-wa00476930603114935301529-1024x683.jpg 1024w, https:\/\/contextoanalisisperiodistico.com\/wp-content\/uploads\/2023\/05\/img-20230526-wa00476930603114935301529-300x200.jpg 300w, https:\/\/contextoanalisisperiodistico.com\/wp-content\/uploads\/2023\/05\/img-20230526-wa00476930603114935301529-768x512.jpg 768w, https:\/\/contextoanalisisperiodistico.com\/wp-content\/uploads\/2023\/05\/img-20230526-wa00476930603114935301529.jpg 1163w\" sizes=\"(max-width: 1024px) 100vw, 1024px\" \/><\/figure>\n\n\n\n<figure class=\"wp-block-image\"><img decoding=\"async\" width=\"300\" height=\"200\" src=\"https:\/\/contextoanalisisperiodistico.com\/wp-content\/uploads\/2023\/05\/img-20230526-wa00456682053528259152857-300x200.jpg\" alt=\"\" class=\"wp-image-13926\" srcset=\"https:\/\/contextoanalisisperiodistico.com\/wp-content\/uploads\/2023\/05\/img-20230526-wa00456682053528259152857-300x200.jpg 300w, https:\/\/contextoanalisisperiodistico.com\/wp-content\/uploads\/2023\/05\/img-20230526-wa00456682053528259152857-768x512.jpg 768w, https:\/\/contextoanalisisperiodistico.com\/wp-content\/uploads\/2023\/05\/img-20230526-wa00456682053528259152857.jpg 870w\" sizes=\"(max-width: 300px) 100vw, 300px\" \/><\/figure>\n","protected":false},"excerpt":{"rendered":"<p>\u2022 La Comisi\u00f3n Estatal de B\u00fasqueda de Personas orient\u00f3 sobre sobre c\u00f3mo actuar, a d\u00f3nde&#8230;<\/p>\n","protected":false},"author":4,"featured_media":13925,"comment_status":"closed","ping_status":"open","sticky":false,"template":"","format":"standard","meta":{"footnotes":""},"categories":[9],"tags":[],"jetpack_sharing_enabled":true,"featured_image_urls":{"full":["https:\/\/contextoanalisisperiodistico.com\/wp-content\/uploads\/2023\/05\/IMG-20230526-WA0044.jpg",1281,854,false],"thumbnail":["https:\/\/contextoanalisisperiodistico.com\/wp-content\/uploads\/2023\/05\/IMG-20230526-WA0044-150x150.jpg",150,150,true],"medium":["https:\/\/contextoanalisisperiodistico.com\/wp-content\/uploads\/2023\/05\/IMG-20230526-WA0044-300x200.jpg",300,200,true],"medium_large":["https:\/\/contextoanalisisperiodistico.com\/wp-content\/uploads\/2023\/05\/IMG-20230526-WA0044-768x512.jpg",640,427,true],"large":["https:\/\/contextoanalisisperiodistico.com\/wp-content\/uploads\/2023\/05\/IMG-20230526-WA0044-1024x683.jpg",640,427,true],"1536x1536":["https:\/\/contextoanalisisperiodistico.com\/wp-content\/uploads\/2023\/05\/IMG-20230526-WA0044.jpg",1281,854,false],"2048x2048":["https:\/\/contextoanalisisperiodistico.com\/wp-content\/uploads\/2023\/05\/IMG-20230526-WA0044.jpg",1281,854,false],"covernews-slider-full":["https:\/\/contextoanalisisperiodistico.com\/wp-content\/uploads\/2023\/05\/IMG-20230526-WA0044-1115x715.jpg",1115,715,true],"covernews-slider-center":["https:\/\/contextoanalisisperiodistico.com\/wp-content\/uploads\/2023\/05\/IMG-20230526-WA0044-800x500.jpg",800,500,true],"covernews-featured":["https:\/\/contextoanalisisperiodistico.com\/wp-content\/uploads\/2023\/05\/IMG-20230526-WA0044-1024x683.jpg",1024,683,true],"covernews-medium":["https:\/\/contextoanalisisperiodistico.com\/wp-content\/uploads\/2023\/05\/IMG-20230526-WA0044-540x340.jpg",540,340,true],"covernews-medium-square":["https:\/\/contextoanalisisperiodistico.com\/wp-content\/uploads\/2023\/05\/IMG-20230526-WA0044-400x250.jpg",400,250,true]},"author_info":{"display_name":"Mario Gir\u00f3n","author_link":"https:\/\/contextoanalisisperiodistico.com\/index.php\/author\/director\/"},"category_info":"<a href=\"https:\/\/contextoanalisisperiodistico.com\/index.php\/category\/politica\/\" rel=\"category tag\">Pol\u00edtica<\/a>","tag_info":"Pol\u00edtica","comment_count":"0","jetpack_featured_media_url":"https:\/\/contextoanalisisperiodistico.com\/wp-content\/uploads\/2023\/05\/IMG-20230526-WA0044.jpg","_links":{"self":[{"href":"https:\/\/contextoanalisisperiodistico.com\/index.php\/wp-json\/wp\/v2\/posts\/13924"}],"collection":[{"href":"https:\/\/contextoanalisisperiodistico.com\/index.php\/wp-json\/wp\/v2\/posts"}],"about":[{"href":"https:\/\/contextoanalisisperiodistico.com\/index.php\/wp-json\/wp\/v2\/types\/post"}],"author":[{"embeddable":true,"href":"https:\/\/contextoanalisisperiodistico.com\/index.php\/wp-json\/wp\/v2\/users\/4"}],"replies":[{"embeddable":true,"href":"https:\/\/contextoanalisisperiodistico.com\/index.php\/wp-json\/wp\/v2\/comments?post=13924"}],"version-history":[{"count":1,"href":"https:\/\/contextoanalisisperiodistico.com\/index.php\/wp-json\/wp\/v2\/posts\/13924\/revisions"}],"predecessor-version":[{"id":13929,"href":"https:\/\/contextoanalisisperiodistico.com\/index.php\/wp-json\/wp\/v2\/posts\/13924\/revisions\/13929"}],"wp:featuredmedia":[{"embeddable":true,"href":"https:\/\/contextoanalisisperiodistico.com\/index.php\/wp-json\/wp\/v2\/media\/13925"}],"wp:attachment":[{"href":"https:\/\/contextoanalisisperiodistico.com\/index.php\/wp-json\/wp\/v2\/media?parent=13924"}],"wp:term":[{"taxonomy":"category","embeddable":true,"href":"https:\/\/contextoanalisisperiodistico.com\/index.php\/wp-json\/wp\/v2\/categories?post=13924"},{"taxonomy":"post_tag","embeddable":true,"href":"https:\/\/contextoanalisisperiodistico.com\/index.php\/wp-json\/wp\/v2\/tags?post=13924"}],"curies":[{"name":"wp","href":"https:\/\/api.w.org\/{rel}","templated":true}]}}