{"id":13842,"date":"2023-05-25T12:01:43","date_gmt":"2023-05-25T18:01:43","guid":{"rendered":"https:\/\/contextoanalisisperiodistico.com\/?p=13842"},"modified":"2023-05-25T12:03:19","modified_gmt":"2023-05-25T18:03:19","slug":"respetuosos-de-la-ley-normalista-detenido-seguira-su-proceso-penal-en-libertad-por-delitos-que-se-le-imputan-ieepo","status":"publish","type":"post","link":"https:\/\/contextoanalisisperiodistico.com\/index.php\/2023\/05\/25\/respetuosos-de-la-ley-normalista-detenido-seguira-su-proceso-penal-en-libertad-por-delitos-que-se-le-imputan-ieepo\/","title":{"rendered":"Respetuosos de la ley, normalista detenido seguir\u00e1 su proceso penal en libertad por delitos que se le imputan: IEEPO"},"content":{"rendered":"<div id=\"fb-root\"><\/div>\n\n<p>\u2022 El director general del Instituto, Emilio Montero P\u00e9rez, asever\u00f3 que no se tolerar\u00e1n actos vand\u00e1licos contra la instituci\u00f3n<\/p>\n\n\n\n<p>Oaxaca de Ju\u00e1rez, Oax., 25 de mayo de 2023.- Derivado de los actos vand\u00e1licos, robo de material y equipo, as\u00ed como agresiones al personal, hechos registrados en d\u00edas pasados en diferentes inmuebles del Instituto Estatal de Educaci\u00f3n P\u00fablica de Oaxaca (IEEPO), la autoridad educativa, respetuosa de la ley y el debido proceso, dar\u00e1 seguimiento a la denuncia correspondiente para la reparaci\u00f3n de los da\u00f1os.<\/p>\n\n\n\n<p>Luego de que la Fiscal\u00eda General del Estado diera comienzo a la integraci\u00f3n de las carpetas de investigaci\u00f3n de un normalista, quien permaneci\u00f3 detenido por 48 horas y enfrentar\u00e1 su proceso en libertad por los delitos que se le imputan, el IEEPO reitera que no se permitir\u00e1n situaciones fuera de la ley.<\/p>\n\n\n\n<p>Al respecto, el director general del Instituto Emilio Montero P\u00e9rez enfatiz\u00f3 que en ning\u00fan momento se inhibir\u00e1 la lucha social magisterial ni el movimiento normalista, siempre y cuando se conduzcan en el marco de la legalidad y como lo se\u00f1ala el derecho a la libre manifestaci\u00f3n establecido en la Carta Magna.<\/p>\n\n\n\n<p>\u201cNo se tolerar\u00e1n actos vand\u00e1licos contra la instituci\u00f3n que trasgredan los inmuebles o pongan en riesgo la integridad f\u00edsica del personal. Toda vez que estamos obligados a cuidar el patrimonio y tambi\u00e9n deriva una responsabilidad ser omisos\u201d, afirm\u00f3.<\/p>\n\n\n\n<p>Entre los da\u00f1os ocasionados a los inmuebles del IEEPO, se encuentran pintas con aerosol en las paredes, cristales rotos, sustracci\u00f3n de equipos de c\u00f3mputo y mobiliario, as\u00ed como de documentaci\u00f3n, por lo cual se present\u00f3 la denuncia correspondiente y se inici\u00f3 una carpeta de investigaci\u00f3n por los delitos de da\u00f1os y robo en contra de quien o quienes resulten responsables.<\/p>\n\n\n\n<p>Por estos hechos, la persona consignada continuar\u00e1 el proceso conforme lo marca la Ley.<\/p>\n","protected":false},"excerpt":{"rendered":"<p>\u2022 El director general del Instituto, Emilio Montero P\u00e9rez, asever\u00f3 que no se tolerar\u00e1n actos&#8230;<\/p>\n","protected":false},"author":4,"featured_media":13843,"comment_status":"closed","ping_status":"open","sticky":false,"template":"","format":"standard","meta":{"footnotes":""},"categories":[9],"tags":[],"jetpack_sharing_enabled":true,"featured_image_urls":{"full":["https:\/\/contextoanalisisperiodistico.com\/wp-content\/uploads\/2023\/05\/IMG-20230525-WA0043.jpg",1600,1600,false],"thumbnail":["https:\/\/contextoanalisisperiodistico.com\/wp-content\/uploads\/2023\/05\/IMG-20230525-WA0043-150x150.jpg",150,150,true],"medium":["https:\/\/contextoanalisisperiodistico.com\/wp-content\/uploads\/2023\/05\/IMG-20230525-WA0043-300x300.jpg",300,300,true],"medium_large":["https:\/\/contextoanalisisperiodistico.com\/wp-content\/uploads\/2023\/05\/IMG-20230525-WA0043-768x768.jpg",640,640,true],"large":["https:\/\/contextoanalisisperiodistico.com\/wp-content\/uploads\/2023\/05\/IMG-20230525-WA0043-1024x1024.jpg",640,640,true],"1536x1536":["https:\/\/contextoanalisisperiodistico.com\/wp-content\/uploads\/2023\/05\/IMG-20230525-WA0043-1536x1536.jpg",1536,1536,true],"2048x2048":["https:\/\/contextoanalisisperiodistico.com\/wp-content\/uploads\/2023\/05\/IMG-20230525-WA0043.jpg",1600,1600,false],"covernews-slider-full":["https:\/\/contextoanalisisperiodistico.com\/wp-content\/uploads\/2023\/05\/IMG-20230525-WA0043-1115x715.jpg",1115,715,true],"covernews-slider-center":["https:\/\/contextoanalisisperiodistico.com\/wp-content\/uploads\/2023\/05\/IMG-20230525-WA0043-800x500.jpg",800,500,true],"covernews-featured":["https:\/\/contextoanalisisperiodistico.com\/wp-content\/uploads\/2023\/05\/IMG-20230525-WA0043-1024x1024.jpg",1024,1024,true],"covernews-medium":["https:\/\/contextoanalisisperiodistico.com\/wp-content\/uploads\/2023\/05\/IMG-20230525-WA0043-540x340.jpg",540,340,true],"covernews-medium-square":["https:\/\/contextoanalisisperiodistico.com\/wp-content\/uploads\/2023\/05\/IMG-20230525-WA0043-400x250.jpg",400,250,true]},"author_info":{"display_name":"Mario Gir\u00f3n","author_link":"https:\/\/contextoanalisisperiodistico.com\/index.php\/author\/director\/"},"category_info":"<a href=\"https:\/\/contextoanalisisperiodistico.com\/index.php\/category\/politica\/\" rel=\"category tag\">Pol\u00edtica<\/a>","tag_info":"Pol\u00edtica","comment_count":"0","jetpack_featured_media_url":"https:\/\/contextoanalisisperiodistico.com\/wp-content\/uploads\/2023\/05\/IMG-20230525-WA0043.jpg","_links":{"self":[{"href":"https:\/\/contextoanalisisperiodistico.com\/index.php\/wp-json\/wp\/v2\/posts\/13842"}],"collection":[{"href":"https:\/\/contextoanalisisperiodistico.com\/index.php\/wp-json\/wp\/v2\/posts"}],"about":[{"href":"https:\/\/contextoanalisisperiodistico.com\/index.php\/wp-json\/wp\/v2\/types\/post"}],"author":[{"embeddable":true,"href":"https:\/\/contextoanalisisperiodistico.com\/index.php\/wp-json\/wp\/v2\/users\/4"}],"replies":[{"embeddable":true,"href":"https:\/\/contextoanalisisperiodistico.com\/index.php\/wp-json\/wp\/v2\/comments?post=13842"}],"version-history":[{"count":1,"href":"https:\/\/contextoanalisisperiodistico.com\/index.php\/wp-json\/wp\/v2\/posts\/13842\/revisions"}],"predecessor-version":[{"id":13844,"href":"https:\/\/contextoanalisisperiodistico.com\/index.php\/wp-json\/wp\/v2\/posts\/13842\/revisions\/13844"}],"wp:featuredmedia":[{"embeddable":true,"href":"https:\/\/contextoanalisisperiodistico.com\/index.php\/wp-json\/wp\/v2\/media\/13843"}],"wp:attachment":[{"href":"https:\/\/contextoanalisisperiodistico.com\/index.php\/wp-json\/wp\/v2\/media?parent=13842"}],"wp:term":[{"taxonomy":"category","embeddable":true,"href":"https:\/\/contextoanalisisperiodistico.com\/index.php\/wp-json\/wp\/v2\/categories?post=13842"},{"taxonomy":"post_tag","embeddable":true,"href":"https:\/\/contextoanalisisperiodistico.com\/index.php\/wp-json\/wp\/v2\/tags?post=13842"}],"curies":[{"name":"wp","href":"https:\/\/api.w.org\/{rel}","templated":true}]}}