{"id":13838,"date":"2023-05-25T10:56:11","date_gmt":"2023-05-25T16:56:11","guid":{"rendered":"https:\/\/contextoanalisisperiodistico.com\/?p=13838"},"modified":"2023-05-25T10:56:23","modified_gmt":"2023-05-25T16:56:23","slug":"dialogo-y-conciliacion-rutas-para-construccion-de-la-paz-entre-san-vicente-coatlan-y-sola-de-vega","status":"publish","type":"post","link":"https:\/\/contextoanalisisperiodistico.com\/index.php\/2023\/05\/25\/dialogo-y-conciliacion-rutas-para-construccion-de-la-paz-entre-san-vicente-coatlan-y-sola-de-vega\/","title":{"rendered":"Di\u00e1logo y conciliaci\u00f3n, rutas para construcci\u00f3n de la paz entre San Vicente Coatl\u00e1n y Sola de Vega"},"content":{"rendered":"<div id=\"fb-root\"><\/div>\n\n<p>\u2022 Autoridades de la Secretar\u00eda de Gobierno contin\u00faan con las mesas de trabajo para dar soluci\u00f3n a las diferencias agrarias y sociales<\/p>\n\n\n\n<p>Oaxaca de Ju\u00e1rez, Oax., 25 de mayo de 2023. El di\u00e1logo y la conciliaci\u00f3n son las rutas para la construcci\u00f3n de la paz entre San Vicente Coatl\u00e1n y Sola de Vega que viven conflictos agrarios y sociales por varias d\u00e9cadas, por lo que el Gobierno del Estado a trav\u00e9s de la Secretar\u00eda de Gobierno contin\u00faa con las mesas de trabajo para dar soluci\u00f3n a estas diferencias.<\/p>\n\n\n\n<p>Ante la instrucci\u00f3n del secretario de Gobierno Jes\u00fas Romero L\u00f3pez, el subsecretario de Desarrollo Pol\u00edtico de esta instancia Diego Mois\u00e9s de la Cruz, junto con el presidente de la Junta de Conciliaci\u00f3n Agraria de Oaxaca Rodrigo Jarqu\u00edn Santos, sostuvieron un encuentro con autoridades agrarias, municipales y habitantes de San Vicente Coatl\u00e1n.<\/p>\n\n\n\n<p>En ella, se expuso la importancia de prevalecer los acuerdos mutuos, el respeto y la concordia a favor de ambas comunidades, por encima de inter\u00e9s particulares o pol\u00edticos.<\/p>\n\n\n\n<p>Se reconoci\u00f3 la voluntad de los pobladores de San Vicente Coatl\u00e1n para dirimir sus diferencias que tiene este poblado ubicado en la Sierra Sur desde hace d\u00e9cadas con Villa Sola de Vega.<\/p>\n\n\n\n<p>En Palacio de Gobierno, habitantes de San Vicente Coatl\u00e1n encabezados por su presidente municipal Luciano Osorio Ruiz y por el comisariado de Bienes Comunales Enrique Hern\u00e1ndez Hern\u00e1ndez expusieron sus inquietudes ante esta situaci\u00f3n, las cuales fueron escuchadas por las autoridades federales y estatales que asistieron a la misma.<\/p>\n\n\n\n<p>En esta reuni\u00f3n estuvieron los representantes de la Procuradur\u00eda Agraria en Oaxaca, Gonzalo Villalobos L\u00f3pez; del Instituto Nacional de los Pueblos Ind\u00edgenas (INPI) en la entidad, Jer\u00f3nimo L\u00f3pez Mar\u00edn y la coordinadora para la Atenci\u00f3n de los Derechos Humanos del Gobierno del Estado (CADH) Flor Estela Morales Hern\u00e1ndez, entre otros.<\/p>\n\n\n\n<figure class=\"wp-block-image size-large\"><img fetchpriority=\"high\" decoding=\"async\" width=\"1024\" height=\"682\" src=\"https:\/\/contextoanalisisperiodistico.com\/wp-content\/uploads\/2023\/05\/img-20230525-wa00382994938467483436160-1024x682.jpg\" alt=\"\" class=\"wp-image-13840\" srcset=\"https:\/\/contextoanalisisperiodistico.com\/wp-content\/uploads\/2023\/05\/img-20230525-wa00382994938467483436160-1024x682.jpg 1024w, https:\/\/contextoanalisisperiodistico.com\/wp-content\/uploads\/2023\/05\/img-20230525-wa00382994938467483436160-300x200.jpg 300w, https:\/\/contextoanalisisperiodistico.com\/wp-content\/uploads\/2023\/05\/img-20230525-wa00382994938467483436160-768x512.jpg 768w, https:\/\/contextoanalisisperiodistico.com\/wp-content\/uploads\/2023\/05\/img-20230525-wa00382994938467483436160-1536x1023.jpg 1536w, https:\/\/contextoanalisisperiodistico.com\/wp-content\/uploads\/2023\/05\/img-20230525-wa00382994938467483436160.jpg 1600w\" sizes=\"(max-width: 1024px) 100vw, 1024px\" \/><\/figure>\n","protected":false},"excerpt":{"rendered":"<p>\u2022 Autoridades de la Secretar\u00eda de Gobierno contin\u00faan con las mesas de trabajo para dar&#8230;<\/p>\n","protected":false},"author":4,"featured_media":13839,"comment_status":"closed","ping_status":"open","sticky":false,"template":"","format":"standard","meta":{"footnotes":""},"categories":[9],"tags":[],"jetpack_sharing_enabled":true,"featured_image_urls":{"full":["https:\/\/contextoanalisisperiodistico.com\/wp-content\/uploads\/2023\/05\/IMG-20230525-WA0037.jpg",1600,1066,false],"thumbnail":["https:\/\/contextoanalisisperiodistico.com\/wp-content\/uploads\/2023\/05\/IMG-20230525-WA0037-150x150.jpg",150,150,true],"medium":["https:\/\/contextoanalisisperiodistico.com\/wp-content\/uploads\/2023\/05\/IMG-20230525-WA0037-300x200.jpg",300,200,true],"medium_large":["https:\/\/contextoanalisisperiodistico.com\/wp-content\/uploads\/2023\/05\/IMG-20230525-WA0037-768x512.jpg",640,427,true],"large":["https:\/\/contextoanalisisperiodistico.com\/wp-content\/uploads\/2023\/05\/IMG-20230525-WA0037-1024x682.jpg",640,426,true],"1536x1536":["https:\/\/contextoanalisisperiodistico.com\/wp-content\/uploads\/2023\/05\/IMG-20230525-WA0037-1536x1023.jpg",1536,1023,true],"2048x2048":["https:\/\/contextoanalisisperiodistico.com\/wp-content\/uploads\/2023\/05\/IMG-20230525-WA0037.jpg",1600,1066,false],"covernews-slider-full":["https:\/\/contextoanalisisperiodistico.com\/wp-content\/uploads\/2023\/05\/IMG-20230525-WA0037-1115x715.jpg",1115,715,true],"covernews-slider-center":["https:\/\/contextoanalisisperiodistico.com\/wp-content\/uploads\/2023\/05\/IMG-20230525-WA0037-800x500.jpg",800,500,true],"covernews-featured":["https:\/\/contextoanalisisperiodistico.com\/wp-content\/uploads\/2023\/05\/IMG-20230525-WA0037-1024x682.jpg",1024,682,true],"covernews-medium":["https:\/\/contextoanalisisperiodistico.com\/wp-content\/uploads\/2023\/05\/IMG-20230525-WA0037-540x340.jpg",540,340,true],"covernews-medium-square":["https:\/\/contextoanalisisperiodistico.com\/wp-content\/uploads\/2023\/05\/IMG-20230525-WA0037-400x250.jpg",400,250,true]},"author_info":{"display_name":"Mario Gir\u00f3n","author_link":"https:\/\/contextoanalisisperiodistico.com\/index.php\/author\/director\/"},"category_info":"<a href=\"https:\/\/contextoanalisisperiodistico.com\/index.php\/category\/politica\/\" rel=\"category tag\">Pol\u00edtica<\/a>","tag_info":"Pol\u00edtica","comment_count":"0","jetpack_featured_media_url":"https:\/\/contextoanalisisperiodistico.com\/wp-content\/uploads\/2023\/05\/IMG-20230525-WA0037.jpg","_links":{"self":[{"href":"https:\/\/contextoanalisisperiodistico.com\/index.php\/wp-json\/wp\/v2\/posts\/13838"}],"collection":[{"href":"https:\/\/contextoanalisisperiodistico.com\/index.php\/wp-json\/wp\/v2\/posts"}],"about":[{"href":"https:\/\/contextoanalisisperiodistico.com\/index.php\/wp-json\/wp\/v2\/types\/post"}],"author":[{"embeddable":true,"href":"https:\/\/contextoanalisisperiodistico.com\/index.php\/wp-json\/wp\/v2\/users\/4"}],"replies":[{"embeddable":true,"href":"https:\/\/contextoanalisisperiodistico.com\/index.php\/wp-json\/wp\/v2\/comments?post=13838"}],"version-history":[{"count":1,"href":"https:\/\/contextoanalisisperiodistico.com\/index.php\/wp-json\/wp\/v2\/posts\/13838\/revisions"}],"predecessor-version":[{"id":13841,"href":"https:\/\/contextoanalisisperiodistico.com\/index.php\/wp-json\/wp\/v2\/posts\/13838\/revisions\/13841"}],"wp:featuredmedia":[{"embeddable":true,"href":"https:\/\/contextoanalisisperiodistico.com\/index.php\/wp-json\/wp\/v2\/media\/13839"}],"wp:attachment":[{"href":"https:\/\/contextoanalisisperiodistico.com\/index.php\/wp-json\/wp\/v2\/media?parent=13838"}],"wp:term":[{"taxonomy":"category","embeddable":true,"href":"https:\/\/contextoanalisisperiodistico.com\/index.php\/wp-json\/wp\/v2\/categories?post=13838"},{"taxonomy":"post_tag","embeddable":true,"href":"https:\/\/contextoanalisisperiodistico.com\/index.php\/wp-json\/wp\/v2\/tags?post=13838"}],"curies":[{"name":"wp","href":"https:\/\/api.w.org\/{rel}","templated":true}]}}