{"id":13794,"date":"2023-05-24T12:47:41","date_gmt":"2023-05-24T18:47:41","guid":{"rendered":"https:\/\/contextoanalisisperiodistico.com\/?p=13794"},"modified":"2023-05-24T12:48:49","modified_gmt":"2023-05-24T18:48:49","slug":"realizan-operativo-de-deteccion-y-decomiso-de-vapeadores-en-la-mixteca-y-valles-centrales","status":"publish","type":"post","link":"https:\/\/contextoanalisisperiodistico.com\/index.php\/2023\/05\/24\/realizan-operativo-de-deteccion-y-decomiso-de-vapeadores-en-la-mixteca-y-valles-centrales\/","title":{"rendered":"Operativo de detecci\u00f3n y decomiso de vapeadores en Mixteca y Valles Centrales"},"content":{"rendered":"<div id=\"fb-root\"><\/div>\n\n<p>\u2022 Los SSO suspenden dos m\u00e1quinas dispensadoras y alertan sobre el peligro a la salud de los cigarros electr\u00f3nicos por contener compuestos carcin\u00f3genos y sustancias t\u00f3xicas<\/p>\n\n\n\n<p><br \/>\u2022 Las personas pueden realizar denuncias an\u00f3nimas sobre m\u00e1quinas expendedoras y puntos de venta de estos productos al tel\u00e9fono 951 514 4748<\/p>\n\n\n\n<p>Oaxaca de Ju\u00e1rez, Oax. 24 de mayo de 2023.- El aseguramiento de 50 productos de vapeo y cigarros electr\u00f3nicos fue el resultado del operativo implementado por los Servicios de Salud de Oaxaca (SSO), a trav\u00e9s de la Direcci\u00f3n de Regulaci\u00f3n y Fomento Sanitario en la Jurisdicci\u00f3n Sanitaria n\u00famero cinco Mixteca y zonas conurbadas de Valles Centrales.<\/p>\n\n\n\n<p>Durante la verificaci\u00f3n tambi\u00e9n suspendieron dos m\u00e1quinas dispensadoras, esto como parte de la alerta m\u00e1xima sanitaria a nivel federal y el decreto presidencial donde queda estrictamente prohibido la venta de estos artefactos, inform\u00f3 la titular de esta Direcci\u00f3n Andrea Ram\u00f3n Garc\u00eda.<\/p>\n\n\n\n<p>Expres\u00f3 que en total se llevaron a cabo 40 visitas a establecimientos fijos y semifijos con la finalidad de evitar riesgos a la salud, ya que estos productos est\u00e1n asociados a problemas respiratorios, causando padecimientos como la Enfermedad Pulmonar Obstructiva Cr\u00f3nica (EPOC), asma, patolog\u00edas cardiovasculares, arteriosclerosis e infartos al coraz\u00f3n.<\/p>\n\n\n\n<p>As\u00ed tambi\u00e9n, da\u00f1os mutag\u00e9nicos que aumentan el riesgo de c\u00e1ncer y alteraciones a nivel reproductivo, como disfunci\u00f3n er\u00e9ctil, derivados de sus compuestos carcin\u00f3genos, sustancias t\u00f3xicas y emisiones en forma de aerosol.<\/p>\n\n\n\n<p>Adem\u00e1s de que contienen niveles importantes de metales como cadmio, n\u00edquel, plomo, entre otros, los cuales representan un peligro a la salud.<\/p>\n\n\n\n<p>La funcionaria indic\u00f3 que en la entidad se fortalecen las acciones de vigilancia sanitaria ante la publicaci\u00f3n en el Diario Oficial de la Federaci\u00f3n del decreto que proh\u00edbe la circulaci\u00f3n y comercializaci\u00f3n en el interior de la Rep\u00fablica de los sistemas electr\u00f3nicos de administraci\u00f3n de nicotina, similares sin nicotina, alternativos de consumo de nicotina, cigarrillos electr\u00f3nicos y dispositivos vaporizadores con usos similares, as\u00ed como las soluciones y mezclas en dichos aparatos.<\/p>\n\n\n\n<p>Mencion\u00f3 que se tiene la instrucci\u00f3n de incrementar el n\u00famero de visitas de verificaci\u00f3n y aseguramientos de dispositivos, especialmente aquellos localizados en puntos con mayor riesgo de ser consumidos por personas menores de edad.<\/p>\n\n\n\n<p>Tambi\u00e9n se fomenta la participaci\u00f3n de la poblaci\u00f3n para que realice denuncias an\u00f3nimas sobre m\u00e1quinas expendedoras y puntos de venta que comercializan estos productos al tel\u00e9fono 951 514 4748 o en la liga: https:\/\/bit.ly\/3LPxQ6Z.<\/p>\n\n\n\n<p>Finalmente alert\u00f3 a las personas a dejar de utilizar estos productos que pueden ocasionar incluso la muerte, al igual que recibir asesor\u00eda en los Centros de Atenci\u00f3n Primaria en Adicciones (UNEME-CAPA), ubicados en Santa Cruz Xoxocotl\u00e1n, Trinidad de Viguera, Tehuantepec, Tuxtepec, Puerto Escondido, Pinotepa Nacional, y Huajuapan de Le\u00f3n.<\/p>\n\n\n\n<figure class=\"wp-block-image size-large\"><img fetchpriority=\"high\" decoding=\"async\" width=\"768\" height=\"1024\" src=\"https:\/\/contextoanalisisperiodistico.com\/wp-content\/uploads\/2023\/05\/img-20230524-wa00353748327662732683939.jpg\" alt=\"\" class=\"wp-image-13798\" srcset=\"https:\/\/contextoanalisisperiodistico.com\/wp-content\/uploads\/2023\/05\/img-20230524-wa00353748327662732683939.jpg 768w, https:\/\/contextoanalisisperiodistico.com\/wp-content\/uploads\/2023\/05\/img-20230524-wa00353748327662732683939-225x300.jpg 225w\" sizes=\"(max-width: 768px) 100vw, 768px\" \/><\/figure>\n\n\n\n<figure class=\"wp-block-image\"><img decoding=\"async\" width=\"225\" height=\"300\" src=\"https:\/\/contextoanalisisperiodistico.com\/wp-content\/uploads\/2023\/05\/img-20230524-wa0031174918546830232703-225x300.jpg\" alt=\"\" class=\"wp-image-13796\" srcset=\"https:\/\/contextoanalisisperiodistico.com\/wp-content\/uploads\/2023\/05\/img-20230524-wa0031174918546830232703-225x300.jpg 225w, https:\/\/contextoanalisisperiodistico.com\/wp-content\/uploads\/2023\/05\/img-20230524-wa0031174918546830232703.jpg 768w\" sizes=\"(max-width: 225px) 100vw, 225px\" \/><\/figure>\n\n\n\n<figure class=\"wp-block-image\"><img decoding=\"async\" width=\"300\" height=\"225\" src=\"https:\/\/contextoanalisisperiodistico.com\/wp-content\/uploads\/2023\/05\/img-20230524-wa00326309867978980066224-300x225.jpg\" alt=\"\" class=\"wp-image-13799\" srcset=\"https:\/\/contextoanalisisperiodistico.com\/wp-content\/uploads\/2023\/05\/img-20230524-wa00326309867978980066224-300x225.jpg 300w, https:\/\/contextoanalisisperiodistico.com\/wp-content\/uploads\/2023\/05\/img-20230524-wa00326309867978980066224-768x576.jpg 768w, https:\/\/contextoanalisisperiodistico.com\/wp-content\/uploads\/2023\/05\/img-20230524-wa00326309867978980066224.jpg 1024w\" sizes=\"(max-width: 300px) 100vw, 300px\" \/><\/figure>\n\n\n\n<figure class=\"wp-block-image\"><img loading=\"lazy\" decoding=\"async\" width=\"225\" height=\"300\" src=\"https:\/\/contextoanalisisperiodistico.com\/wp-content\/uploads\/2023\/05\/img-20230524-wa00346952323557687145349-225x300.jpg\" alt=\"\" class=\"wp-image-13797\" srcset=\"https:\/\/contextoanalisisperiodistico.com\/wp-content\/uploads\/2023\/05\/img-20230524-wa00346952323557687145349-225x300.jpg 225w, https:\/\/contextoanalisisperiodistico.com\/wp-content\/uploads\/2023\/05\/img-20230524-wa00346952323557687145349.jpg 768w\" sizes=\"(max-width: 225px) 100vw, 225px\" \/><\/figure>\n","protected":false},"excerpt":{"rendered":"<p>\u2022 Los SSO suspenden dos m\u00e1quinas dispensadoras y alertan sobre el peligro a la salud&#8230;<\/p>\n","protected":false},"author":4,"featured_media":13795,"comment_status":"closed","ping_status":"open","sticky":false,"template":"","format":"standard","meta":{"footnotes":""},"categories":[9],"tags":[],"jetpack_sharing_enabled":true,"featured_image_urls":{"full":["https:\/\/contextoanalisisperiodistico.com\/wp-content\/uploads\/2023\/05\/IMG-20230524-WA0033.jpg",1024,768,false],"thumbnail":["https:\/\/contextoanalisisperiodistico.com\/wp-content\/uploads\/2023\/05\/IMG-20230524-WA0033-150x150.jpg",150,150,true],"medium":["https:\/\/contextoanalisisperiodistico.com\/wp-content\/uploads\/2023\/05\/IMG-20230524-WA0033-300x225.jpg",300,225,true],"medium_large":["https:\/\/contextoanalisisperiodistico.com\/wp-content\/uploads\/2023\/05\/IMG-20230524-WA0033-768x576.jpg",640,480,true],"large":["https:\/\/contextoanalisisperiodistico.com\/wp-content\/uploads\/2023\/05\/IMG-20230524-WA0033.jpg",640,480,false],"1536x1536":["https:\/\/contextoanalisisperiodistico.com\/wp-content\/uploads\/2023\/05\/IMG-20230524-WA0033.jpg",1024,768,false],"2048x2048":["https:\/\/contextoanalisisperiodistico.com\/wp-content\/uploads\/2023\/05\/IMG-20230524-WA0033.jpg",1024,768,false],"covernews-slider-full":["https:\/\/contextoanalisisperiodistico.com\/wp-content\/uploads\/2023\/05\/IMG-20230524-WA0033-1024x715.jpg",1024,715,true],"covernews-slider-center":["https:\/\/contextoanalisisperiodistico.com\/wp-content\/uploads\/2023\/05\/IMG-20230524-WA0033-800x500.jpg",800,500,true],"covernews-featured":["https:\/\/contextoanalisisperiodistico.com\/wp-content\/uploads\/2023\/05\/IMG-20230524-WA0033.jpg",1024,768,false],"covernews-medium":["https:\/\/contextoanalisisperiodistico.com\/wp-content\/uploads\/2023\/05\/IMG-20230524-WA0033-540x340.jpg",540,340,true],"covernews-medium-square":["https:\/\/contextoanalisisperiodistico.com\/wp-content\/uploads\/2023\/05\/IMG-20230524-WA0033-400x250.jpg",400,250,true]},"author_info":{"display_name":"Mario Gir\u00f3n","author_link":"https:\/\/contextoanalisisperiodistico.com\/index.php\/author\/director\/"},"category_info":"<a href=\"https:\/\/contextoanalisisperiodistico.com\/index.php\/category\/politica\/\" rel=\"category tag\">Pol\u00edtica<\/a>","tag_info":"Pol\u00edtica","comment_count":"0","jetpack_featured_media_url":"https:\/\/contextoanalisisperiodistico.com\/wp-content\/uploads\/2023\/05\/IMG-20230524-WA0033.jpg","_links":{"self":[{"href":"https:\/\/contextoanalisisperiodistico.com\/index.php\/wp-json\/wp\/v2\/posts\/13794"}],"collection":[{"href":"https:\/\/contextoanalisisperiodistico.com\/index.php\/wp-json\/wp\/v2\/posts"}],"about":[{"href":"https:\/\/contextoanalisisperiodistico.com\/index.php\/wp-json\/wp\/v2\/types\/post"}],"author":[{"embeddable":true,"href":"https:\/\/contextoanalisisperiodistico.com\/index.php\/wp-json\/wp\/v2\/users\/4"}],"replies":[{"embeddable":true,"href":"https:\/\/contextoanalisisperiodistico.com\/index.php\/wp-json\/wp\/v2\/comments?post=13794"}],"version-history":[{"count":2,"href":"https:\/\/contextoanalisisperiodistico.com\/index.php\/wp-json\/wp\/v2\/posts\/13794\/revisions"}],"predecessor-version":[{"id":13801,"href":"https:\/\/contextoanalisisperiodistico.com\/index.php\/wp-json\/wp\/v2\/posts\/13794\/revisions\/13801"}],"wp:featuredmedia":[{"embeddable":true,"href":"https:\/\/contextoanalisisperiodistico.com\/index.php\/wp-json\/wp\/v2\/media\/13795"}],"wp:attachment":[{"href":"https:\/\/contextoanalisisperiodistico.com\/index.php\/wp-json\/wp\/v2\/media?parent=13794"}],"wp:term":[{"taxonomy":"category","embeddable":true,"href":"https:\/\/contextoanalisisperiodistico.com\/index.php\/wp-json\/wp\/v2\/categories?post=13794"},{"taxonomy":"post_tag","embeddable":true,"href":"https:\/\/contextoanalisisperiodistico.com\/index.php\/wp-json\/wp\/v2\/tags?post=13794"}],"curies":[{"name":"wp","href":"https:\/\/api.w.org\/{rel}","templated":true}]}}