{"id":13762,"date":"2023-05-23T20:44:45","date_gmt":"2023-05-24T02:44:45","guid":{"rendered":"https:\/\/contextoanalisisperiodistico.com\/?p=13762"},"modified":"2023-05-23T20:44:56","modified_gmt":"2023-05-24T02:44:56","slug":"concluye-gira-de-trabajo-a-favor-de-la-comunidad-migrante-oaxaquena-en-baja-california","status":"publish","type":"post","link":"https:\/\/contextoanalisisperiodistico.com\/index.php\/2023\/05\/23\/concluye-gira-de-trabajo-a-favor-de-la-comunidad-migrante-oaxaquena-en-baja-california\/","title":{"rendered":"Concluye gira de trabajo a favor de la comunidad migrante oaxaque\u00f1a en Baja California"},"content":{"rendered":"<div id=\"fb-root\"><\/div>\n\n<p>Concluye gira de trabajo a favor de la comunidad migrante oaxaque\u00f1a en Baja California<\/p>\n\n\n\n<p>\u2022 Asistieron la titular de la Setrao, Edith Santib\u00e1\u00f1ez Boh\u00f3rquez y el director del IAIMO Silverio \u00c1vila Mart\u00ednez para promover pol\u00edticas p\u00fablicas a favor de este sector<\/p>\n\n\n\n<p>San Quint\u00edn, Baja California. 23 de mayo de 2023.- La Secretar\u00eda del Trabajo de Oaxaca (Setrao) y el Instituto de Atenci\u00f3n Integral al Migrante Oaxaque\u00f1o (IAIMO) realizaron del 18 al 21 de mayo una gira institucional en el estado de Baja California con el fin de promover pol\u00edticas p\u00fablicas en beneficio de la comunidad migrante oaxaque\u00f1a que reside en esta localidad.<\/p>\n\n\n\n<p>La estrategia gubernamental integral de acompa\u00f1amiento a la poblaci\u00f3n migrante radicada en Baja California, promovida por el Gobernador Salom\u00f3n Jara Cruz, a trav\u00e9s de la Setrao y el IAIMO, es dirigida particularmente a las personas que se dedican al trabajo agr\u00edcola, con el objetivo de encontrar soluciones que mejoren sus condiciones de vida.<\/p>\n\n\n\n<p>En este sentido, la titular de la Setrao, Edith Santib\u00e1\u00f1ez Boh\u00f3rquez y el director del IAIMO, Silverio \u00c1vila Mart\u00ednez se reunieron con el secretario General de Gobierno de Baja California, Catalino Zavala M\u00e1rquez, as\u00ed como con la subsecretaria de Asuntos Migratorios, Adriana Espinoza Nolasco y la directora del Instituto de la Mujer de Baja California, Karla Pedr\u00edn Rembao con el fin de brindar atenci\u00f3n especial a las mujeres migrantes oaxaque\u00f1as y mejorar sus condiciones laborales.<\/p>\n\n\n\n<p>En el encuentro tambi\u00e9n se abordaron temas de seguridad social y protecci\u00f3n de las y los trabajadores migrantes, as\u00ed como acciones concretas para garantizar su bienestar y salvaguardar sus derechos laborales como sus condiciones de trabajo libres de abusos y explotaci\u00f3n, otorgar apoyo necesario a las y los oaxaque\u00f1os para una migraci\u00f3n segura.<\/p>\n\n\n\n<p>Por otra parte, los servidores p\u00fablicos de Oaxaca se reunieron con el Concejo Municipal Fundacional de San Quint\u00edn para coordinar acciones en apoyo a las y los jornaleros oaxaque\u00f1os al tiempo que reconocieron a esta comunidad por su nuevo rol como Municipio de Baja California. Aqu\u00ed, tambi\u00e9n tuvieron la oportunidad de saludar a la autoridad tradicional del \u201cNuevo San Juan Copala\u201d.<\/p>\n\n\n\n<p>Dentro de las actividades realizadas este fin de semana, se tuvo un encuentro con la oaxaque\u00f1a Montserrat Caballero Ram\u00edrez, alcaldesa de Tijuana para definir m\u00e1s y mejores estrategias laborales y de esta forma garantizar el bienestar de las familias oaxaque\u00f1as radicadas en esta localidad.<\/p>\n\n\n\n<p>De esta forma el Gobierno de Oaxaca atiende y otorga el apoyo necesario para una migraci\u00f3n segura, cumpliendo con el eje de desarrollo Bienestar para todas las oaxaque\u00f1as y oaxaque\u00f1os.<\/p>\n\n\n\n<figure class=\"wp-block-image size-large\"><img fetchpriority=\"high\" decoding=\"async\" width=\"1024\" height=\"682\" src=\"https:\/\/contextoanalisisperiodistico.com\/wp-content\/uploads\/2023\/05\/img-20230523-wa00882439007052541270632-1024x682.jpg\" alt=\"\" class=\"wp-image-13765\" srcset=\"https:\/\/contextoanalisisperiodistico.com\/wp-content\/uploads\/2023\/05\/img-20230523-wa00882439007052541270632-1024x682.jpg 1024w, https:\/\/contextoanalisisperiodistico.com\/wp-content\/uploads\/2023\/05\/img-20230523-wa00882439007052541270632-300x200.jpg 300w, https:\/\/contextoanalisisperiodistico.com\/wp-content\/uploads\/2023\/05\/img-20230523-wa00882439007052541270632-768x512.jpg 768w, https:\/\/contextoanalisisperiodistico.com\/wp-content\/uploads\/2023\/05\/img-20230523-wa00882439007052541270632.jpg 1286w\" sizes=\"(max-width: 1024px) 100vw, 1024px\" \/><\/figure>\n\n\n\n<figure class=\"wp-block-image\"><img decoding=\"async\" width=\"1024\" height=\"793\" src=\"https:\/\/contextoanalisisperiodistico.com\/wp-content\/uploads\/2023\/05\/img-20230523-wa00894625003821214706982-1024x793.jpg\" alt=\"\" class=\"wp-image-13764\" srcset=\"https:\/\/contextoanalisisperiodistico.com\/wp-content\/uploads\/2023\/05\/img-20230523-wa00894625003821214706982-1024x793.jpg 1024w, https:\/\/contextoanalisisperiodistico.com\/wp-content\/uploads\/2023\/05\/img-20230523-wa00894625003821214706982-300x232.jpg 300w, https:\/\/contextoanalisisperiodistico.com\/wp-content\/uploads\/2023\/05\/img-20230523-wa00894625003821214706982-768x595.jpg 768w, https:\/\/contextoanalisisperiodistico.com\/wp-content\/uploads\/2023\/05\/img-20230523-wa00894625003821214706982-1536x1189.jpg 1536w, https:\/\/contextoanalisisperiodistico.com\/wp-content\/uploads\/2023\/05\/img-20230523-wa00894625003821214706982.jpg 1550w\" sizes=\"(max-width: 1024px) 100vw, 1024px\" \/><\/figure>\n","protected":false},"excerpt":{"rendered":"<p>Concluye gira de trabajo a favor de la comunidad migrante oaxaque\u00f1a en Baja California \u2022&#8230;<\/p>\n","protected":false},"author":4,"featured_media":13763,"comment_status":"closed","ping_status":"open","sticky":false,"template":"","format":"standard","meta":{"footnotes":""},"categories":[9],"tags":[],"jetpack_sharing_enabled":true,"featured_image_urls":{"full":["https:\/\/contextoanalisisperiodistico.com\/wp-content\/uploads\/2023\/05\/IMG-20230523-WA0090.jpg",1483,1021,false],"thumbnail":["https:\/\/contextoanalisisperiodistico.com\/wp-content\/uploads\/2023\/05\/IMG-20230523-WA0090-150x150.jpg",150,150,true],"medium":["https:\/\/contextoanalisisperiodistico.com\/wp-content\/uploads\/2023\/05\/IMG-20230523-WA0090-300x207.jpg",300,207,true],"medium_large":["https:\/\/contextoanalisisperiodistico.com\/wp-content\/uploads\/2023\/05\/IMG-20230523-WA0090-768x529.jpg",640,441,true],"large":["https:\/\/contextoanalisisperiodistico.com\/wp-content\/uploads\/2023\/05\/IMG-20230523-WA0090-1024x705.jpg",640,441,true],"1536x1536":["https:\/\/contextoanalisisperiodistico.com\/wp-content\/uploads\/2023\/05\/IMG-20230523-WA0090.jpg",1483,1021,false],"2048x2048":["https:\/\/contextoanalisisperiodistico.com\/wp-content\/uploads\/2023\/05\/IMG-20230523-WA0090.jpg",1483,1021,false],"covernews-slider-full":["https:\/\/contextoanalisisperiodistico.com\/wp-content\/uploads\/2023\/05\/IMG-20230523-WA0090-1115x715.jpg",1115,715,true],"covernews-slider-center":["https:\/\/contextoanalisisperiodistico.com\/wp-content\/uploads\/2023\/05\/IMG-20230523-WA0090-800x500.jpg",800,500,true],"covernews-featured":["https:\/\/contextoanalisisperiodistico.com\/wp-content\/uploads\/2023\/05\/IMG-20230523-WA0090-1024x705.jpg",1024,705,true],"covernews-medium":["https:\/\/contextoanalisisperiodistico.com\/wp-content\/uploads\/2023\/05\/IMG-20230523-WA0090-540x340.jpg",540,340,true],"covernews-medium-square":["https:\/\/contextoanalisisperiodistico.com\/wp-content\/uploads\/2023\/05\/IMG-20230523-WA0090-400x250.jpg",400,250,true]},"author_info":{"display_name":"Mario Gir\u00f3n","author_link":"https:\/\/contextoanalisisperiodistico.com\/index.php\/author\/director\/"},"category_info":"<a href=\"https:\/\/contextoanalisisperiodistico.com\/index.php\/category\/politica\/\" rel=\"category tag\">Pol\u00edtica<\/a>","tag_info":"Pol\u00edtica","comment_count":"0","jetpack_featured_media_url":"https:\/\/contextoanalisisperiodistico.com\/wp-content\/uploads\/2023\/05\/IMG-20230523-WA0090.jpg","_links":{"self":[{"href":"https:\/\/contextoanalisisperiodistico.com\/index.php\/wp-json\/wp\/v2\/posts\/13762"}],"collection":[{"href":"https:\/\/contextoanalisisperiodistico.com\/index.php\/wp-json\/wp\/v2\/posts"}],"about":[{"href":"https:\/\/contextoanalisisperiodistico.com\/index.php\/wp-json\/wp\/v2\/types\/post"}],"author":[{"embeddable":true,"href":"https:\/\/contextoanalisisperiodistico.com\/index.php\/wp-json\/wp\/v2\/users\/4"}],"replies":[{"embeddable":true,"href":"https:\/\/contextoanalisisperiodistico.com\/index.php\/wp-json\/wp\/v2\/comments?post=13762"}],"version-history":[{"count":1,"href":"https:\/\/contextoanalisisperiodistico.com\/index.php\/wp-json\/wp\/v2\/posts\/13762\/revisions"}],"predecessor-version":[{"id":13766,"href":"https:\/\/contextoanalisisperiodistico.com\/index.php\/wp-json\/wp\/v2\/posts\/13762\/revisions\/13766"}],"wp:featuredmedia":[{"embeddable":true,"href":"https:\/\/contextoanalisisperiodistico.com\/index.php\/wp-json\/wp\/v2\/media\/13763"}],"wp:attachment":[{"href":"https:\/\/contextoanalisisperiodistico.com\/index.php\/wp-json\/wp\/v2\/media?parent=13762"}],"wp:term":[{"taxonomy":"category","embeddable":true,"href":"https:\/\/contextoanalisisperiodistico.com\/index.php\/wp-json\/wp\/v2\/categories?post=13762"},{"taxonomy":"post_tag","embeddable":true,"href":"https:\/\/contextoanalisisperiodistico.com\/index.php\/wp-json\/wp\/v2\/tags?post=13762"}],"curies":[{"name":"wp","href":"https:\/\/api.w.org\/{rel}","templated":true}]}}