{"id":13726,"date":"2023-05-23T11:37:49","date_gmt":"2023-05-23T17:37:49","guid":{"rendered":"https:\/\/contextoanalisisperiodistico.com\/?p=13726"},"modified":"2023-05-23T11:39:09","modified_gmt":"2023-05-23T17:39:09","slug":"jornada-de-deteccion-de-catarata","status":"publish","type":"post","link":"https:\/\/contextoanalisisperiodistico.com\/index.php\/2023\/05\/23\/jornada-de-deteccion-de-catarata\/","title":{"rendered":"Jornada de Detecci\u00f3n de catarata"},"content":{"rendered":"<div id=\"fb-root\"><\/div>\n\n<p>\u2022 La campa\u00f1a est\u00e1 dirigida a las personas de escasos recursos, sin seguridad social, residentes de las Jurisdicciones Sanitarias del Istmo y Tuxtepec<\/p>\n\n\n\n<p>\u2022 La catarata representa la principal causa de ceguera en el mundo, y una de cada dos personas mayores de 75 a\u00f1os de edad tienen este padecimiento<\/p>\n\n\n\n<p>Oaxaca de Ju\u00e1rez, Oax. 23 de mayo de 2023.- Los Servicios de Salud de Oaxaca (SSO) realizar\u00e1n la Primera Jornada de Detecci\u00f3n de Cataratas Gratuitas, en las Jurisdicciones Sanitarias de Tuxtepec e Istmo.<\/p>\n\n\n\n<p>La coordinadora estatal de Redes de Servicios y Cirug\u00eda Extramuros, Laura Isabel Taboada Robles, inform\u00f3 que a trav\u00e9s de esta estrategia se busca acercar la atenci\u00f3n m\u00e9dica a las personas de escasos recursos de la entidad, y con la suma de alianzas mejorar su visi\u00f3n y calidad de vida.<\/p>\n\n\n\n<p>Detall\u00f3 que la jornada iniciar\u00e1 el viernes 9 de junio de 10:00 a 17:00 horas y continuar\u00e1 el s\u00e1bado 10 de junio de 9:00 a 16:00 horas en el Hospital General de Tuxtepec. Es importante que las personas interesadas se inscriban con d\u00edas de anticipaci\u00f3n para la valoraci\u00f3n al n\u00famero telef\u00f3nico 287 237 4153.<\/p>\n\n\n\n<p>As\u00ed tambi\u00e9n para la poblaci\u00f3n residente del Istmo de Tehuantepec, la Jornada se llevar\u00e1 a cabo el martes 13 y mi\u00e9rcoles 14 de julio de 9:00 a 16:00 horas en el Hospital General de Ciudad Ixtepec y en el nosocomio General con Especialidades de Salina Cruz, respectivamente.<\/p>\n\n\n\n<p>Para inscribirse, la poblaci\u00f3n deber\u00e1 comunicarse a los n\u00fameros 971 713 2917 para la jornada del d\u00eda 13 de julio y a los tel\u00e9fonos 971 281 3229 o al 9712813232 extensi\u00f3n 132, para el d\u00eda 14 del mismo mes.<\/p>\n\n\n\n<p>La funcionaria se\u00f1al\u00f3 que las valoraciones y las cirug\u00edas no tendr\u00e1n costo alguno; para participar en esta iniciativa, las personas deber\u00e1n ser mayores de 18 a\u00f1os, no contar con seguridad social y acudir con un acompa\u00f1ante.<\/p>\n\n\n\n<p>En este sentido, sostuvo que la catarata representa la principal causa de ceguera en el mundo y una de cada dos personas mayores de 75 a\u00f1os tienen este padecimiento, siendo el s\u00edntoma principal la p\u00e9rdida de visi\u00f3n progresiva e indolora.<\/p>\n\n\n\n<p>El diagn\u00f3stico se realiza mediante oftalmoscopio y examen con l\u00e1mpara de hendidura. Una vez realizada la detecci\u00f3n, el tratamiento es la extracci\u00f3n quir\u00fargica de la catarata y el implante de un lente intraocular.<\/p>\n\n\n\n<p>Cabe hacer menci\u00f3n que la sintomatolog\u00eda puede ser p\u00e9rdida de contraste, deslumbramiento (es decir, destellos alrededor de luces, sin fotofobia), necesidad de m\u00e1s luz para ver bien y problemas para distinguir el azul obscuro del negro, m\u00e1s adelante se produce finalmente una borrosidad visual indolora.<\/p>\n\n\n\n<p>De esta manera, el Gobierno del Estado refuerza las acciones en favor de las personas m\u00e1s vulnerables; con esta jornada ser\u00e1 posible que las y los ciudadanos que participen puedan mejor su visi\u00f3n, y con ello la oportunidad de vivir sin esta limitaci\u00f3n, en beneficio tambi\u00e9n de su n\u00facleo familiar toda vez que con esta actividad gratuita se podr\u00e1n reintegrar a sus actividades tanto personales como sociales.<\/p>\n\n\n\n<p>-0-<\/p>\n\n\n\n<figure class=\"wp-block-image size-large\"><img fetchpriority=\"high\" decoding=\"async\" width=\"680\" height=\"1024\" src=\"https:\/\/contextoanalisisperiodistico.com\/wp-content\/uploads\/2023\/05\/img-20230523-wa00265227540788340226125-680x1024.jpg\" alt=\"\" class=\"wp-image-13729\" srcset=\"https:\/\/contextoanalisisperiodistico.com\/wp-content\/uploads\/2023\/05\/img-20230523-wa00265227540788340226125-680x1024.jpg 680w, https:\/\/contextoanalisisperiodistico.com\/wp-content\/uploads\/2023\/05\/img-20230523-wa00265227540788340226125-199x300.jpg 199w, https:\/\/contextoanalisisperiodistico.com\/wp-content\/uploads\/2023\/05\/img-20230523-wa00265227540788340226125-768x1156.jpg 768w, https:\/\/contextoanalisisperiodistico.com\/wp-content\/uploads\/2023\/05\/img-20230523-wa00265227540788340226125.jpg 960w\" sizes=\"(max-width: 680px) 100vw, 680px\" \/><\/figure>\n\n\n\n<figure class=\"wp-block-image\"><img decoding=\"async\" width=\"667\" height=\"1024\" src=\"https:\/\/contextoanalisisperiodistico.com\/wp-content\/uploads\/2023\/05\/img-20230523-wa0025420832196225666419-667x1024.jpg\" alt=\"\" class=\"wp-image-13728\" srcset=\"https:\/\/contextoanalisisperiodistico.com\/wp-content\/uploads\/2023\/05\/img-20230523-wa0025420832196225666419-667x1024.jpg 667w, https:\/\/contextoanalisisperiodistico.com\/wp-content\/uploads\/2023\/05\/img-20230523-wa0025420832196225666419-195x300.jpg 195w, https:\/\/contextoanalisisperiodistico.com\/wp-content\/uploads\/2023\/05\/img-20230523-wa0025420832196225666419-768x1179.jpg 768w, https:\/\/contextoanalisisperiodistico.com\/wp-content\/uploads\/2023\/05\/img-20230523-wa0025420832196225666419.jpg 960w\" sizes=\"(max-width: 667px) 100vw, 667px\" \/><\/figure>\n","protected":false},"excerpt":{"rendered":"<p>\u2022 La campa\u00f1a est\u00e1 dirigida a las personas de escasos recursos, sin seguridad social, residentes&#8230;<\/p>\n","protected":false},"author":4,"featured_media":13727,"comment_status":"closed","ping_status":"open","sticky":false,"template":"","format":"standard","meta":{"footnotes":""},"categories":[92],"tags":[],"jetpack_sharing_enabled":true,"featured_image_urls":{"full":["https:\/\/contextoanalisisperiodistico.com\/wp-content\/uploads\/2023\/05\/IMG-20230523-WA0024.jpg",1600,1600,false],"thumbnail":["https:\/\/contextoanalisisperiodistico.com\/wp-content\/uploads\/2023\/05\/IMG-20230523-WA0024-150x150.jpg",150,150,true],"medium":["https:\/\/contextoanalisisperiodistico.com\/wp-content\/uploads\/2023\/05\/IMG-20230523-WA0024-300x300.jpg",300,300,true],"medium_large":["https:\/\/contextoanalisisperiodistico.com\/wp-content\/uploads\/2023\/05\/IMG-20230523-WA0024-768x768.jpg",640,640,true],"large":["https:\/\/contextoanalisisperiodistico.com\/wp-content\/uploads\/2023\/05\/IMG-20230523-WA0024-1024x1024.jpg",640,640,true],"1536x1536":["https:\/\/contextoanalisisperiodistico.com\/wp-content\/uploads\/2023\/05\/IMG-20230523-WA0024-1536x1536.jpg",1536,1536,true],"2048x2048":["https:\/\/contextoanalisisperiodistico.com\/wp-content\/uploads\/2023\/05\/IMG-20230523-WA0024.jpg",1600,1600,false],"covernews-slider-full":["https:\/\/contextoanalisisperiodistico.com\/wp-content\/uploads\/2023\/05\/IMG-20230523-WA0024-1115x715.jpg",1115,715,true],"covernews-slider-center":["https:\/\/contextoanalisisperiodistico.com\/wp-content\/uploads\/2023\/05\/IMG-20230523-WA0024-800x500.jpg",800,500,true],"covernews-featured":["https:\/\/contextoanalisisperiodistico.com\/wp-content\/uploads\/2023\/05\/IMG-20230523-WA0024-1024x1024.jpg",1024,1024,true],"covernews-medium":["https:\/\/contextoanalisisperiodistico.com\/wp-content\/uploads\/2023\/05\/IMG-20230523-WA0024-540x340.jpg",540,340,true],"covernews-medium-square":["https:\/\/contextoanalisisperiodistico.com\/wp-content\/uploads\/2023\/05\/IMG-20230523-WA0024-400x250.jpg",400,250,true]},"author_info":{"display_name":"Mario Gir\u00f3n","author_link":"https:\/\/contextoanalisisperiodistico.com\/index.php\/author\/director\/"},"category_info":"<a href=\"https:\/\/contextoanalisisperiodistico.com\/index.php\/category\/salud\/\" rel=\"category tag\">Salud<\/a>","tag_info":"Salud","comment_count":"0","jetpack_featured_media_url":"https:\/\/contextoanalisisperiodistico.com\/wp-content\/uploads\/2023\/05\/IMG-20230523-WA0024.jpg","_links":{"self":[{"href":"https:\/\/contextoanalisisperiodistico.com\/index.php\/wp-json\/wp\/v2\/posts\/13726"}],"collection":[{"href":"https:\/\/contextoanalisisperiodistico.com\/index.php\/wp-json\/wp\/v2\/posts"}],"about":[{"href":"https:\/\/contextoanalisisperiodistico.com\/index.php\/wp-json\/wp\/v2\/types\/post"}],"author":[{"embeddable":true,"href":"https:\/\/contextoanalisisperiodistico.com\/index.php\/wp-json\/wp\/v2\/users\/4"}],"replies":[{"embeddable":true,"href":"https:\/\/contextoanalisisperiodistico.com\/index.php\/wp-json\/wp\/v2\/comments?post=13726"}],"version-history":[{"count":1,"href":"https:\/\/contextoanalisisperiodistico.com\/index.php\/wp-json\/wp\/v2\/posts\/13726\/revisions"}],"predecessor-version":[{"id":13730,"href":"https:\/\/contextoanalisisperiodistico.com\/index.php\/wp-json\/wp\/v2\/posts\/13726\/revisions\/13730"}],"wp:featuredmedia":[{"embeddable":true,"href":"https:\/\/contextoanalisisperiodistico.com\/index.php\/wp-json\/wp\/v2\/media\/13727"}],"wp:attachment":[{"href":"https:\/\/contextoanalisisperiodistico.com\/index.php\/wp-json\/wp\/v2\/media?parent=13726"}],"wp:term":[{"taxonomy":"category","embeddable":true,"href":"https:\/\/contextoanalisisperiodistico.com\/index.php\/wp-json\/wp\/v2\/categories?post=13726"},{"taxonomy":"post_tag","embeddable":true,"href":"https:\/\/contextoanalisisperiodistico.com\/index.php\/wp-json\/wp\/v2\/tags?post=13726"}],"curies":[{"name":"wp","href":"https:\/\/api.w.org\/{rel}","templated":true}]}}