{"id":13722,"date":"2023-05-22T21:48:26","date_gmt":"2023-05-23T03:48:26","guid":{"rendered":"https:\/\/contextoanalisisperiodistico.com\/index.php\/2023\/05\/22\/con-armas-y-un-millon-700-mil-pesos-en-efectivo-son-detenidos-por-la-policia-municipal\/"},"modified":"2023-05-22T21:48:26","modified_gmt":"2023-05-23T03:48:26","slug":"con-armas-y-un-millon-700-mil-pesos-en-efectivo-son-detenidos-por-la-policia-municipal","status":"publish","type":"post","link":"https:\/\/contextoanalisisperiodistico.com\/index.php\/2023\/05\/22\/con-armas-y-un-millon-700-mil-pesos-en-efectivo-son-detenidos-por-la-policia-municipal\/","title":{"rendered":"Con armas y un mill\u00f3n 700 mil pesos en efectivo, son detenidos por la Polic\u00eda Municipal"},"content":{"rendered":"<div id=\"fb-root\"><\/div>\n\n<p>*En Garc\u00eda Vigil y Allende capturan a  tres masculinos como presuntos responsables del delito de lesiones por lo que armas y dinero se encontraron tras la revisi\u00f3n respectiva <\/p>\n\n\n\n<figure class=\"wp-block-image size-large\"><img fetchpriority=\"high\" decoding=\"async\" width=\"768\" height=\"1024\" src=\"https:\/\/contextoanalisisperiodistico.com\/wp-content\/uploads\/2023\/05\/img-20230522-wa0150897040696294294062-768x1024.jpg\" alt=\"\" class=\"wp-image-13719\" srcset=\"https:\/\/contextoanalisisperiodistico.com\/wp-content\/uploads\/2023\/05\/img-20230522-wa0150897040696294294062-768x1024.jpg 768w, https:\/\/contextoanalisisperiodistico.com\/wp-content\/uploads\/2023\/05\/img-20230522-wa0150897040696294294062-225x300.jpg 225w, https:\/\/contextoanalisisperiodistico.com\/wp-content\/uploads\/2023\/05\/img-20230522-wa0150897040696294294062.jpg 867w\" sizes=\"(max-width: 768px) 100vw, 768px\" \/><\/figure>\n\n\n\n<figure class=\"wp-block-image\"><img decoding=\"async\" width=\"300\" height=\"184\" src=\"https:\/\/contextoanalisisperiodistico.com\/wp-content\/uploads\/2023\/05\/img-20230522-wa01489059180123937454492-300x184.jpg\" alt=\"\" class=\"wp-image-13720\" srcset=\"https:\/\/contextoanalisisperiodistico.com\/wp-content\/uploads\/2023\/05\/img-20230522-wa01489059180123937454492-300x184.jpg 300w, https:\/\/contextoanalisisperiodistico.com\/wp-content\/uploads\/2023\/05\/img-20230522-wa01489059180123937454492-768x470.jpg 768w, https:\/\/contextoanalisisperiodistico.com\/wp-content\/uploads\/2023\/05\/img-20230522-wa01489059180123937454492.jpg 1019w\" sizes=\"(max-width: 300px) 100vw, 300px\" \/><\/figure>\n\n\n\n<figure class=\"wp-block-image\"><img decoding=\"async\" width=\"768\" height=\"1024\" src=\"https:\/\/contextoanalisisperiodistico.com\/wp-content\/uploads\/2023\/05\/img-20230522-wa01492900955197207425734-768x1024.jpg\" alt=\"\" class=\"wp-image-13721\" srcset=\"https:\/\/contextoanalisisperiodistico.com\/wp-content\/uploads\/2023\/05\/img-20230522-wa01492900955197207425734-768x1024.jpg 768w, https:\/\/contextoanalisisperiodistico.com\/wp-content\/uploads\/2023\/05\/img-20230522-wa01492900955197207425734-225x300.jpg 225w, https:\/\/contextoanalisisperiodistico.com\/wp-content\/uploads\/2023\/05\/img-20230522-wa01492900955197207425734-1152x1536.jpg 1152w, https:\/\/contextoanalisisperiodistico.com\/wp-content\/uploads\/2023\/05\/img-20230522-wa01492900955197207425734-1024x1365.jpg 1024w, https:\/\/contextoanalisisperiodistico.com\/wp-content\/uploads\/2023\/05\/img-20230522-wa01492900955197207425734.jpg 1200w\" sizes=\"(max-width: 768px) 100vw, 768px\" \/><\/figure>\n\n\n\n<p>Oaxaca de Ju\u00e1rez, Oax., 22 de mayo de 2023. Polic\u00edas municipales adscritos al Grupo Urbano de Fuerzas Especiales (GUFE) efectuaron la detenci\u00f3n de tres personas al ser se\u00f1aladas como presuntas responsables del delito de lesiones.<\/p>\n\n\n\n<p>El secretario de Seguridad Ciudadana, Movilidad y Protecci\u00f3n Civil, Ra\u00fal \u00c1vila Ibarra, indic\u00f3 que la intervenci\u00f3n de los elementos ocurri\u00f3 este lunes a las 11:00 horas en la calle de Garc\u00eda Vigil casi esquina con Allende.<\/p>\n\n\n\n<p>Al ser alertados sobre la agresi\u00f3n a una persona, los elementos llegaron al lugar, donde observaron que tres sujetos agred\u00edan a otro, el cual presentaba diversas lesiones en el rostro.<\/p>\n\n\n\n<p>El herido se\u00f1al\u00f3 a los tres sujetos de haberlo bajado de su veh\u00edculo de manera violenta, por lo cual pidi\u00f3 su detenci\u00f3n al indicar que proceder\u00eda penalmente en su contra.<\/p>\n\n\n\n<p>Ante el se\u00f1alamiento, realizaron la detenci\u00f3n de quienes dijeron llamarse Andr\u00e9s A. P., de 56 a\u00f1os de edad; Rafael R. L., de 35 a\u00f1os de edad y Jes\u00fas M. R., de 36 a\u00f1os de edad; los dos primero entregaron armas de fuego, una calibre 9 mil\u00edmetros abastecida con 15 cartuchos \u00fatiles y la otra calibre 380 abastecida con 16 cartuchos \u00fatiles.<\/p>\n\n\n\n<p>Las personas mostraron el oficio de portaci\u00f3n de armas de fuego, ya que uno es elemento policial oficial y el otro guardia de seguridad privada.<\/p>\n\n\n\n<p>En el lugar, tambi\u00e9n aseguraron el veh\u00edculo Volkswagen tipo Vento color gris plata, con placas de Oaxaca, en el que viajaban las tres personas.<\/p>\n\n\n\n<p>Ya en el cuartel general de la corporaci\u00f3n, Jes\u00fas M. entreg\u00f3 una mochila que portaba al hombro, donde guardaba un total de 98 mil 510 pesos en billetes de distinta denominaci\u00f3n y una moneda de 10 pesos; as\u00ed como 10 cheques cobrables por la cantidad de 919 mil 999 pesos con 99 centavos, y otros 18 cheques en blanco, todos a nombre de una sola persona, los que dieron un gran total de 1 mill\u00f3n 768 mil 509.99 pesos.<\/p>\n\n\n\n<p>A petici\u00f3n del ofendido, las tres personas, el dinero y las armas quedaron a disposici\u00f3n de la Fiscal\u00eda General del Estado para determinar su situaci\u00f3n jur\u00eddica.<\/p>\n\n\n\n<p>Con estas acciones, la Polic\u00eda Municipal refrenda su compromiso de proteger y servir a la comunidad.<\/p>\n","protected":false},"excerpt":{"rendered":"<p>*En Garc\u00eda Vigil y Allende capturan a tres masculinos como presuntos responsables del delito de&#8230;<\/p>\n","protected":false},"author":4,"featured_media":13718,"comment_status":"","ping_status":"open","sticky":false,"template":"","format":"standard","meta":{"footnotes":""},"categories":[9],"tags":[],"jetpack_sharing_enabled":true,"featured_image_urls":{"full":["https:\/\/contextoanalisisperiodistico.com\/wp-content\/uploads\/2023\/05\/IMG-20230522-WA0147.jpg",1156,867,false],"thumbnail":["https:\/\/contextoanalisisperiodistico.com\/wp-content\/uploads\/2023\/05\/IMG-20230522-WA0147-150x150.jpg",150,150,true],"medium":["https:\/\/contextoanalisisperiodistico.com\/wp-content\/uploads\/2023\/05\/IMG-20230522-WA0147-300x225.jpg",300,225,true],"medium_large":["https:\/\/contextoanalisisperiodistico.com\/wp-content\/uploads\/2023\/05\/IMG-20230522-WA0147-768x576.jpg",640,480,true],"large":["https:\/\/contextoanalisisperiodistico.com\/wp-content\/uploads\/2023\/05\/IMG-20230522-WA0147-1024x768.jpg",640,480,true],"1536x1536":["https:\/\/contextoanalisisperiodistico.com\/wp-content\/uploads\/2023\/05\/IMG-20230522-WA0147.jpg",1156,867,false],"2048x2048":["https:\/\/contextoanalisisperiodistico.com\/wp-content\/uploads\/2023\/05\/IMG-20230522-WA0147.jpg",1156,867,false],"covernews-slider-full":["https:\/\/contextoanalisisperiodistico.com\/wp-content\/uploads\/2023\/05\/IMG-20230522-WA0147-1115x715.jpg",1115,715,true],"covernews-slider-center":["https:\/\/contextoanalisisperiodistico.com\/wp-content\/uploads\/2023\/05\/IMG-20230522-WA0147-800x500.jpg",800,500,true],"covernews-featured":["https:\/\/contextoanalisisperiodistico.com\/wp-content\/uploads\/2023\/05\/IMG-20230522-WA0147-1024x768.jpg",1024,768,true],"covernews-medium":["https:\/\/contextoanalisisperiodistico.com\/wp-content\/uploads\/2023\/05\/IMG-20230522-WA0147-540x340.jpg",540,340,true],"covernews-medium-square":["https:\/\/contextoanalisisperiodistico.com\/wp-content\/uploads\/2023\/05\/IMG-20230522-WA0147-400x250.jpg",400,250,true]},"author_info":{"display_name":"Mario Gir\u00f3n","author_link":"https:\/\/contextoanalisisperiodistico.com\/index.php\/author\/director\/"},"category_info":"<a href=\"https:\/\/contextoanalisisperiodistico.com\/index.php\/category\/politica\/\" rel=\"category tag\">Pol\u00edtica<\/a>","tag_info":"Pol\u00edtica","comment_count":"0","jetpack_featured_media_url":"https:\/\/contextoanalisisperiodistico.com\/wp-content\/uploads\/2023\/05\/IMG-20230522-WA0147.jpg","_links":{"self":[{"href":"https:\/\/contextoanalisisperiodistico.com\/index.php\/wp-json\/wp\/v2\/posts\/13722"}],"collection":[{"href":"https:\/\/contextoanalisisperiodistico.com\/index.php\/wp-json\/wp\/v2\/posts"}],"about":[{"href":"https:\/\/contextoanalisisperiodistico.com\/index.php\/wp-json\/wp\/v2\/types\/post"}],"author":[{"embeddable":true,"href":"https:\/\/contextoanalisisperiodistico.com\/index.php\/wp-json\/wp\/v2\/users\/4"}],"replies":[{"embeddable":true,"href":"https:\/\/contextoanalisisperiodistico.com\/index.php\/wp-json\/wp\/v2\/comments?post=13722"}],"version-history":[{"count":0,"href":"https:\/\/contextoanalisisperiodistico.com\/index.php\/wp-json\/wp\/v2\/posts\/13722\/revisions"}],"wp:featuredmedia":[{"embeddable":true,"href":"https:\/\/contextoanalisisperiodistico.com\/index.php\/wp-json\/wp\/v2\/media\/13718"}],"wp:attachment":[{"href":"https:\/\/contextoanalisisperiodistico.com\/index.php\/wp-json\/wp\/v2\/media?parent=13722"}],"wp:term":[{"taxonomy":"category","embeddable":true,"href":"https:\/\/contextoanalisisperiodistico.com\/index.php\/wp-json\/wp\/v2\/categories?post=13722"},{"taxonomy":"post_tag","embeddable":true,"href":"https:\/\/contextoanalisisperiodistico.com\/index.php\/wp-json\/wp\/v2\/tags?post=13722"}],"curies":[{"name":"wp","href":"https:\/\/api.w.org\/{rel}","templated":true}]}}