{"id":13704,"date":"2023-05-22T16:45:09","date_gmt":"2023-05-22T22:45:09","guid":{"rendered":"https:\/\/contextoanalisisperiodistico.com\/?p=13704"},"modified":"2023-05-22T16:45:19","modified_gmt":"2023-05-22T22:45:19","slug":"factor-destructivo-normalistas-no-aptos-para-trabajo-docente-en-oaxaca","status":"publish","type":"post","link":"https:\/\/contextoanalisisperiodistico.com\/index.php\/2023\/05\/22\/factor-destructivo-normalistas-no-aptos-para-trabajo-docente-en-oaxaca\/","title":{"rendered":"Factor destructivo normalistas, no aptos para trabajo docente en Oaxaca"},"content":{"rendered":"<div id=\"fb-root\"><\/div>\n\n<p>A destruir lo que al pueblo de M\u00e9xico paga, v\u00eda impuestos, extensiones del Instituto Estatal de Educaci\u00f3n P\u00fablica de Oaxaca (IEEPO), en la colonia Reforma, se dedicaron esta ma\u00f1ana mujeres y hombres encapuchados, estudiantes y egresados normalistas.<\/p>\n\n\n\n<p>Los que sistem\u00e1ticamente se niegan a una evaluaci\u00f3n para que la autoridad educativa determine s\u00ed est\u00e1n aptos para ser contratados como docentes para trabajar frente a un grupo de alumnos, esta ma\u00f1ana nos demostearon estar reprobados y de paso, no pudieron esconder el grado de ignorancia que los domina y gu\u00eda. <\/p>\n\n\n\n<p>T\u00edteres de los otros ignorantes, como \u00ablos pozoleros\u00bb magisteriales, porque tambi\u00e9n son beneficiarios de la no presentaci\u00f3n de ex\u00e1menes de conocimiento para demostrar estar aptos en pos de transmitir conocimientos, los normalistas mostraron lo que son: depredadores voraces, peligrosos, no aptos para educar al futuro de Oaxaca. <\/p>\n\n\n\n<p>El v\u00eddeo es elocuente: <\/p>\n\n\n\n<figure class=\"wp-block-video\"><video controls src=\"https:\/\/contextoanalisisperiodistico.com\/wp-content\/uploads\/2023\/05\/VID-20230522-WA0104-1.mp4\"><\/video><\/figure>\n","protected":false},"excerpt":{"rendered":"<p>A destruir lo que al pueblo de M\u00e9xico paga, v\u00eda impuestos, extensiones del Instituto Estatal&#8230;<\/p>\n","protected":false},"author":4,"featured_media":13705,"comment_status":"closed","ping_status":"open","sticky":false,"template":"","format":"standard","meta":{"footnotes":""},"categories":[9],"tags":[],"jetpack_sharing_enabled":true,"featured_image_urls":{"full":["https:\/\/contextoanalisisperiodistico.com\/wp-content\/uploads\/2023\/05\/IMG-20230522-WA0112.jpg",1600,1200,false],"thumbnail":["https:\/\/contextoanalisisperiodistico.com\/wp-content\/uploads\/2023\/05\/IMG-20230522-WA0112-150x150.jpg",150,150,true],"medium":["https:\/\/contextoanalisisperiodistico.com\/wp-content\/uploads\/2023\/05\/IMG-20230522-WA0112-300x225.jpg",300,225,true],"medium_large":["https:\/\/contextoanalisisperiodistico.com\/wp-content\/uploads\/2023\/05\/IMG-20230522-WA0112-768x576.jpg",640,480,true],"large":["https:\/\/contextoanalisisperiodistico.com\/wp-content\/uploads\/2023\/05\/IMG-20230522-WA0112-1024x768.jpg",640,480,true],"1536x1536":["https:\/\/contextoanalisisperiodistico.com\/wp-content\/uploads\/2023\/05\/IMG-20230522-WA0112-1536x1152.jpg",1536,1152,true],"2048x2048":["https:\/\/contextoanalisisperiodistico.com\/wp-content\/uploads\/2023\/05\/IMG-20230522-WA0112.jpg",1600,1200,false],"covernews-slider-full":["https:\/\/contextoanalisisperiodistico.com\/wp-content\/uploads\/2023\/05\/IMG-20230522-WA0112-1115x715.jpg",1115,715,true],"covernews-slider-center":["https:\/\/contextoanalisisperiodistico.com\/wp-content\/uploads\/2023\/05\/IMG-20230522-WA0112-800x500.jpg",800,500,true],"covernews-featured":["https:\/\/contextoanalisisperiodistico.com\/wp-content\/uploads\/2023\/05\/IMG-20230522-WA0112-1024x768.jpg",1024,768,true],"covernews-medium":["https:\/\/contextoanalisisperiodistico.com\/wp-content\/uploads\/2023\/05\/IMG-20230522-WA0112-540x340.jpg",540,340,true],"covernews-medium-square":["https:\/\/contextoanalisisperiodistico.com\/wp-content\/uploads\/2023\/05\/IMG-20230522-WA0112-400x250.jpg",400,250,true]},"author_info":{"display_name":"Mario Gir\u00f3n","author_link":"https:\/\/contextoanalisisperiodistico.com\/index.php\/author\/director\/"},"category_info":"<a href=\"https:\/\/contextoanalisisperiodistico.com\/index.php\/category\/politica\/\" rel=\"category tag\">Pol\u00edtica<\/a>","tag_info":"Pol\u00edtica","comment_count":"0","jetpack_featured_media_url":"https:\/\/contextoanalisisperiodistico.com\/wp-content\/uploads\/2023\/05\/IMG-20230522-WA0112.jpg","_links":{"self":[{"href":"https:\/\/contextoanalisisperiodistico.com\/index.php\/wp-json\/wp\/v2\/posts\/13704"}],"collection":[{"href":"https:\/\/contextoanalisisperiodistico.com\/index.php\/wp-json\/wp\/v2\/posts"}],"about":[{"href":"https:\/\/contextoanalisisperiodistico.com\/index.php\/wp-json\/wp\/v2\/types\/post"}],"author":[{"embeddable":true,"href":"https:\/\/contextoanalisisperiodistico.com\/index.php\/wp-json\/wp\/v2\/users\/4"}],"replies":[{"embeddable":true,"href":"https:\/\/contextoanalisisperiodistico.com\/index.php\/wp-json\/wp\/v2\/comments?post=13704"}],"version-history":[{"count":1,"href":"https:\/\/contextoanalisisperiodistico.com\/index.php\/wp-json\/wp\/v2\/posts\/13704\/revisions"}],"predecessor-version":[{"id":13707,"href":"https:\/\/contextoanalisisperiodistico.com\/index.php\/wp-json\/wp\/v2\/posts\/13704\/revisions\/13707"}],"wp:featuredmedia":[{"embeddable":true,"href":"https:\/\/contextoanalisisperiodistico.com\/index.php\/wp-json\/wp\/v2\/media\/13705"}],"wp:attachment":[{"href":"https:\/\/contextoanalisisperiodistico.com\/index.php\/wp-json\/wp\/v2\/media?parent=13704"}],"wp:term":[{"taxonomy":"category","embeddable":true,"href":"https:\/\/contextoanalisisperiodistico.com\/index.php\/wp-json\/wp\/v2\/categories?post=13704"},{"taxonomy":"post_tag","embeddable":true,"href":"https:\/\/contextoanalisisperiodistico.com\/index.php\/wp-json\/wp\/v2\/tags?post=13704"}],"curies":[{"name":"wp","href":"https:\/\/api.w.org\/{rel}","templated":true}]}}