{"id":13693,"date":"2023-05-22T15:59:33","date_gmt":"2023-05-22T21:59:33","guid":{"rendered":"https:\/\/contextoanalisisperiodistico.com\/?p=13693"},"modified":"2023-05-22T16:05:40","modified_gmt":"2023-05-22T22:05:40","slug":"con-violencia-material-los-pozoleros-del-magisterio-responden-a-la-exibida-recibida-como-manipuladores-de-negociaciones","status":"publish","type":"post","link":"https:\/\/contextoanalisisperiodistico.com\/index.php\/2023\/05\/22\/con-violencia-material-los-pozoleros-del-magisterio-responden-a-la-exibida-recibida-como-manipuladores-de-negociaciones\/","title":{"rendered":"Con violencia material \u00ablos pozoleros\u00bb del  magisterio responden a la exhibida como manipuladores de negociaciones"},"content":{"rendered":"<div id=\"fb-root\"><\/div>\n\n<p>Oaxaca, Oax. 22 de mayo del 2023.-Horas despu\u00e9s de ser evidenciados con la intensi\u00f3n de frustrar las negociaciones entre la actual dirigencia de la secci\u00f3n 22 del SNTE y el gobierno estatal, el grupo de los pozoleros, complices neoliberales en el sexenio del PRI que los oaxaque\u00f1os se encargaron de botarlos de palacio, respondieron con furia contra las instituciones de Oaxaca.<\/p>\n\n\n\n<p>La cloaca destapada contra el anterior Comit\u00e9 Ejecutivo de la Secci\u00f3n XXII  de la CNTE alcanz\u00f3 de manera directa al diputado federal del Movimiento de Regeneraci\u00f3n Nacional (Morena), profesor, Ir\u00e1n Santiago Manuel, responsable de manipular directamente a grupos del magisterio.<\/p>\n\n\n\n<p>Hoy lunes, mientras profesores participaban en la marcha anunciada como parte del paro de 48 horas, un grupo de v\u00e1ndalos normalistas atentaron contra las oficinas del IEEPO, en la Col. Reforma.<\/p>\n\n\n\n<p>Los responsables de estos lamentables hechos al margen de la ley, no solo causaron p\u00e1nico ciudadano y caos peatonal y vehicular en la zona, tambi\u00e9n destrozaron todo lo que encontraron a su paso en los inmueble de la autoridad educativa; ademas de robos y lesiones al personal, cometieron otros delitos.<\/p>\n\n\n\n<p>Pudo establecerse que el origen de los delitos que destruyeron bienes p\u00fablicos, es que los pozoleros, aliados y complices en la administracion del PRI que el sufragio mayoritario expuls\u00f3  del gobierno del estado, es  desvirtuar las negociaciones entre el Gobierno y la Comisi\u00f3n Pol\u00edtica de la Secci\u00f3n 22 de la CNTE, las cuales llevan un avance favorable del 90 por ciento.<\/p>\n\n\n\n<figure class=\"wp-block-image size-large\"><img fetchpriority=\"high\" decoding=\"async\" width=\"720\" height=\"960\" src=\"https:\/\/contextoanalisisperiodistico.com\/wp-content\/uploads\/2023\/05\/fb_img_1684791081276211884421433438815.jpg\" alt=\"\" class=\"wp-image-13698\" srcset=\"https:\/\/contextoanalisisperiodistico.com\/wp-content\/uploads\/2023\/05\/fb_img_1684791081276211884421433438815.jpg 720w, https:\/\/contextoanalisisperiodistico.com\/wp-content\/uploads\/2023\/05\/fb_img_1684791081276211884421433438815-225x300.jpg 225w\" sizes=\"(max-width: 720px) 100vw, 720px\" \/><\/figure>\n\n\n\n<figure class=\"wp-block-image\"><img decoding=\"async\" width=\"225\" height=\"300\" src=\"https:\/\/contextoanalisisperiodistico.com\/wp-content\/uploads\/2023\/05\/fb_img_16847910929604420490109229365469-225x300.jpg\" alt=\"\" class=\"wp-image-13699\" srcset=\"https:\/\/contextoanalisisperiodistico.com\/wp-content\/uploads\/2023\/05\/fb_img_16847910929604420490109229365469-225x300.jpg 225w, https:\/\/contextoanalisisperiodistico.com\/wp-content\/uploads\/2023\/05\/fb_img_16847910929604420490109229365469.jpg 720w\" sizes=\"(max-width: 225px) 100vw, 225px\" \/><\/figure>\n\n\n\n<figure class=\"wp-block-video\"><video controls src=\"https:\/\/contextoanalisisperiodistico.com\/wp-content\/uploads\/2023\/05\/VID-20230522-WA0104.mp4\"><\/video><\/figure>\n","protected":false},"excerpt":{"rendered":"<p>Oaxaca, Oax. 22 de mayo del 2023.-Horas despu\u00e9s de ser evidenciados con la intensi\u00f3n de&#8230;<\/p>\n","protected":false},"author":4,"featured_media":13694,"comment_status":"closed","ping_status":"open","sticky":false,"template":"","format":"standard","meta":{"footnotes":""},"categories":[9],"tags":[],"jetpack_sharing_enabled":true,"featured_image_urls":{"full":["https:\/\/contextoanalisisperiodistico.com\/wp-content\/uploads\/2023\/05\/FB_IMG_1684791088393.jpg",720,960,false],"thumbnail":["https:\/\/contextoanalisisperiodistico.com\/wp-content\/uploads\/2023\/05\/FB_IMG_1684791088393-150x150.jpg",150,150,true],"medium":["https:\/\/contextoanalisisperiodistico.com\/wp-content\/uploads\/2023\/05\/FB_IMG_1684791088393-225x300.jpg",225,300,true],"medium_large":["https:\/\/contextoanalisisperiodistico.com\/wp-content\/uploads\/2023\/05\/FB_IMG_1684791088393.jpg",640,853,false],"large":["https:\/\/contextoanalisisperiodistico.com\/wp-content\/uploads\/2023\/05\/FB_IMG_1684791088393.jpg",640,853,false],"1536x1536":["https:\/\/contextoanalisisperiodistico.com\/wp-content\/uploads\/2023\/05\/FB_IMG_1684791088393.jpg",720,960,false],"2048x2048":["https:\/\/contextoanalisisperiodistico.com\/wp-content\/uploads\/2023\/05\/FB_IMG_1684791088393.jpg",720,960,false],"covernews-slider-full":["https:\/\/contextoanalisisperiodistico.com\/wp-content\/uploads\/2023\/05\/FB_IMG_1684791088393-720x715.jpg",720,715,true],"covernews-slider-center":["https:\/\/contextoanalisisperiodistico.com\/wp-content\/uploads\/2023\/05\/FB_IMG_1684791088393-720x500.jpg",720,500,true],"covernews-featured":["https:\/\/contextoanalisisperiodistico.com\/wp-content\/uploads\/2023\/05\/FB_IMG_1684791088393.jpg",720,960,false],"covernews-medium":["https:\/\/contextoanalisisperiodistico.com\/wp-content\/uploads\/2023\/05\/FB_IMG_1684791088393-540x340.jpg",540,340,true],"covernews-medium-square":["https:\/\/contextoanalisisperiodistico.com\/wp-content\/uploads\/2023\/05\/FB_IMG_1684791088393-400x250.jpg",400,250,true]},"author_info":{"display_name":"Mario Gir\u00f3n","author_link":"https:\/\/contextoanalisisperiodistico.com\/index.php\/author\/director\/"},"category_info":"<a href=\"https:\/\/contextoanalisisperiodistico.com\/index.php\/category\/politica\/\" rel=\"category tag\">Pol\u00edtica<\/a>","tag_info":"Pol\u00edtica","comment_count":"0","jetpack_featured_media_url":"https:\/\/contextoanalisisperiodistico.com\/wp-content\/uploads\/2023\/05\/FB_IMG_1684791088393.jpg","_links":{"self":[{"href":"https:\/\/contextoanalisisperiodistico.com\/index.php\/wp-json\/wp\/v2\/posts\/13693"}],"collection":[{"href":"https:\/\/contextoanalisisperiodistico.com\/index.php\/wp-json\/wp\/v2\/posts"}],"about":[{"href":"https:\/\/contextoanalisisperiodistico.com\/index.php\/wp-json\/wp\/v2\/types\/post"}],"author":[{"embeddable":true,"href":"https:\/\/contextoanalisisperiodistico.com\/index.php\/wp-json\/wp\/v2\/users\/4"}],"replies":[{"embeddable":true,"href":"https:\/\/contextoanalisisperiodistico.com\/index.php\/wp-json\/wp\/v2\/comments?post=13693"}],"version-history":[{"count":3,"href":"https:\/\/contextoanalisisperiodistico.com\/index.php\/wp-json\/wp\/v2\/posts\/13693\/revisions"}],"predecessor-version":[{"id":13702,"href":"https:\/\/contextoanalisisperiodistico.com\/index.php\/wp-json\/wp\/v2\/posts\/13693\/revisions\/13702"}],"wp:featuredmedia":[{"embeddable":true,"href":"https:\/\/contextoanalisisperiodistico.com\/index.php\/wp-json\/wp\/v2\/media\/13694"}],"wp:attachment":[{"href":"https:\/\/contextoanalisisperiodistico.com\/index.php\/wp-json\/wp\/v2\/media?parent=13693"}],"wp:term":[{"taxonomy":"category","embeddable":true,"href":"https:\/\/contextoanalisisperiodistico.com\/index.php\/wp-json\/wp\/v2\/categories?post=13693"},{"taxonomy":"post_tag","embeddable":true,"href":"https:\/\/contextoanalisisperiodistico.com\/index.php\/wp-json\/wp\/v2\/tags?post=13693"}],"curies":[{"name":"wp","href":"https:\/\/api.w.org\/{rel}","templated":true}]}}