{"id":13685,"date":"2023-05-22T14:18:02","date_gmt":"2023-05-22T20:18:02","guid":{"rendered":"https:\/\/contextoanalisisperiodistico.com\/?p=13685"},"modified":"2023-05-22T14:18:34","modified_gmt":"2023-05-22T20:18:34","slug":"analizaran-desde-oaxaca-propuestas-para-impulsar-el-desarrollo-forestal-en-el-pais","status":"publish","type":"post","link":"https:\/\/contextoanalisisperiodistico.com\/index.php\/2023\/05\/22\/analizaran-desde-oaxaca-propuestas-para-impulsar-el-desarrollo-forestal-en-el-pais\/","title":{"rendered":"Analizar\u00e1n desde Oaxaca propuestas para impulsar el desarrollo forestal en el pa\u00eds"},"content":{"rendered":"<div id=\"fb-root\"><\/div>\n\n<p>\u2022 Realizar\u00e1n el Foro Estatal Forestal en el que personas expertas y autoridades en la materia presentar\u00e1n ponencias y ser\u00e1n parte de paneles de discusi\u00f3n<\/p>\n\n\n\n<p>Oaxaca de Ju\u00e1rez, Oax. 22 de mayo de 2023.- Para analizar el contexto de las empresas forestales, as\u00ed como la situaci\u00f3n actual de mercados madereros, este martes 23 de mayo se realizar\u00e1 el Foro Estatal Forestal en el Centro Cultural y de Convenciones de Oaxaca (CCCO).<\/p>\n\n\n\n<p>La actividad es organizada por el Gobierno del Estado a trav\u00e9s de la Comisi\u00f3n Estatal Forestal (Coesfo), el Consorcio Forestal Estatal y organizaciones aliadas como Fideicomisos Instituidos en Relaci\u00f3n con la Agricultura (FIRA), el Programa de Inversi\u00f3n Forestal, el Consejo Civil Mexicano para la Silvicultura Sostenibles, entre otras empresas y organismos.<\/p>\n\n\n\n<p>En el Foro se presentar\u00e1n las ponencias An\u00e1lisis de la situaci\u00f3n actual de mercados madereros de Durango y Chihuahua y Tendencias de mercados para el sector forestal.<\/p>\n\n\n\n<p>Tambi\u00e9n se llevar\u00e1n a cabo los paneles de discusi\u00f3n: Alternativas y propuestas de soluci\u00f3n para confrontar la situaci\u00f3n actual del mercado en el sector forestal, Productos financieros e incentivos para el sector forestal y Pol\u00edticas p\u00fablicas de apoyo a las empresas forestales; y se presentar\u00e1 la aplicaci\u00f3n Marqueo Automatizada.<\/p>\n\n\n\n<p>En la jornada, que iniciar\u00e1 a las 9:00 horas, participar\u00e1n especialistas y representantes de la sociedad civil, instituciones de educaci\u00f3n superior, la industria forestal, gobiernos estatal y federal y el poder legislativo.<\/p>\n\n\n\n<p>Con el impulso a este tipo de acciones se cumple con el eje trasversal de Gobierno para la Construcci\u00f3n de las bases para el desarrollo integral y sustentable de las ocho regiones de Oaxaca en el rubro del Cuidado y Desarrollo del Medio Ambiente.<\/p>\n","protected":false},"excerpt":{"rendered":"<p>\u2022 Realizar\u00e1n el Foro Estatal Forestal en el que personas expertas y autoridades en la&#8230;<\/p>\n","protected":false},"author":4,"featured_media":13686,"comment_status":"closed","ping_status":"open","sticky":false,"template":"","format":"standard","meta":{"footnotes":""},"categories":[9],"tags":[],"jetpack_sharing_enabled":true,"featured_image_urls":{"full":["https:\/\/contextoanalisisperiodistico.com\/wp-content\/uploads\/2023\/05\/IMG-20230522-WA0075.jpg",960,960,false],"thumbnail":["https:\/\/contextoanalisisperiodistico.com\/wp-content\/uploads\/2023\/05\/IMG-20230522-WA0075-150x150.jpg",150,150,true],"medium":["https:\/\/contextoanalisisperiodistico.com\/wp-content\/uploads\/2023\/05\/IMG-20230522-WA0075-300x300.jpg",300,300,true],"medium_large":["https:\/\/contextoanalisisperiodistico.com\/wp-content\/uploads\/2023\/05\/IMG-20230522-WA0075-768x768.jpg",640,640,true],"large":["https:\/\/contextoanalisisperiodistico.com\/wp-content\/uploads\/2023\/05\/IMG-20230522-WA0075.jpg",640,640,false],"1536x1536":["https:\/\/contextoanalisisperiodistico.com\/wp-content\/uploads\/2023\/05\/IMG-20230522-WA0075.jpg",960,960,false],"2048x2048":["https:\/\/contextoanalisisperiodistico.com\/wp-content\/uploads\/2023\/05\/IMG-20230522-WA0075.jpg",960,960,false],"covernews-slider-full":["https:\/\/contextoanalisisperiodistico.com\/wp-content\/uploads\/2023\/05\/IMG-20230522-WA0075-960x715.jpg",960,715,true],"covernews-slider-center":["https:\/\/contextoanalisisperiodistico.com\/wp-content\/uploads\/2023\/05\/IMG-20230522-WA0075-800x500.jpg",800,500,true],"covernews-featured":["https:\/\/contextoanalisisperiodistico.com\/wp-content\/uploads\/2023\/05\/IMG-20230522-WA0075.jpg",960,960,false],"covernews-medium":["https:\/\/contextoanalisisperiodistico.com\/wp-content\/uploads\/2023\/05\/IMG-20230522-WA0075-540x340.jpg",540,340,true],"covernews-medium-square":["https:\/\/contextoanalisisperiodistico.com\/wp-content\/uploads\/2023\/05\/IMG-20230522-WA0075-400x250.jpg",400,250,true]},"author_info":{"display_name":"Mario Gir\u00f3n","author_link":"https:\/\/contextoanalisisperiodistico.com\/index.php\/author\/director\/"},"category_info":"<a href=\"https:\/\/contextoanalisisperiodistico.com\/index.php\/category\/politica\/\" rel=\"category tag\">Pol\u00edtica<\/a>","tag_info":"Pol\u00edtica","comment_count":"0","jetpack_featured_media_url":"https:\/\/contextoanalisisperiodistico.com\/wp-content\/uploads\/2023\/05\/IMG-20230522-WA0075.jpg","_links":{"self":[{"href":"https:\/\/contextoanalisisperiodistico.com\/index.php\/wp-json\/wp\/v2\/posts\/13685"}],"collection":[{"href":"https:\/\/contextoanalisisperiodistico.com\/index.php\/wp-json\/wp\/v2\/posts"}],"about":[{"href":"https:\/\/contextoanalisisperiodistico.com\/index.php\/wp-json\/wp\/v2\/types\/post"}],"author":[{"embeddable":true,"href":"https:\/\/contextoanalisisperiodistico.com\/index.php\/wp-json\/wp\/v2\/users\/4"}],"replies":[{"embeddable":true,"href":"https:\/\/contextoanalisisperiodistico.com\/index.php\/wp-json\/wp\/v2\/comments?post=13685"}],"version-history":[{"count":1,"href":"https:\/\/contextoanalisisperiodistico.com\/index.php\/wp-json\/wp\/v2\/posts\/13685\/revisions"}],"predecessor-version":[{"id":13687,"href":"https:\/\/contextoanalisisperiodistico.com\/index.php\/wp-json\/wp\/v2\/posts\/13685\/revisions\/13687"}],"wp:featuredmedia":[{"embeddable":true,"href":"https:\/\/contextoanalisisperiodistico.com\/index.php\/wp-json\/wp\/v2\/media\/13686"}],"wp:attachment":[{"href":"https:\/\/contextoanalisisperiodistico.com\/index.php\/wp-json\/wp\/v2\/media?parent=13685"}],"wp:term":[{"taxonomy":"category","embeddable":true,"href":"https:\/\/contextoanalisisperiodistico.com\/index.php\/wp-json\/wp\/v2\/categories?post=13685"},{"taxonomy":"post_tag","embeddable":true,"href":"https:\/\/contextoanalisisperiodistico.com\/index.php\/wp-json\/wp\/v2\/tags?post=13685"}],"curies":[{"name":"wp","href":"https:\/\/api.w.org\/{rel}","templated":true}]}}