{"id":13675,"date":"2023-05-21T21:59:36","date_gmt":"2023-05-22T03:59:36","guid":{"rendered":"https:\/\/contextoanalisisperiodistico.com\/?p=13675"},"modified":"2023-05-21T22:01:13","modified_gmt":"2023-05-22T04:01:13","slug":"inexistente-la-implementacion-de-proyectos-en-el-cadi-numero-2-del-dif-oaxaca","status":"publish","type":"post","link":"https:\/\/contextoanalisisperiodistico.com\/index.php\/2023\/05\/21\/inexistente-la-implementacion-de-proyectos-en-el-cadi-numero-2-del-dif-oaxaca\/","title":{"rendered":"<em>Inexistente la implementaci\u00f3n de proyectos en el CADI n\u00famero 2 del DIF Oaxaca<\/em>"},"content":{"rendered":"<div id=\"fb-root\"><\/div>\n\n<p><br>\u2022 El retiro de juegos infantiles responde a la realizaci\u00f3n del dictamen estructural del edificio; continuar\u00e1 socializaci\u00f3n de los mismos<\/p>\n\n\n\n<p><br>Oaxaca de Ju\u00e1rez, Oax. 21 de mayo de 2023.- El Sistema para el Desarrollo Integral de la Familia (DIF) Oaxaca informa que luego del di\u00e1logo con padres y madres de familia del Centro Asistencial de Desarrollo Infantil (CADI) n\u00famero 2, estos acordaron deponer su actitud, toda vez que los proyectos: Comedor Popular para el Bienestar y la construcci\u00f3n del macro t\u00fanel para hortalizas se trabaja para ser presentados ante el Sistema Nacional DIF (SNDIF) y se analiza la vialidad para su aplicaci\u00f3n en alguno de los espacios dependientes del organismo.<br>Por tanto, la informaci\u00f3n que se comparti\u00f3 a las madres y padres de familia el mi\u00e9rcoles 17 de mayo respecto a la posible implementaci\u00f3n de ambas propuestas de proyectos en \u00e1reas comunes de este espacio forma parte de la socializaci\u00f3n de los mismos.<br>Es necesario destacar que el proyecto del Comedor Popular para el Bienestar se plantea como un espacio incluyente en donde se fomenta la relaci\u00f3n familiar y social, la sana convivencia y la participaci\u00f3n de la comunidad. Adem\u00e1s, promueven h\u00e1bitos saludables entre las personas beneficiarias.<br>Mientras que el macro t\u00fanel para hortalizas adem\u00e1s de abastecer de las verduras para la preparaci\u00f3n de los alimentos del comedor popular, est\u00e1 planteado para que la ni\u00f1ez aprenda a hacer composta y replique el conocimiento de la siembra de hortalizas en su hogar, aprendizaje que impactar\u00e1 de manera positiva en su vida y es adecuado para su desarrollo como persona.<\/p>\n","protected":false},"excerpt":{"rendered":"<p>\u2022 El retiro de juegos infantiles responde a la realizaci\u00f3n del dictamen estructural del edificio;&#8230;<\/p>\n","protected":false},"author":4,"featured_media":13676,"comment_status":"closed","ping_status":"open","sticky":false,"template":"","format":"standard","meta":{"footnotes":""},"categories":[9],"tags":[],"jetpack_sharing_enabled":true,"featured_image_urls":{"full":["https:\/\/contextoanalisisperiodistico.com\/wp-content\/uploads\/2023\/05\/IMG-20230521-WA0073-1.jpg",1080,1080,false],"thumbnail":["https:\/\/contextoanalisisperiodistico.com\/wp-content\/uploads\/2023\/05\/IMG-20230521-WA0073-1-150x150.jpg",150,150,true],"medium":["https:\/\/contextoanalisisperiodistico.com\/wp-content\/uploads\/2023\/05\/IMG-20230521-WA0073-1-300x300.jpg",300,300,true],"medium_large":["https:\/\/contextoanalisisperiodistico.com\/wp-content\/uploads\/2023\/05\/IMG-20230521-WA0073-1-768x768.jpg",640,640,true],"large":["https:\/\/contextoanalisisperiodistico.com\/wp-content\/uploads\/2023\/05\/IMG-20230521-WA0073-1-1024x1024.jpg",640,640,true],"1536x1536":["https:\/\/contextoanalisisperiodistico.com\/wp-content\/uploads\/2023\/05\/IMG-20230521-WA0073-1.jpg",1080,1080,false],"2048x2048":["https:\/\/contextoanalisisperiodistico.com\/wp-content\/uploads\/2023\/05\/IMG-20230521-WA0073-1.jpg",1080,1080,false],"covernews-slider-full":["https:\/\/contextoanalisisperiodistico.com\/wp-content\/uploads\/2023\/05\/IMG-20230521-WA0073-1-1080x715.jpg",1080,715,true],"covernews-slider-center":["https:\/\/contextoanalisisperiodistico.com\/wp-content\/uploads\/2023\/05\/IMG-20230521-WA0073-1-800x500.jpg",800,500,true],"covernews-featured":["https:\/\/contextoanalisisperiodistico.com\/wp-content\/uploads\/2023\/05\/IMG-20230521-WA0073-1-1024x1024.jpg",1024,1024,true],"covernews-medium":["https:\/\/contextoanalisisperiodistico.com\/wp-content\/uploads\/2023\/05\/IMG-20230521-WA0073-1-540x340.jpg",540,340,true],"covernews-medium-square":["https:\/\/contextoanalisisperiodistico.com\/wp-content\/uploads\/2023\/05\/IMG-20230521-WA0073-1-400x250.jpg",400,250,true]},"author_info":{"display_name":"Mario Gir\u00f3n","author_link":"https:\/\/contextoanalisisperiodistico.com\/index.php\/author\/director\/"},"category_info":"<a href=\"https:\/\/contextoanalisisperiodistico.com\/index.php\/category\/politica\/\" rel=\"category tag\">Pol\u00edtica<\/a>","tag_info":"Pol\u00edtica","comment_count":"0","jetpack_featured_media_url":"https:\/\/contextoanalisisperiodistico.com\/wp-content\/uploads\/2023\/05\/IMG-20230521-WA0073-1.jpg","_links":{"self":[{"href":"https:\/\/contextoanalisisperiodistico.com\/index.php\/wp-json\/wp\/v2\/posts\/13675"}],"collection":[{"href":"https:\/\/contextoanalisisperiodistico.com\/index.php\/wp-json\/wp\/v2\/posts"}],"about":[{"href":"https:\/\/contextoanalisisperiodistico.com\/index.php\/wp-json\/wp\/v2\/types\/post"}],"author":[{"embeddable":true,"href":"https:\/\/contextoanalisisperiodistico.com\/index.php\/wp-json\/wp\/v2\/users\/4"}],"replies":[{"embeddable":true,"href":"https:\/\/contextoanalisisperiodistico.com\/index.php\/wp-json\/wp\/v2\/comments?post=13675"}],"version-history":[{"count":1,"href":"https:\/\/contextoanalisisperiodistico.com\/index.php\/wp-json\/wp\/v2\/posts\/13675\/revisions"}],"predecessor-version":[{"id":13677,"href":"https:\/\/contextoanalisisperiodistico.com\/index.php\/wp-json\/wp\/v2\/posts\/13675\/revisions\/13677"}],"wp:featuredmedia":[{"embeddable":true,"href":"https:\/\/contextoanalisisperiodistico.com\/index.php\/wp-json\/wp\/v2\/media\/13676"}],"wp:attachment":[{"href":"https:\/\/contextoanalisisperiodistico.com\/index.php\/wp-json\/wp\/v2\/media?parent=13675"}],"wp:term":[{"taxonomy":"category","embeddable":true,"href":"https:\/\/contextoanalisisperiodistico.com\/index.php\/wp-json\/wp\/v2\/categories?post=13675"},{"taxonomy":"post_tag","embeddable":true,"href":"https:\/\/contextoanalisisperiodistico.com\/index.php\/wp-json\/wp\/v2\/tags?post=13675"}],"curies":[{"name":"wp","href":"https:\/\/api.w.org\/{rel}","templated":true}]}}