{"id":13646,"date":"2023-05-21T15:02:19","date_gmt":"2023-05-21T21:02:19","guid":{"rendered":"https:\/\/contextoanalisisperiodistico.com\/?p=13646"},"modified":"2023-05-21T15:05:34","modified_gmt":"2023-05-21T21:05:34","slug":"con-tequio-bienestar-embellecen-el-centro-historico-previo-a-la-maxima-fiesta-oaxaquena","status":"publish","type":"post","link":"https:\/\/contextoanalisisperiodistico.com\/index.php\/2023\/05\/21\/con-tequio-bienestar-embellecen-el-centro-historico-previo-a-la-maxima-fiesta-oaxaquena\/","title":{"rendered":"Con Tequio Bienestar embellecen el Centro Hist\u00f3rico"},"content":{"rendered":"<div id=\"fb-root\"><\/div>\n\n<p>\u2022 Trabajo comunitario previo a la Guelaguetza 2023, m\u00e1xima fiesta oaxaque\u00f1a<\/p>\n\n\n\n<p>\u2022 Barrieron banquetas y pintaron guarniciones, pasos peatonales y 13 fachadas de las principales calles del municipio de Oaxaca de Ju\u00e1rez<\/p>\n\n\n\n<p>Oaxaca de Ju\u00e1rez, Oaxaca. 21 de mayo de 2023.- Personas servidoras p\u00fablicas, comerciantes y ciudadan\u00eda en general se sumaron al Tequio Bienestar de este fin de semana con el prop\u00f3sito de limpiar y embellecer las calles del Centro Hist\u00f3rico de Oaxaca de Ju\u00e1rez, como parte de los preparativos para la celebraci\u00f3n de las Festividades de la Guelaguetza 2023.<\/p>\n\n\n\n<p>En esta ocasi\u00f3n los trabajos constaron de barrido de banquetas, pinta de guarniciones, pasos peatonales y 13 fachadas, as\u00ed como la recolecci\u00f3n de residuos en las calles de Aldama entre 20 de Noviembre y Flores Mag\u00f3n; Aldama entre Flores Mag\u00f3n y Bustamante, y Ray\u00f3n entre Bustamante y Armenta y L\u00f3pez.<\/p>\n\n\n\n<p>Al respecto, la titular de la Secretar\u00eda de Bienestar, Tequio e Inclusi\u00f3n (Sebienti) Laura Estrada Mauro dijo que como parte de los ejes estrat\u00e9gicos de gobierno, Nuevo Pacto Social y Reparaci\u00f3n Hist\u00f3rica de los pueblos , se contin\u00faa impulsando este trabajo comunitario en la ciudad as\u00ed como en las ocho regiones de Oaxaca a fin de recuperar y mejorar los espacios p\u00fablicos.<\/p>\n\n\n\n<p>Destac\u00f3 que por instrucci\u00f3n del Gobernador Salom\u00f3n Jara Cruz, previo a la m\u00e1xima fiesta de las y los oaxaque\u00f1os, en la ciudad capital se llev\u00f3 a cabo el tequio para limpiar y embellecer las calles a fin de recibir con el mejor rostro a visitantes nacionales y extranjeros durante las festividades de la Guelaguetza 2023.<\/p>\n\n\n\n<p>\u201cNos estamos preparando para las festividades de la Guelaguetza 2023, y qu\u00e9 mejor que hacerlo de esta manera, a trav\u00e9s del tequio con la ciudadan\u00eda en general y locatarios, porque unidas y unidos estamos transformando nuestro estado\u201d, sostuvo Laura Estrada Mauro.<\/p>\n\n\n\n<p>En este sentido, la secretaria destac\u00f3 la participaci\u00f3n de las y los locatarios en esta actividad al sumarse para rehabilitar los espacios donde expenden sus diversos productos, art\u00edculos o servicios, y brindar el mejor servicio al p\u00fablico y al turismo.<\/p>\n\n\n\n<p>Las dependencias que en esta ocasi\u00f3n se sumaron al Tequio Bienestar son: Secretar\u00eda de Fomento Agroalimentario y Desarrollo Rural, Secretar\u00eda de Movilidad, Instituto Oaxaque\u00f1o Constructor de Infraestructura Educativa, Corporaci\u00f3n Oaxaque\u00f1a de Radio y Televisi\u00f3n, Junta de Arbitraje para los Empleados al Servicio de los Poderes del Estado de Oaxaca, Comisi\u00f3n de L\u00edmites del Estado, Direcci\u00f3n General de Poblaci\u00f3n del Estado de Oaxaca, Instituto de Planeaci\u00f3n para el Bienestar, Polic\u00eda Estatal y Polic\u00eda Vial del Estado.<\/p>\n\n\n\n<p>Tambi\u00e9n el Municipio de Oaxaca de Ju\u00e1rez, Comercio Establecido, Asociaci\u00f3n Civil Brigada Violeta y Coordinadora de Comerciantes, Artesanos y Locatarios de los Mercados del Estado de Oaxaca.<\/p>\n\n\n\n<figure class=\"wp-block-image size-large\"><img fetchpriority=\"high\" decoding=\"async\" width=\"1024\" height=\"682\" src=\"https:\/\/contextoanalisisperiodistico.com\/wp-content\/uploads\/2023\/05\/img-20230521-wa00413468660093219212469-1024x682.jpg\" alt=\"\" class=\"wp-image-13650\" srcset=\"https:\/\/contextoanalisisperiodistico.com\/wp-content\/uploads\/2023\/05\/img-20230521-wa00413468660093219212469-1024x682.jpg 1024w, https:\/\/contextoanalisisperiodistico.com\/wp-content\/uploads\/2023\/05\/img-20230521-wa00413468660093219212469-300x200.jpg 300w, https:\/\/contextoanalisisperiodistico.com\/wp-content\/uploads\/2023\/05\/img-20230521-wa00413468660093219212469-768x512.jpg 768w, https:\/\/contextoanalisisperiodistico.com\/wp-content\/uploads\/2023\/05\/img-20230521-wa00413468660093219212469-1536x1023.jpg 1536w, https:\/\/contextoanalisisperiodistico.com\/wp-content\/uploads\/2023\/05\/img-20230521-wa00413468660093219212469.jpg 1600w\" sizes=\"(max-width: 1024px) 100vw, 1024px\" \/><\/figure>\n\n\n\n<figure class=\"wp-block-image\"><img decoding=\"async\" width=\"1024\" height=\"682\" src=\"https:\/\/contextoanalisisperiodistico.com\/wp-content\/uploads\/2023\/05\/img-20230521-wa00425839543236911443062-1024x682.jpg\" alt=\"\" class=\"wp-image-13648\" srcset=\"https:\/\/contextoanalisisperiodistico.com\/wp-content\/uploads\/2023\/05\/img-20230521-wa00425839543236911443062-1024x682.jpg 1024w, https:\/\/contextoanalisisperiodistico.com\/wp-content\/uploads\/2023\/05\/img-20230521-wa00425839543236911443062-300x200.jpg 300w, https:\/\/contextoanalisisperiodistico.com\/wp-content\/uploads\/2023\/05\/img-20230521-wa00425839543236911443062-768x512.jpg 768w, https:\/\/contextoanalisisperiodistico.com\/wp-content\/uploads\/2023\/05\/img-20230521-wa00425839543236911443062-1536x1023.jpg 1536w, https:\/\/contextoanalisisperiodistico.com\/wp-content\/uploads\/2023\/05\/img-20230521-wa00425839543236911443062.jpg 1600w\" sizes=\"(max-width: 1024px) 100vw, 1024px\" \/><\/figure>\n\n\n\n<figure class=\"wp-block-image\"><img decoding=\"async\" width=\"1024\" height=\"682\" src=\"https:\/\/contextoanalisisperiodistico.com\/wp-content\/uploads\/2023\/05\/img-20230521-wa00451135542062797921809-1024x682.jpg\" alt=\"\" class=\"wp-image-13652\" srcset=\"https:\/\/contextoanalisisperiodistico.com\/wp-content\/uploads\/2023\/05\/img-20230521-wa00451135542062797921809-1024x682.jpg 1024w, https:\/\/contextoanalisisperiodistico.com\/wp-content\/uploads\/2023\/05\/img-20230521-wa00451135542062797921809-300x200.jpg 300w, https:\/\/contextoanalisisperiodistico.com\/wp-content\/uploads\/2023\/05\/img-20230521-wa00451135542062797921809-768x512.jpg 768w, https:\/\/contextoanalisisperiodistico.com\/wp-content\/uploads\/2023\/05\/img-20230521-wa00451135542062797921809-1536x1023.jpg 1536w, https:\/\/contextoanalisisperiodistico.com\/wp-content\/uploads\/2023\/05\/img-20230521-wa00451135542062797921809.jpg 1600w\" sizes=\"(max-width: 1024px) 100vw, 1024px\" \/><\/figure>\n\n\n\n<figure class=\"wp-block-image\"><img loading=\"lazy\" decoding=\"async\" width=\"1024\" height=\"682\" src=\"https:\/\/contextoanalisisperiodistico.com\/wp-content\/uploads\/2023\/05\/img-20230521-wa00443411557886137213895-1024x682.jpg\" alt=\"\" class=\"wp-image-13649\" srcset=\"https:\/\/contextoanalisisperiodistico.com\/wp-content\/uploads\/2023\/05\/img-20230521-wa00443411557886137213895-1024x682.jpg 1024w, https:\/\/contextoanalisisperiodistico.com\/wp-content\/uploads\/2023\/05\/img-20230521-wa00443411557886137213895-300x200.jpg 300w, https:\/\/contextoanalisisperiodistico.com\/wp-content\/uploads\/2023\/05\/img-20230521-wa00443411557886137213895-768x512.jpg 768w, https:\/\/contextoanalisisperiodistico.com\/wp-content\/uploads\/2023\/05\/img-20230521-wa00443411557886137213895-1536x1023.jpg 1536w, https:\/\/contextoanalisisperiodistico.com\/wp-content\/uploads\/2023\/05\/img-20230521-wa00443411557886137213895.jpg 1600w\" sizes=\"(max-width: 1024px) 100vw, 1024px\" \/><\/figure>\n\n\n\n<figure class=\"wp-block-image\"><img loading=\"lazy\" decoding=\"async\" width=\"1024\" height=\"682\" src=\"https:\/\/contextoanalisisperiodistico.com\/wp-content\/uploads\/2023\/05\/img-20230521-wa00436936547310776802655-1024x682.jpg\" alt=\"\" class=\"wp-image-13651\" srcset=\"https:\/\/contextoanalisisperiodistico.com\/wp-content\/uploads\/2023\/05\/img-20230521-wa00436936547310776802655-1024x682.jpg 1024w, https:\/\/contextoanalisisperiodistico.com\/wp-content\/uploads\/2023\/05\/img-20230521-wa00436936547310776802655-300x200.jpg 300w, https:\/\/contextoanalisisperiodistico.com\/wp-content\/uploads\/2023\/05\/img-20230521-wa00436936547310776802655-768x512.jpg 768w, https:\/\/contextoanalisisperiodistico.com\/wp-content\/uploads\/2023\/05\/img-20230521-wa00436936547310776802655-1536x1023.jpg 1536w, https:\/\/contextoanalisisperiodistico.com\/wp-content\/uploads\/2023\/05\/img-20230521-wa00436936547310776802655.jpg 1600w\" sizes=\"(max-width: 1024px) 100vw, 1024px\" \/><\/figure>\n\n\n\n<figure class=\"wp-block-image\"><img loading=\"lazy\" decoding=\"async\" width=\"1024\" height=\"682\" src=\"https:\/\/contextoanalisisperiodistico.com\/wp-content\/uploads\/2023\/05\/img-20230521-wa00406106125301966008009-1024x682.jpg\" alt=\"\" class=\"wp-image-13655\" srcset=\"https:\/\/contextoanalisisperiodistico.com\/wp-content\/uploads\/2023\/05\/img-20230521-wa00406106125301966008009-1024x682.jpg 1024w, https:\/\/contextoanalisisperiodistico.com\/wp-content\/uploads\/2023\/05\/img-20230521-wa00406106125301966008009-300x200.jpg 300w, https:\/\/contextoanalisisperiodistico.com\/wp-content\/uploads\/2023\/05\/img-20230521-wa00406106125301966008009-768x512.jpg 768w, https:\/\/contextoanalisisperiodistico.com\/wp-content\/uploads\/2023\/05\/img-20230521-wa00406106125301966008009-1536x1023.jpg 1536w, https:\/\/contextoanalisisperiodistico.com\/wp-content\/uploads\/2023\/05\/img-20230521-wa00406106125301966008009.jpg 1600w\" sizes=\"(max-width: 1024px) 100vw, 1024px\" \/><\/figure>\n\n\n\n<figure class=\"wp-block-image\"><img loading=\"lazy\" decoding=\"async\" width=\"225\" height=\"300\" src=\"https:\/\/contextoanalisisperiodistico.com\/wp-content\/uploads\/2023\/05\/fb_img_16846944695377899586105913218101-225x300.jpg\" alt=\"\" class=\"wp-image-13653\" srcset=\"https:\/\/contextoanalisisperiodistico.com\/wp-content\/uploads\/2023\/05\/fb_img_16846944695377899586105913218101-225x300.jpg 225w, https:\/\/contextoanalisisperiodistico.com\/wp-content\/uploads\/2023\/05\/fb_img_16846944695377899586105913218101.jpg 720w\" sizes=\"(max-width: 225px) 100vw, 225px\" \/><\/figure>\n\n\n\n<figure class=\"wp-block-image\"><img loading=\"lazy\" decoding=\"async\" width=\"225\" height=\"300\" src=\"https:\/\/contextoanalisisperiodistico.com\/wp-content\/uploads\/2023\/05\/fb_img_16846944648585370016699230301297-225x300.jpg\" alt=\"\" class=\"wp-image-13654\" srcset=\"https:\/\/contextoanalisisperiodistico.com\/wp-content\/uploads\/2023\/05\/fb_img_16846944648585370016699230301297-225x300.jpg 225w, https:\/\/contextoanalisisperiodistico.com\/wp-content\/uploads\/2023\/05\/fb_img_16846944648585370016699230301297.jpg 720w\" sizes=\"(max-width: 225px) 100vw, 225px\" \/><\/figure>\n\n\n\n<figure class=\"wp-block-image\"><img loading=\"lazy\" decoding=\"async\" width=\"225\" height=\"300\" src=\"https:\/\/contextoanalisisperiodistico.com\/wp-content\/uploads\/2023\/05\/fb_img_16846944590786649336195565359439-225x300.jpg\" alt=\"\" class=\"wp-image-13657\" srcset=\"https:\/\/contextoanalisisperiodistico.com\/wp-content\/uploads\/2023\/05\/fb_img_16846944590786649336195565359439-225x300.jpg 225w, https:\/\/contextoanalisisperiodistico.com\/wp-content\/uploads\/2023\/05\/fb_img_16846944590786649336195565359439.jpg 720w\" sizes=\"(max-width: 225px) 100vw, 225px\" \/><\/figure>\n\n\n\n<figure class=\"wp-block-image\"><img loading=\"lazy\" decoding=\"async\" width=\"300\" height=\"225\" src=\"https:\/\/contextoanalisisperiodistico.com\/wp-content\/uploads\/2023\/05\/fb_img_16846944454326655285322375602035-300x225.jpg\" alt=\"\" class=\"wp-image-13656\" srcset=\"https:\/\/contextoanalisisperiodistico.com\/wp-content\/uploads\/2023\/05\/fb_img_16846944454326655285322375602035-300x225.jpg 300w, https:\/\/contextoanalisisperiodistico.com\/wp-content\/uploads\/2023\/05\/fb_img_16846944454326655285322375602035.jpg 720w\" sizes=\"(max-width: 300px) 100vw, 300px\" \/><\/figure>\n\n\n\n<figure class=\"wp-block-image\"><img loading=\"lazy\" decoding=\"async\" width=\"300\" height=\"225\" src=\"https:\/\/contextoanalisisperiodistico.com\/wp-content\/uploads\/2023\/05\/fb_img_16846944546281679902972618106190-300x225.jpg\" alt=\"\" class=\"wp-image-13658\" srcset=\"https:\/\/contextoanalisisperiodistico.com\/wp-content\/uploads\/2023\/05\/fb_img_16846944546281679902972618106190-300x225.jpg 300w, https:\/\/contextoanalisisperiodistico.com\/wp-content\/uploads\/2023\/05\/fb_img_16846944546281679902972618106190.jpg 720w\" sizes=\"(max-width: 300px) 100vw, 300px\" \/><\/figure>\n","protected":false},"excerpt":{"rendered":"<p>\u2022 Trabajo comunitario previo a la Guelaguetza 2023, m\u00e1xima fiesta oaxaque\u00f1a \u2022 Barrieron banquetas y&#8230;<\/p>\n","protected":false},"author":4,"featured_media":13647,"comment_status":"closed","ping_status":"open","sticky":false,"template":"","format":"standard","meta":{"footnotes":""},"categories":[9],"tags":[],"jetpack_sharing_enabled":true,"featured_image_urls":{"full":["https:\/\/contextoanalisisperiodistico.com\/wp-content\/uploads\/2023\/05\/IMG-20230521-WA0048.jpg",1600,1066,false],"thumbnail":["https:\/\/contextoanalisisperiodistico.com\/wp-content\/uploads\/2023\/05\/IMG-20230521-WA0048-150x150.jpg",150,150,true],"medium":["https:\/\/contextoanalisisperiodistico.com\/wp-content\/uploads\/2023\/05\/IMG-20230521-WA0048-300x200.jpg",300,200,true],"medium_large":["https:\/\/contextoanalisisperiodistico.com\/wp-content\/uploads\/2023\/05\/IMG-20230521-WA0048-768x512.jpg",640,427,true],"large":["https:\/\/contextoanalisisperiodistico.com\/wp-content\/uploads\/2023\/05\/IMG-20230521-WA0048-1024x682.jpg",640,426,true],"1536x1536":["https:\/\/contextoanalisisperiodistico.com\/wp-content\/uploads\/2023\/05\/IMG-20230521-WA0048-1536x1023.jpg",1536,1023,true],"2048x2048":["https:\/\/contextoanalisisperiodistico.com\/wp-content\/uploads\/2023\/05\/IMG-20230521-WA0048.jpg",1600,1066,false],"covernews-slider-full":["https:\/\/contextoanalisisperiodistico.com\/wp-content\/uploads\/2023\/05\/IMG-20230521-WA0048-1115x715.jpg",1115,715,true],"covernews-slider-center":["https:\/\/contextoanalisisperiodistico.com\/wp-content\/uploads\/2023\/05\/IMG-20230521-WA0048-800x500.jpg",800,500,true],"covernews-featured":["https:\/\/contextoanalisisperiodistico.com\/wp-content\/uploads\/2023\/05\/IMG-20230521-WA0048-1024x682.jpg",1024,682,true],"covernews-medium":["https:\/\/contextoanalisisperiodistico.com\/wp-content\/uploads\/2023\/05\/IMG-20230521-WA0048-540x340.jpg",540,340,true],"covernews-medium-square":["https:\/\/contextoanalisisperiodistico.com\/wp-content\/uploads\/2023\/05\/IMG-20230521-WA0048-400x250.jpg",400,250,true]},"author_info":{"display_name":"Mario Gir\u00f3n","author_link":"https:\/\/contextoanalisisperiodistico.com\/index.php\/author\/director\/"},"category_info":"<a href=\"https:\/\/contextoanalisisperiodistico.com\/index.php\/category\/politica\/\" rel=\"category tag\">Pol\u00edtica<\/a>","tag_info":"Pol\u00edtica","comment_count":"0","jetpack_featured_media_url":"https:\/\/contextoanalisisperiodistico.com\/wp-content\/uploads\/2023\/05\/IMG-20230521-WA0048.jpg","_links":{"self":[{"href":"https:\/\/contextoanalisisperiodistico.com\/index.php\/wp-json\/wp\/v2\/posts\/13646"}],"collection":[{"href":"https:\/\/contextoanalisisperiodistico.com\/index.php\/wp-json\/wp\/v2\/posts"}],"about":[{"href":"https:\/\/contextoanalisisperiodistico.com\/index.php\/wp-json\/wp\/v2\/types\/post"}],"author":[{"embeddable":true,"href":"https:\/\/contextoanalisisperiodistico.com\/index.php\/wp-json\/wp\/v2\/users\/4"}],"replies":[{"embeddable":true,"href":"https:\/\/contextoanalisisperiodistico.com\/index.php\/wp-json\/wp\/v2\/comments?post=13646"}],"version-history":[{"count":3,"href":"https:\/\/contextoanalisisperiodistico.com\/index.php\/wp-json\/wp\/v2\/posts\/13646\/revisions"}],"predecessor-version":[{"id":13661,"href":"https:\/\/contextoanalisisperiodistico.com\/index.php\/wp-json\/wp\/v2\/posts\/13646\/revisions\/13661"}],"wp:featuredmedia":[{"embeddable":true,"href":"https:\/\/contextoanalisisperiodistico.com\/index.php\/wp-json\/wp\/v2\/media\/13647"}],"wp:attachment":[{"href":"https:\/\/contextoanalisisperiodistico.com\/index.php\/wp-json\/wp\/v2\/media?parent=13646"}],"wp:term":[{"taxonomy":"category","embeddable":true,"href":"https:\/\/contextoanalisisperiodistico.com\/index.php\/wp-json\/wp\/v2\/categories?post=13646"},{"taxonomy":"post_tag","embeddable":true,"href":"https:\/\/contextoanalisisperiodistico.com\/index.php\/wp-json\/wp\/v2\/tags?post=13646"}],"curies":[{"name":"wp","href":"https:\/\/api.w.org\/{rel}","templated":true}]}}