{"id":13621,"date":"2023-05-21T10:37:06","date_gmt":"2023-05-21T16:37:06","guid":{"rendered":"https:\/\/contextoanalisisperiodistico.com\/index.php\/2023\/05\/21\/francisco-martinez-neri-transformaagencias-con-progreso-y-bienestar\/"},"modified":"2023-05-21T10:42:19","modified_gmt":"2023-05-21T16:42:19","slug":"francisco-martinez-neri-transformaagencias-con-progreso-y-bienestar","status":"publish","type":"post","link":"https:\/\/contextoanalisisperiodistico.com\/index.php\/2023\/05\/21\/francisco-martinez-neri-transformaagencias-con-progreso-y-bienestar\/","title":{"rendered":"Francisco Mart\u00ednez Neri transforma  <br>agencias con progreso y bienestar"},"content":{"rendered":"<div id=\"fb-root\"><\/div>\n\n<p>*El Edil capitalino promueve el bienestar de la poblaci\u00f3n mejorando calidad de vida de los habitantes<\/p>\n\n\n\n<p>Oaxaca de Ju\u00e1rez, Oax., a 20 de mayo de 2023.- Con obras entregadas en las agencias Santa Rosa, Pueblo Nuevo y San Juan Chapultepec, el presidente municipal, Francisco Mart\u00ednez Neri confirma la importancia de priorizar soluciones  a necesidades urbanas  sin dejar de trabajar con tenacidad, como lo ha demostrado desde el primer d\u00eda de su mandato, en aras de fortalecer el tejido social promoviendo bienestar entre las familias.<\/p>\n\n\n\n<p>En orden de ideas, el mandatario municipal y su gabinete de trabajo estuvieron ayer en la colonia Encinos, de la agencia municipal Santa Rosa Panzacola, en donde la entrega de la construcci\u00f3n de oficinas para integrantes del Comit\u00e9 de Vida Vecinal (COMVIVE), vali\u00f3 el agradecimiento de colonos y directivos como tambi\u00e9n el reconocimiento al trabajo y el valor de la palabra cumplida de Mart\u00ednez Neri para con una comunidad hist\u00f3ricamente en el olvido oficial.<\/p>\n\n\n\n<p><br \/>Mart\u00ednez Neri subray\u00f3 que la construcci\u00f3n de las oficinas pudo concretarse a trav\u00e9s del banco de materiales, un viejo anhelo de los colonos que beneficiar\u00e1 a m\u00e1s de 900 habitantes los que ahora cuentan con un espacio digno, decorosos y seguro en donde podr\u00e1n reunirse, sesionar y seguir planeando el desarrollo de la colonia.<\/p>\n\n\n\n<p><br \/>Cumplido el primer objetivo de la obra entregada, Mart\u00ednez Neri y funcionarios municipales llegaron a la agencia municipal de Pueblo Nuevo, parte alta, para comprobar la pavimentaci\u00f3n con concreto hidr\u00e1ulico de la calle Constituci\u00f3n, obra en beneficio de habitantes en el abandono oficial, los que no hab\u00edan experimentado lo bien que se siente un gobernado cuando es tomado en cuenta por una administraci\u00f3n municipal.<\/p>\n\n\n\n<p><br \/>Con broche de oro cerr\u00f3 su agenda de trabajo de fin de semana con un recorrido por el barrio La Cuevita, concretamente en la calle de Ni\u00f1o Artillero, de la agencia municipal San Juan Chapultepec. Fue un s\u00e1bado de fiesta vecinal derivado de la obra de rehabilitaci\u00f3n del drenaje sanitario la cual, sin duda alguna, se convierte en una mejora vital para la comunidad.<\/p>\n\n\n\n<p>Por lo que, como siempre lo ha venido haciendo, con hechos y desempe\u00f1ando la palabra comprometida para seguir atendiendo y eliminando rezagos importantes, Mart\u00ednez Neri, reafirma con la ciudadan\u00eda su compromiso de trabajo responsable,  eficaz y sin descanso con el objetivo de mejorar la calidad de vida de los habitantes del municipio capitalino.<\/p>\n\n\n\n<figure class=\"wp-block-image size-large\"><img fetchpriority=\"high\" decoding=\"async\" width=\"1024\" height=\"683\" src=\"https:\/\/contextoanalisisperiodistico.com\/wp-content\/uploads\/2023\/05\/img-20230521-wa00053968754487178399337-1024x683.jpg\" alt=\"\" class=\"wp-image-13620\" srcset=\"https:\/\/contextoanalisisperiodistico.com\/wp-content\/uploads\/2023\/05\/img-20230521-wa00053968754487178399337-1024x683.jpg 1024w, https:\/\/contextoanalisisperiodistico.com\/wp-content\/uploads\/2023\/05\/img-20230521-wa00053968754487178399337-300x200.jpg 300w, https:\/\/contextoanalisisperiodistico.com\/wp-content\/uploads\/2023\/05\/img-20230521-wa00053968754487178399337-768x512.jpg 768w, https:\/\/contextoanalisisperiodistico.com\/wp-content\/uploads\/2023\/05\/img-20230521-wa00053968754487178399337.jpg 1500w\" sizes=\"(max-width: 1024px) 100vw, 1024px\" \/><\/figure>\n","protected":false},"excerpt":{"rendered":"<p>*El Edil capitalino promueve el bienestar de la poblaci\u00f3n mejorando calidad de vida de los&#8230;<\/p>\n","protected":false},"author":4,"featured_media":13619,"comment_status":"closed","ping_status":"open","sticky":false,"template":"","format":"standard","meta":{"footnotes":""},"categories":[9],"tags":[],"jetpack_sharing_enabled":true,"featured_image_urls":{"full":["https:\/\/contextoanalisisperiodistico.com\/wp-content\/uploads\/2023\/05\/IMG-20230521-WA0006.jpg",1500,1000,false],"thumbnail":["https:\/\/contextoanalisisperiodistico.com\/wp-content\/uploads\/2023\/05\/IMG-20230521-WA0006-150x150.jpg",150,150,true],"medium":["https:\/\/contextoanalisisperiodistico.com\/wp-content\/uploads\/2023\/05\/IMG-20230521-WA0006-300x200.jpg",300,200,true],"medium_large":["https:\/\/contextoanalisisperiodistico.com\/wp-content\/uploads\/2023\/05\/IMG-20230521-WA0006-768x512.jpg",640,427,true],"large":["https:\/\/contextoanalisisperiodistico.com\/wp-content\/uploads\/2023\/05\/IMG-20230521-WA0006-1024x683.jpg",640,427,true],"1536x1536":["https:\/\/contextoanalisisperiodistico.com\/wp-content\/uploads\/2023\/05\/IMG-20230521-WA0006.jpg",1500,1000,false],"2048x2048":["https:\/\/contextoanalisisperiodistico.com\/wp-content\/uploads\/2023\/05\/IMG-20230521-WA0006.jpg",1500,1000,false],"covernews-slider-full":["https:\/\/contextoanalisisperiodistico.com\/wp-content\/uploads\/2023\/05\/IMG-20230521-WA0006-1115x715.jpg",1115,715,true],"covernews-slider-center":["https:\/\/contextoanalisisperiodistico.com\/wp-content\/uploads\/2023\/05\/IMG-20230521-WA0006-800x500.jpg",800,500,true],"covernews-featured":["https:\/\/contextoanalisisperiodistico.com\/wp-content\/uploads\/2023\/05\/IMG-20230521-WA0006-1024x683.jpg",1024,683,true],"covernews-medium":["https:\/\/contextoanalisisperiodistico.com\/wp-content\/uploads\/2023\/05\/IMG-20230521-WA0006-540x340.jpg",540,340,true],"covernews-medium-square":["https:\/\/contextoanalisisperiodistico.com\/wp-content\/uploads\/2023\/05\/IMG-20230521-WA0006-400x250.jpg",400,250,true]},"author_info":{"display_name":"Mario Gir\u00f3n","author_link":"https:\/\/contextoanalisisperiodistico.com\/index.php\/author\/director\/"},"category_info":"<a href=\"https:\/\/contextoanalisisperiodistico.com\/index.php\/category\/politica\/\" rel=\"category tag\">Pol\u00edtica<\/a>","tag_info":"Pol\u00edtica","comment_count":"0","jetpack_featured_media_url":"https:\/\/contextoanalisisperiodistico.com\/wp-content\/uploads\/2023\/05\/IMG-20230521-WA0006.jpg","_links":{"self":[{"href":"https:\/\/contextoanalisisperiodistico.com\/index.php\/wp-json\/wp\/v2\/posts\/13621"}],"collection":[{"href":"https:\/\/contextoanalisisperiodistico.com\/index.php\/wp-json\/wp\/v2\/posts"}],"about":[{"href":"https:\/\/contextoanalisisperiodistico.com\/index.php\/wp-json\/wp\/v2\/types\/post"}],"author":[{"embeddable":true,"href":"https:\/\/contextoanalisisperiodistico.com\/index.php\/wp-json\/wp\/v2\/users\/4"}],"replies":[{"embeddable":true,"href":"https:\/\/contextoanalisisperiodistico.com\/index.php\/wp-json\/wp\/v2\/comments?post=13621"}],"version-history":[{"count":1,"href":"https:\/\/contextoanalisisperiodistico.com\/index.php\/wp-json\/wp\/v2\/posts\/13621\/revisions"}],"predecessor-version":[{"id":13622,"href":"https:\/\/contextoanalisisperiodistico.com\/index.php\/wp-json\/wp\/v2\/posts\/13621\/revisions\/13622"}],"wp:featuredmedia":[{"embeddable":true,"href":"https:\/\/contextoanalisisperiodistico.com\/index.php\/wp-json\/wp\/v2\/media\/13619"}],"wp:attachment":[{"href":"https:\/\/contextoanalisisperiodistico.com\/index.php\/wp-json\/wp\/v2\/media?parent=13621"}],"wp:term":[{"taxonomy":"category","embeddable":true,"href":"https:\/\/contextoanalisisperiodistico.com\/index.php\/wp-json\/wp\/v2\/categories?post=13621"},{"taxonomy":"post_tag","embeddable":true,"href":"https:\/\/contextoanalisisperiodistico.com\/index.php\/wp-json\/wp\/v2\/tags?post=13621"}],"curies":[{"name":"wp","href":"https:\/\/api.w.org\/{rel}","templated":true}]}}