{"id":13618,"date":"2023-05-20T20:00:37","date_gmt":"2023-05-21T02:00:37","guid":{"rendered":"https:\/\/contextoanalisisperiodistico.com\/index.php\/2023\/05\/20\/directa-con-el-pueblo-la-administracion-del-gobernador-salomon-jara-antonino-morales-toledo\/"},"modified":"2023-05-20T20:00:37","modified_gmt":"2023-05-21T02:00:37","slug":"directa-con-el-pueblo-la-administracion-del-gobernador-salomon-jara-antonino-morales-toledo","status":"publish","type":"post","link":"https:\/\/contextoanalisisperiodistico.com\/index.php\/2023\/05\/20\/directa-con-el-pueblo-la-administracion-del-gobernador-salomon-jara-antonino-morales-toledo\/","title":{"rendered":"Directa con el pueblo la administraci\u00f3n del Gobernador Salom\u00f3n Jara: Antonino Morales Toledo"},"content":{"rendered":"<div id=\"fb-root\"><\/div>\n\n<ul>\n<li>En los tiempos de la transformaci\u00f3n del pa\u00eds y del estado, ya no es posible que un funcionario se encierre en cuatro paredes, se\u00f1ala<\/li>\n<\/ul>\n\n\n\n<p>Los baches se ven en territorio, sostuvo el secretario de Administraci\u00f3n Antonino Morales Toledo, al destacar la importancia de visitar a los pueblos y comunidades de Oaxaca, como parte de la reparaci\u00f3n hist\u00f3rica de los pueblos y como es la instrucci\u00f3n del gobernador Salom\u00f3n Jara Cruz.<\/p>\n\n\n\n<p>Durante su visita a municipios de la regi\u00f3n de la Mixteca, el responsable de la pol\u00edtica administrativa estatal, se\u00f1al\u00f3 que en los tiempos de la transformaci\u00f3n del pa\u00eds y del estado, ya no es posible que un funcionario solo est\u00e9 encerrado en cuatro paredes, toda vez que las soluciones se deben dar directamente en los pueblos y comunidades de Oaxaca.<\/p>\n\n\n\n<p>\u00abAntes las autoridades hac\u00edan largas filas para visitar a los secretarios, hoy el estado y el gobierno, visita las comunidades porque as\u00ed debe ser, como funcionarios debemos estar al servicio de la ciudadan\u00eda\u00bb, mencion\u00f3 Morales Toledo.<\/p>\n\n\n\n<p>El secretario de Administraci\u00f3n, indic\u00f3 que desde la llegada del gobernador Salom\u00f3n Jara Cruz, a la administraci\u00f3n estatal, el trato es directo con el pueblo, sin intermediarios y sin condiciones, pues se escucha, se canaliza, se atiende y se resuelve.<\/p>\n\n\n\n<p>\u00abNosotros lo que queremos es atender personalmente a las autoridades, comprendemos que hay autoridades que viajan alrededor de 7 u 8 horas para poder llegar y entregar sus peticiones, hoy, las cosas cambiaron\u00bb, dijo.<\/p>\n\n\n\n<p>Por \u00faltimo, Antonino Morales, pidi\u00f3 a los pueblos de Oaxaca, a tener paciencia, toda vez que la transformaci\u00f3n tomar\u00e1 tiempo, por tantos a\u00f1os que los malos gobiernos del pasado, da\u00f1aron al estado y tambi\u00e9n llam\u00f3 a cerrar filas entorno al presidente Andr\u00e9s Manuel L\u00f3pez Obrador y al gobernador Salom\u00f3n Jara Cruz, \u00abpara que le vaya bien a Oaxaca\u00bb.<\/p>\n\n\n\n<p>El secretario de Administraci\u00f3n, agradeci\u00f3 a los Presidentes de San Miguel Tlacotepec, San Sebasti\u00e1n Tecomaxtlahuaca y Santiago Juxtlahuaca, la invitaci\u00f3n recibida para recorrer sus municipios.<code> ............... oooooo .................<\/code><\/p>\n\n\n\n<figure class=\"wp-block-image size-large\"><img fetchpriority=\"high\" decoding=\"async\" width=\"1024\" height=\"683\" src=\"https:\/\/contextoanalisisperiodistico.com\/wp-content\/uploads\/2023\/05\/img-20230520-wa00822984355524015931076-1024x683.jpg\" alt=\"\" class=\"wp-image-13617\" srcset=\"https:\/\/contextoanalisisperiodistico.com\/wp-content\/uploads\/2023\/05\/img-20230520-wa00822984355524015931076-1024x683.jpg 1024w, https:\/\/contextoanalisisperiodistico.com\/wp-content\/uploads\/2023\/05\/img-20230520-wa00822984355524015931076-300x200.jpg 300w, https:\/\/contextoanalisisperiodistico.com\/wp-content\/uploads\/2023\/05\/img-20230520-wa00822984355524015931076-768x512.jpg 768w, https:\/\/contextoanalisisperiodistico.com\/wp-content\/uploads\/2023\/05\/img-20230520-wa00822984355524015931076.jpg 1500w\" sizes=\"(max-width: 1024px) 100vw, 1024px\" \/><\/figure>\n\n\n\n<figure class=\"wp-block-image\"><img decoding=\"async\" width=\"300\" height=\"200\" src=\"https:\/\/contextoanalisisperiodistico.com\/wp-content\/uploads\/2023\/05\/img-20230520-wa00841399267357638795667-300x200.jpg\" alt=\"\" class=\"wp-image-13616\" srcset=\"https:\/\/contextoanalisisperiodistico.com\/wp-content\/uploads\/2023\/05\/img-20230520-wa00841399267357638795667-300x200.jpg 300w, https:\/\/contextoanalisisperiodistico.com\/wp-content\/uploads\/2023\/05\/img-20230520-wa00841399267357638795667-768x512.jpg 768w, https:\/\/contextoanalisisperiodistico.com\/wp-content\/uploads\/2023\/05\/img-20230520-wa00841399267357638795667.jpg 960w\" sizes=\"(max-width: 300px) 100vw, 300px\" \/><\/figure>\n\n\n\n<figure class=\"wp-block-image\"><img decoding=\"async\" width=\"300\" height=\"169\" src=\"https:\/\/contextoanalisisperiodistico.com\/wp-content\/uploads\/2023\/05\/img-20230520-wa00867068354162684038665-300x169.jpg\" alt=\"\" class=\"wp-image-13615\" srcset=\"https:\/\/contextoanalisisperiodistico.com\/wp-content\/uploads\/2023\/05\/img-20230520-wa00867068354162684038665-300x169.jpg 300w, https:\/\/contextoanalisisperiodistico.com\/wp-content\/uploads\/2023\/05\/img-20230520-wa00867068354162684038665-768x432.jpg 768w, https:\/\/contextoanalisisperiodistico.com\/wp-content\/uploads\/2023\/05\/img-20230520-wa00867068354162684038665.jpg 960w\" sizes=\"(max-width: 300px) 100vw, 300px\" \/><\/figure>\n","protected":false},"excerpt":{"rendered":"<p>Los baches se ven en territorio, sostuvo el secretario de Administraci\u00f3n Antonino Morales Toledo, al&#8230;<\/p>\n","protected":false},"author":4,"featured_media":13614,"comment_status":"","ping_status":"open","sticky":false,"template":"","format":"standard","meta":{"footnotes":""},"categories":[9],"tags":[],"jetpack_sharing_enabled":true,"featured_image_urls":{"full":["https:\/\/contextoanalisisperiodistico.com\/wp-content\/uploads\/2023\/05\/IMG-20230520-WA0085.jpg",1024,683,false],"thumbnail":["https:\/\/contextoanalisisperiodistico.com\/wp-content\/uploads\/2023\/05\/IMG-20230520-WA0085-150x150.jpg",150,150,true],"medium":["https:\/\/contextoanalisisperiodistico.com\/wp-content\/uploads\/2023\/05\/IMG-20230520-WA0085-300x200.jpg",300,200,true],"medium_large":["https:\/\/contextoanalisisperiodistico.com\/wp-content\/uploads\/2023\/05\/IMG-20230520-WA0085-768x512.jpg",640,427,true],"large":["https:\/\/contextoanalisisperiodistico.com\/wp-content\/uploads\/2023\/05\/IMG-20230520-WA0085.jpg",640,427,false],"1536x1536":["https:\/\/contextoanalisisperiodistico.com\/wp-content\/uploads\/2023\/05\/IMG-20230520-WA0085.jpg",1024,683,false],"2048x2048":["https:\/\/contextoanalisisperiodistico.com\/wp-content\/uploads\/2023\/05\/IMG-20230520-WA0085.jpg",1024,683,false],"covernews-slider-full":["https:\/\/contextoanalisisperiodistico.com\/wp-content\/uploads\/2023\/05\/IMG-20230520-WA0085.jpg",1024,683,false],"covernews-slider-center":["https:\/\/contextoanalisisperiodistico.com\/wp-content\/uploads\/2023\/05\/IMG-20230520-WA0085-800x500.jpg",800,500,true],"covernews-featured":["https:\/\/contextoanalisisperiodistico.com\/wp-content\/uploads\/2023\/05\/IMG-20230520-WA0085.jpg",1024,683,false],"covernews-medium":["https:\/\/contextoanalisisperiodistico.com\/wp-content\/uploads\/2023\/05\/IMG-20230520-WA0085-540x340.jpg",540,340,true],"covernews-medium-square":["https:\/\/contextoanalisisperiodistico.com\/wp-content\/uploads\/2023\/05\/IMG-20230520-WA0085-400x250.jpg",400,250,true]},"author_info":{"display_name":"Mario Gir\u00f3n","author_link":"https:\/\/contextoanalisisperiodistico.com\/index.php\/author\/director\/"},"category_info":"<a href=\"https:\/\/contextoanalisisperiodistico.com\/index.php\/category\/politica\/\" rel=\"category tag\">Pol\u00edtica<\/a>","tag_info":"Pol\u00edtica","comment_count":"0","jetpack_featured_media_url":"https:\/\/contextoanalisisperiodistico.com\/wp-content\/uploads\/2023\/05\/IMG-20230520-WA0085.jpg","_links":{"self":[{"href":"https:\/\/contextoanalisisperiodistico.com\/index.php\/wp-json\/wp\/v2\/posts\/13618"}],"collection":[{"href":"https:\/\/contextoanalisisperiodistico.com\/index.php\/wp-json\/wp\/v2\/posts"}],"about":[{"href":"https:\/\/contextoanalisisperiodistico.com\/index.php\/wp-json\/wp\/v2\/types\/post"}],"author":[{"embeddable":true,"href":"https:\/\/contextoanalisisperiodistico.com\/index.php\/wp-json\/wp\/v2\/users\/4"}],"replies":[{"embeddable":true,"href":"https:\/\/contextoanalisisperiodistico.com\/index.php\/wp-json\/wp\/v2\/comments?post=13618"}],"version-history":[{"count":0,"href":"https:\/\/contextoanalisisperiodistico.com\/index.php\/wp-json\/wp\/v2\/posts\/13618\/revisions"}],"wp:featuredmedia":[{"embeddable":true,"href":"https:\/\/contextoanalisisperiodistico.com\/index.php\/wp-json\/wp\/v2\/media\/13614"}],"wp:attachment":[{"href":"https:\/\/contextoanalisisperiodistico.com\/index.php\/wp-json\/wp\/v2\/media?parent=13618"}],"wp:term":[{"taxonomy":"category","embeddable":true,"href":"https:\/\/contextoanalisisperiodistico.com\/index.php\/wp-json\/wp\/v2\/categories?post=13618"},{"taxonomy":"post_tag","embeddable":true,"href":"https:\/\/contextoanalisisperiodistico.com\/index.php\/wp-json\/wp\/v2\/tags?post=13618"}],"curies":[{"name":"wp","href":"https:\/\/api.w.org\/{rel}","templated":true}]}}