{"id":13596,"date":"2023-05-20T15:13:02","date_gmt":"2023-05-20T21:13:02","guid":{"rendered":"https:\/\/contextoanalisisperiodistico.com\/index.php\/2023\/05\/20\/otro-golpe-exitoso-de-la-policia-capitalina-contra-crimen-organizado\/"},"modified":"2023-05-20T15:13:02","modified_gmt":"2023-05-20T21:13:02","slug":"otro-golpe-exitoso-de-la-policia-capitalina-contra-crimen-organizado","status":"publish","type":"post","link":"https:\/\/contextoanalisisperiodistico.com\/index.php\/2023\/05\/20\/otro-golpe-exitoso-de-la-policia-capitalina-contra-crimen-organizado\/","title":{"rendered":"Otro golpe exitoso de la Polic\u00eda capitalina contra crimen organizado"},"content":{"rendered":"<div id=\"fb-root\"><\/div>\n\n<p>*Recupera tractocami\u00f3n que, con violencia,  habia sido robado. <\/p>\n\n\n\n<ul>\n<li>Cuatro millones el valor aproximado de lo recuperado.<\/li>\n<\/ul>\n\n\n\n<p>Polic\u00edas municipales de la Unidad Motorizada de Acci\u00f3n R\u00e1pida (UMAR), recuperaron un tractocami\u00f3n en la zona del mercado de Abasto, el cual fue robado con violencia en jurisdicci\u00f3n de Asunci\u00f3n Nochixtl\u00e1n.<\/p>\n\n\n\n<p>El secretario de Seguridad Ciudadana, Movilidad y Protecci\u00f3n Civil, Ra\u00fal \u00c1vila Ibarra, dio a conocer que en los primeros minutos de este martes, la cabina del C-4 los alert\u00f3 sobre el robo de un tractocami\u00f3n de la empresa Coppel, el cual circulaba en la carretera de cuota Cuacnopalan-Oaxaca.<\/p>\n\n\n\n<p>Debido al seguimiento v\u00eda satelital (GPS), el tractocami\u00f3n marca International color blanco, con placas de circulaci\u00f3n del estado de Sinaloa, fue ubicado al circular en las Riberas del Atoyac.<\/p>\n\n\n\n<p>Elementos de la UMAR se desplazaron a la zona y al circular en prolongaci\u00f3n de Nu\u00f1o del Mercado y riberas del Atoyac observaron estacionado un tractocami\u00f3n con su caja con las mismas caracter\u00edsticas, el cual ten\u00eda activadas las luces intermitentes.<br \/>En la inspecci\u00f3n, notaron que a\u00fan ten\u00eda pegadas las llaves al switch y la caja, tambi\u00e9n con placas de circulaci\u00f3n del estado de Sinaloa, se encontraba debidamente cerrada con sus candados de seguridad.<\/p>\n\n\n\n<p>Al verificar con la cabina del C-4, confirmaron que se trataba del mismo cami\u00f3n, por lo cual procedieron a asegurarlo para dejarlo a disposici\u00f3n de la Fiscal\u00eda General del Estado.<\/p>\n\n\n\n<p>\u00c1vila Ibarra indic\u00f3 que la r\u00e1pida intervenci\u00f3n de los elementos hizo posible el aseguramiento del cami\u00f3n, el cual transportaba mercanc\u00eda valuada en aproximadamente 2 millones de pesos, as\u00ed como el tractocami\u00f3n con la caja seca, tambi\u00e9n con un costo aproximado de 2 millones de pesos, lo que representa una recuperaci\u00f3n de 4 millones de pesos para la empresa.<\/p>\n\n\n\n<p>Mencion\u00f3 que la Polic\u00eda Municipal realiza operativos de prevenci\u00f3n, disuasi\u00f3n y vigilancia en la jurisdicci\u00f3n de Oaxaca de Ju\u00e1rez para cumplir con el compromiso del presidente municipal Francisco Mart\u00ednez Neri de ser garante de Seguridad y Paz Social.<\/p>\n","protected":false},"excerpt":{"rendered":"<p>*Recupera tractocami\u00f3n que, con violencia, habia sido robado. Polic\u00edas municipales de la Unidad Motorizada de&#8230;<\/p>\n","protected":false},"author":4,"featured_media":13595,"comment_status":"","ping_status":"open","sticky":false,"template":"","format":"standard","meta":{"footnotes":""},"categories":[10],"tags":[],"jetpack_sharing_enabled":true,"featured_image_urls":{"full":["https:\/\/contextoanalisisperiodistico.com\/wp-content\/uploads\/2023\/05\/IMG-20230520-WA0054.jpg",965,862,false],"thumbnail":["https:\/\/contextoanalisisperiodistico.com\/wp-content\/uploads\/2023\/05\/IMG-20230520-WA0054-150x150.jpg",150,150,true],"medium":["https:\/\/contextoanalisisperiodistico.com\/wp-content\/uploads\/2023\/05\/IMG-20230520-WA0054-300x268.jpg",300,268,true],"medium_large":["https:\/\/contextoanalisisperiodistico.com\/wp-content\/uploads\/2023\/05\/IMG-20230520-WA0054-768x686.jpg",640,572,true],"large":["https:\/\/contextoanalisisperiodistico.com\/wp-content\/uploads\/2023\/05\/IMG-20230520-WA0054.jpg",640,572,false],"1536x1536":["https:\/\/contextoanalisisperiodistico.com\/wp-content\/uploads\/2023\/05\/IMG-20230520-WA0054.jpg",965,862,false],"2048x2048":["https:\/\/contextoanalisisperiodistico.com\/wp-content\/uploads\/2023\/05\/IMG-20230520-WA0054.jpg",965,862,false],"covernews-slider-full":["https:\/\/contextoanalisisperiodistico.com\/wp-content\/uploads\/2023\/05\/IMG-20230520-WA0054-965x715.jpg",965,715,true],"covernews-slider-center":["https:\/\/contextoanalisisperiodistico.com\/wp-content\/uploads\/2023\/05\/IMG-20230520-WA0054-800x500.jpg",800,500,true],"covernews-featured":["https:\/\/contextoanalisisperiodistico.com\/wp-content\/uploads\/2023\/05\/IMG-20230520-WA0054.jpg",965,862,false],"covernews-medium":["https:\/\/contextoanalisisperiodistico.com\/wp-content\/uploads\/2023\/05\/IMG-20230520-WA0054-540x340.jpg",540,340,true],"covernews-medium-square":["https:\/\/contextoanalisisperiodistico.com\/wp-content\/uploads\/2023\/05\/IMG-20230520-WA0054-400x250.jpg",400,250,true]},"author_info":{"display_name":"Mario Gir\u00f3n","author_link":"https:\/\/contextoanalisisperiodistico.com\/index.php\/author\/director\/"},"category_info":"<a href=\"https:\/\/contextoanalisisperiodistico.com\/index.php\/category\/seguridad\/\" rel=\"category tag\">Seguridad<\/a>","tag_info":"Seguridad","comment_count":"0","jetpack_featured_media_url":"https:\/\/contextoanalisisperiodistico.com\/wp-content\/uploads\/2023\/05\/IMG-20230520-WA0054.jpg","_links":{"self":[{"href":"https:\/\/contextoanalisisperiodistico.com\/index.php\/wp-json\/wp\/v2\/posts\/13596"}],"collection":[{"href":"https:\/\/contextoanalisisperiodistico.com\/index.php\/wp-json\/wp\/v2\/posts"}],"about":[{"href":"https:\/\/contextoanalisisperiodistico.com\/index.php\/wp-json\/wp\/v2\/types\/post"}],"author":[{"embeddable":true,"href":"https:\/\/contextoanalisisperiodistico.com\/index.php\/wp-json\/wp\/v2\/users\/4"}],"replies":[{"embeddable":true,"href":"https:\/\/contextoanalisisperiodistico.com\/index.php\/wp-json\/wp\/v2\/comments?post=13596"}],"version-history":[{"count":0,"href":"https:\/\/contextoanalisisperiodistico.com\/index.php\/wp-json\/wp\/v2\/posts\/13596\/revisions"}],"wp:featuredmedia":[{"embeddable":true,"href":"https:\/\/contextoanalisisperiodistico.com\/index.php\/wp-json\/wp\/v2\/media\/13595"}],"wp:attachment":[{"href":"https:\/\/contextoanalisisperiodistico.com\/index.php\/wp-json\/wp\/v2\/media?parent=13596"}],"wp:term":[{"taxonomy":"category","embeddable":true,"href":"https:\/\/contextoanalisisperiodistico.com\/index.php\/wp-json\/wp\/v2\/categories?post=13596"},{"taxonomy":"post_tag","embeddable":true,"href":"https:\/\/contextoanalisisperiodistico.com\/index.php\/wp-json\/wp\/v2\/tags?post=13596"}],"curies":[{"name":"wp","href":"https:\/\/api.w.org\/{rel}","templated":true}]}}