{"id":13587,"date":"2023-05-20T11:47:31","date_gmt":"2023-05-20T17:47:31","guid":{"rendered":"https:\/\/contextoanalisisperiodistico.com\/?p=13587"},"modified":"2023-05-20T11:48:10","modified_gmt":"2023-05-20T17:48:10","slug":"seculta-acompana-a-artesanas-denunciando-plagio-en-bordados","status":"publish","type":"post","link":"https:\/\/contextoanalisisperiodistico.com\/index.php\/2023\/05\/20\/seculta-acompana-a-artesanas-denunciando-plagio-en-bordados\/","title":{"rendered":"Seculta acompa\u00f1a a artesanas denunciando plagio en bordados"},"content":{"rendered":"<div id=\"fb-root\"><\/div>\n\n<p>\u2022 La dependencia acompa\u00f1ar\u00e1 el proceso de artesanas contra una empresa de telas, para que exponga los motivos de un presunto plagio y demuestre si el uso de los textiles est\u00e1 justificado<\/p>\n\n\n\n<p>\u2022 El titular de la Seculta expres\u00f3 su solidaridad con las denunciantes y refrend\u00f3 su respaldo en el caso<\/p>\n\n\n\n<p>Oaxaca de Ju\u00e1rez, Oax. 20 de mayo de 2023.- Luego de la inconformidad de un grupo de tejedoras y artesanas oaxaque\u00f1as por la comercializaci\u00f3n de telas con estampados que hacen alusi\u00f3n a textiles de diferentes regiones de la entidad, la Secretar\u00eda de las Culturas y Artes (Seculta) de Oaxaca brinda acompa\u00f1amiento en el proceso que dichas mujeres inicien contra un presunto plagio.<\/p>\n\n\n\n<p>Lo anterior, en atenci\u00f3n al llamado de la Secretar\u00eda de Gobierno (Sego), de acompa\u00f1ar al Instituto para el Fomento y la Protecci\u00f3n de Artesan\u00edas (IFPA), para dar seguimiento a la problem\u00e1tica, as\u00ed lo afirm\u00f3 el titular de la Seculta V\u00edctor Cata.<\/p>\n\n\n\n<p>Durante su asistencia al Cuarto Foro para la Creaci\u00f3n de la ley de Protecci\u00f3n del Patrimonio Cultural, en Santa Mar\u00eda Teopoxco, V\u00edctor Cata solicit\u00f3 a las diputadas y diputados locales emitir un exhorto contra el plagio de lo textiles en el estado y se solidariz\u00f3 con las creadoras y creadores populares que buscan la garant\u00eda sobre su oficio y la protecci\u00f3n de su patrimonio textil.<\/p>\n\n\n\n<p>Destac\u00f3 que personal de la dependencia asisti\u00f3 a una reuni\u00f3n en la que se acord\u00f3 que las artesanas elaborar\u00e1n una petici\u00f3n-denuncia de manera oficial con la finalidad de exponer su motivos y razones del posible plagio de los dise\u00f1os que comercializa la tienda de telas, proceso en el que acompa\u00f1ar\u00e1 a las denunciantes.<\/p>\n\n\n\n<p>En tanto, la Sego y el Instituto para el Fomento y la Protecci\u00f3n de Artesan\u00edas, convocar\u00e1n a la tienda comercial para que \u00e9sta exponga los motivos de la impresi\u00f3n de los dise\u00f1os en sus art\u00edculos y as\u00ed saber si cuentan con la licencia respectiva, con relaci\u00f3n a los diversos dise\u00f1os regionales.<\/p>\n","protected":false},"excerpt":{"rendered":"<p>\u2022 La dependencia acompa\u00f1ar\u00e1 el proceso de artesanas contra una empresa de telas, para que&#8230;<\/p>\n","protected":false},"author":4,"featured_media":13588,"comment_status":"closed","ping_status":"open","sticky":false,"template":"","format":"standard","meta":{"footnotes":""},"categories":[4],"tags":[],"jetpack_sharing_enabled":true,"featured_image_urls":{"full":["https:\/\/contextoanalisisperiodistico.com\/wp-content\/uploads\/2023\/05\/IMG-20230520-WA0039.jpg",1080,1080,false],"thumbnail":["https:\/\/contextoanalisisperiodistico.com\/wp-content\/uploads\/2023\/05\/IMG-20230520-WA0039-150x150.jpg",150,150,true],"medium":["https:\/\/contextoanalisisperiodistico.com\/wp-content\/uploads\/2023\/05\/IMG-20230520-WA0039-300x300.jpg",300,300,true],"medium_large":["https:\/\/contextoanalisisperiodistico.com\/wp-content\/uploads\/2023\/05\/IMG-20230520-WA0039-768x768.jpg",640,640,true],"large":["https:\/\/contextoanalisisperiodistico.com\/wp-content\/uploads\/2023\/05\/IMG-20230520-WA0039-1024x1024.jpg",640,640,true],"1536x1536":["https:\/\/contextoanalisisperiodistico.com\/wp-content\/uploads\/2023\/05\/IMG-20230520-WA0039.jpg",1080,1080,false],"2048x2048":["https:\/\/contextoanalisisperiodistico.com\/wp-content\/uploads\/2023\/05\/IMG-20230520-WA0039.jpg",1080,1080,false],"covernews-slider-full":["https:\/\/contextoanalisisperiodistico.com\/wp-content\/uploads\/2023\/05\/IMG-20230520-WA0039-1080x715.jpg",1080,715,true],"covernews-slider-center":["https:\/\/contextoanalisisperiodistico.com\/wp-content\/uploads\/2023\/05\/IMG-20230520-WA0039-800x500.jpg",800,500,true],"covernews-featured":["https:\/\/contextoanalisisperiodistico.com\/wp-content\/uploads\/2023\/05\/IMG-20230520-WA0039-1024x1024.jpg",1024,1024,true],"covernews-medium":["https:\/\/contextoanalisisperiodistico.com\/wp-content\/uploads\/2023\/05\/IMG-20230520-WA0039-540x340.jpg",540,340,true],"covernews-medium-square":["https:\/\/contextoanalisisperiodistico.com\/wp-content\/uploads\/2023\/05\/IMG-20230520-WA0039-400x250.jpg",400,250,true]},"author_info":{"display_name":"Mario Gir\u00f3n","author_link":"https:\/\/contextoanalisisperiodistico.com\/index.php\/author\/director\/"},"category_info":"<a href=\"https:\/\/contextoanalisisperiodistico.com\/index.php\/category\/cultura\/\" rel=\"category tag\">Cultura<\/a>","tag_info":"Cultura","comment_count":"0","jetpack_featured_media_url":"https:\/\/contextoanalisisperiodistico.com\/wp-content\/uploads\/2023\/05\/IMG-20230520-WA0039.jpg","_links":{"self":[{"href":"https:\/\/contextoanalisisperiodistico.com\/index.php\/wp-json\/wp\/v2\/posts\/13587"}],"collection":[{"href":"https:\/\/contextoanalisisperiodistico.com\/index.php\/wp-json\/wp\/v2\/posts"}],"about":[{"href":"https:\/\/contextoanalisisperiodistico.com\/index.php\/wp-json\/wp\/v2\/types\/post"}],"author":[{"embeddable":true,"href":"https:\/\/contextoanalisisperiodistico.com\/index.php\/wp-json\/wp\/v2\/users\/4"}],"replies":[{"embeddable":true,"href":"https:\/\/contextoanalisisperiodistico.com\/index.php\/wp-json\/wp\/v2\/comments?post=13587"}],"version-history":[{"count":1,"href":"https:\/\/contextoanalisisperiodistico.com\/index.php\/wp-json\/wp\/v2\/posts\/13587\/revisions"}],"predecessor-version":[{"id":13589,"href":"https:\/\/contextoanalisisperiodistico.com\/index.php\/wp-json\/wp\/v2\/posts\/13587\/revisions\/13589"}],"wp:featuredmedia":[{"embeddable":true,"href":"https:\/\/contextoanalisisperiodistico.com\/index.php\/wp-json\/wp\/v2\/media\/13588"}],"wp:attachment":[{"href":"https:\/\/contextoanalisisperiodistico.com\/index.php\/wp-json\/wp\/v2\/media?parent=13587"}],"wp:term":[{"taxonomy":"category","embeddable":true,"href":"https:\/\/contextoanalisisperiodistico.com\/index.php\/wp-json\/wp\/v2\/categories?post=13587"},{"taxonomy":"post_tag","embeddable":true,"href":"https:\/\/contextoanalisisperiodistico.com\/index.php\/wp-json\/wp\/v2\/tags?post=13587"}],"curies":[{"name":"wp","href":"https:\/\/api.w.org\/{rel}","templated":true}]}}