{"id":13554,"date":"2023-05-19T09:22:52","date_gmt":"2023-05-19T15:22:52","guid":{"rendered":"https:\/\/contextoanalisisperiodistico.com\/?p=13554"},"modified":"2023-05-19T09:23:05","modified_gmt":"2023-05-19T15:23:05","slug":"inicia-registro-civil-jornada-de-tramite-infantil-en-municipios-de-muy-alta-marginacion","status":"publish","type":"post","link":"https:\/\/contextoanalisisperiodistico.com\/index.php\/2023\/05\/19\/inicia-registro-civil-jornada-de-tramite-infantil-en-municipios-de-muy-alta-marginacion\/","title":{"rendered":"Inicia Registro Civil jornada de tr\u00e1mite infantil en municipios de muy alta marginaci\u00f3n"},"content":{"rendered":"<div id=\"fb-root\"><\/div>\n\n<p>\u2022 Las familias pueden acudir a registrarlos la oficial\u00eda m\u00e1s cercana en las ocho regiones del estado<\/p>\n\n\n\n<figure class=\"wp-block-image size-large\"><img fetchpriority=\"high\" decoding=\"async\" width=\"765\" height=\"1024\" src=\"https:\/\/contextoanalisisperiodistico.com\/wp-content\/uploads\/2023\/05\/img-20230518-wa00801156560285286003560-765x1024.jpg\" alt=\"\" class=\"wp-image-13557\" srcset=\"https:\/\/contextoanalisisperiodistico.com\/wp-content\/uploads\/2023\/05\/img-20230518-wa00801156560285286003560-765x1024.jpg 765w, https:\/\/contextoanalisisperiodistico.com\/wp-content\/uploads\/2023\/05\/img-20230518-wa00801156560285286003560-224x300.jpg 224w, https:\/\/contextoanalisisperiodistico.com\/wp-content\/uploads\/2023\/05\/img-20230518-wa00801156560285286003560-768x1027.jpg 768w, https:\/\/contextoanalisisperiodistico.com\/wp-content\/uploads\/2023\/05\/img-20230518-wa00801156560285286003560-1148x1536.jpg 1148w, https:\/\/contextoanalisisperiodistico.com\/wp-content\/uploads\/2023\/05\/img-20230518-wa00801156560285286003560-1024x1370.jpg 1024w, https:\/\/contextoanalisisperiodistico.com\/wp-content\/uploads\/2023\/05\/img-20230518-wa00801156560285286003560.jpg 1196w\" sizes=\"(max-width: 765px) 100vw, 765px\" \/><\/figure>\n\n\n\n<figure class=\"wp-block-image\"><img decoding=\"async\" width=\"768\" height=\"1024\" src=\"https:\/\/contextoanalisisperiodistico.com\/wp-content\/uploads\/2023\/05\/img-20230518-wa00794418522449174451629-768x1024.jpg\" alt=\"\" class=\"wp-image-13556\" srcset=\"https:\/\/contextoanalisisperiodistico.com\/wp-content\/uploads\/2023\/05\/img-20230518-wa00794418522449174451629-768x1024.jpg 768w, https:\/\/contextoanalisisperiodistico.com\/wp-content\/uploads\/2023\/05\/img-20230518-wa00794418522449174451629-225x300.jpg 225w, https:\/\/contextoanalisisperiodistico.com\/wp-content\/uploads\/2023\/05\/img-20230518-wa00794418522449174451629.jpg 960w\" sizes=\"(max-width: 768px) 100vw, 768px\" \/><\/figure>\n\n\n\n<p><br>Oaxaca de Ju\u00e1rez, 18 de mayo de 2023.- La Direcci\u00f3n del Registro Civil de Oaxaca realizar\u00e1 del 19 al 31 de mayo la Jornada de Registro de Ni\u00f1as y Ni\u00f1os de los 0 a los 6 a\u00f1os de edad en 114 municipios considerados de alta y muy alta marginaci\u00f3n. Estas acciones se enfocan a salvaguardar el inter\u00e9s superior de la ni\u00f1ez como una prioridad para el Gobierno del Estado.<\/p>\n\n\n\n<p><br>Esta jornada contempla las ocho regiones de Oaxaca y se inicia este viernes en la primera y segunda oficial\u00eda de la Ciudad de Huajuapan de Le\u00f3n donde los registros ser\u00e1n totalmente gratuitos. Al tratarse de un tr\u00e1mite personal las personas interesadas deber\u00e1n llevar la documentaci\u00f3n correspondiente.<\/p>\n\n\n\n<p><br>Asimismo, de existir inter\u00e9s en las autoridades municipales o auxiliares de acercar los servicios registrales a su municipio, agencia o colonia, deber\u00e1n acudir a las oficial\u00edas que les corresponda, ya que la Direcci\u00f3n del Registro Civil deber\u00e1 verificar la viabilidad de acercar la jornada a sus localidades.<\/p>\n\n\n\n<p><br>El inter\u00e9s de la Direcci\u00f3n del Registro Civil es ser un gobierno de territorio y no de escritorio, que lleve a los grupos vulnerables los tr\u00e1mites necesarios y promover el desarrollo de un estado justo e igualitario, donde todas y todos puedan gozar de sus derechos civiles.<\/p>\n\n\n\n<p><br>Los requisitos que deben presentar las personas interesadas son los siguientes: actas de nacimiento de los progenitores, el certificado m\u00e9dico de nacimiento que expide la cl\u00ednica u hospital, identificaci\u00f3n oficial del padre y la madre, y dos testigos.<\/p>\n\n\n\n<p><br>En aquellos casos que en las zonas rurales no hayan recibido atenci\u00f3n por parte de alguna instituci\u00f3n de salud, ser\u00e1 v\u00e1lida la constancia de nacimiento expedida por la autoridad municipal, bajo su propia responsabilidad.<\/p>\n","protected":false},"excerpt":{"rendered":"<p>\u2022 Las familias pueden acudir a registrarlos la oficial\u00eda m\u00e1s cercana en las ocho regiones&#8230;<\/p>\n","protected":false},"author":4,"featured_media":13555,"comment_status":"closed","ping_status":"open","sticky":false,"template":"","format":"standard","meta":{"footnotes":""},"categories":[7],"tags":[],"jetpack_sharing_enabled":true,"featured_image_urls":{"full":["https:\/\/contextoanalisisperiodistico.com\/wp-content\/uploads\/2023\/05\/IMG-20230518-WA0081.jpg",768,1024,false],"thumbnail":["https:\/\/contextoanalisisperiodistico.com\/wp-content\/uploads\/2023\/05\/IMG-20230518-WA0081-150x150.jpg",150,150,true],"medium":["https:\/\/contextoanalisisperiodistico.com\/wp-content\/uploads\/2023\/05\/IMG-20230518-WA0081-225x300.jpg",225,300,true],"medium_large":["https:\/\/contextoanalisisperiodistico.com\/wp-content\/uploads\/2023\/05\/IMG-20230518-WA0081.jpg",640,853,false],"large":["https:\/\/contextoanalisisperiodistico.com\/wp-content\/uploads\/2023\/05\/IMG-20230518-WA0081.jpg",640,853,false],"1536x1536":["https:\/\/contextoanalisisperiodistico.com\/wp-content\/uploads\/2023\/05\/IMG-20230518-WA0081.jpg",768,1024,false],"2048x2048":["https:\/\/contextoanalisisperiodistico.com\/wp-content\/uploads\/2023\/05\/IMG-20230518-WA0081.jpg",768,1024,false],"covernews-slider-full":["https:\/\/contextoanalisisperiodistico.com\/wp-content\/uploads\/2023\/05\/IMG-20230518-WA0081-768x715.jpg",768,715,true],"covernews-slider-center":["https:\/\/contextoanalisisperiodistico.com\/wp-content\/uploads\/2023\/05\/IMG-20230518-WA0081-768x500.jpg",768,500,true],"covernews-featured":["https:\/\/contextoanalisisperiodistico.com\/wp-content\/uploads\/2023\/05\/IMG-20230518-WA0081.jpg",768,1024,false],"covernews-medium":["https:\/\/contextoanalisisperiodistico.com\/wp-content\/uploads\/2023\/05\/IMG-20230518-WA0081-540x340.jpg",540,340,true],"covernews-medium-square":["https:\/\/contextoanalisisperiodistico.com\/wp-content\/uploads\/2023\/05\/IMG-20230518-WA0081-400x250.jpg",400,250,true]},"author_info":{"display_name":"Mario Gir\u00f3n","author_link":"https:\/\/contextoanalisisperiodistico.com\/index.php\/author\/director\/"},"category_info":"<a href=\"https:\/\/contextoanalisisperiodistico.com\/index.php\/category\/municipios\/\" rel=\"category tag\">Municipios<\/a>","tag_info":"Municipios","comment_count":"0","jetpack_featured_media_url":"https:\/\/contextoanalisisperiodistico.com\/wp-content\/uploads\/2023\/05\/IMG-20230518-WA0081.jpg","_links":{"self":[{"href":"https:\/\/contextoanalisisperiodistico.com\/index.php\/wp-json\/wp\/v2\/posts\/13554"}],"collection":[{"href":"https:\/\/contextoanalisisperiodistico.com\/index.php\/wp-json\/wp\/v2\/posts"}],"about":[{"href":"https:\/\/contextoanalisisperiodistico.com\/index.php\/wp-json\/wp\/v2\/types\/post"}],"author":[{"embeddable":true,"href":"https:\/\/contextoanalisisperiodistico.com\/index.php\/wp-json\/wp\/v2\/users\/4"}],"replies":[{"embeddable":true,"href":"https:\/\/contextoanalisisperiodistico.com\/index.php\/wp-json\/wp\/v2\/comments?post=13554"}],"version-history":[{"count":1,"href":"https:\/\/contextoanalisisperiodistico.com\/index.php\/wp-json\/wp\/v2\/posts\/13554\/revisions"}],"predecessor-version":[{"id":13558,"href":"https:\/\/contextoanalisisperiodistico.com\/index.php\/wp-json\/wp\/v2\/posts\/13554\/revisions\/13558"}],"wp:featuredmedia":[{"embeddable":true,"href":"https:\/\/contextoanalisisperiodistico.com\/index.php\/wp-json\/wp\/v2\/media\/13555"}],"wp:attachment":[{"href":"https:\/\/contextoanalisisperiodistico.com\/index.php\/wp-json\/wp\/v2\/media?parent=13554"}],"wp:term":[{"taxonomy":"category","embeddable":true,"href":"https:\/\/contextoanalisisperiodistico.com\/index.php\/wp-json\/wp\/v2\/categories?post=13554"},{"taxonomy":"post_tag","embeddable":true,"href":"https:\/\/contextoanalisisperiodistico.com\/index.php\/wp-json\/wp\/v2\/tags?post=13554"}],"curies":[{"name":"wp","href":"https:\/\/api.w.org\/{rel}","templated":true}]}}