{"id":13535,"date":"2023-05-18T20:50:48","date_gmt":"2023-05-19T02:50:48","guid":{"rendered":"https:\/\/contextoanalisisperiodistico.com\/index.php\/2023\/05\/18\/presunto-abusador-sexual-detiene-policia-municipal-capitalina\/"},"modified":"2023-05-18T20:50:48","modified_gmt":"2023-05-19T02:50:48","slug":"presunto-abusador-sexual-detiene-policia-municipal-capitalina","status":"publish","type":"post","link":"https:\/\/contextoanalisisperiodistico.com\/index.php\/2023\/05\/18\/presunto-abusador-sexual-detiene-policia-municipal-capitalina\/","title":{"rendered":"Presunto abusador sexual detiene polic\u00eda municipal capitalina"},"content":{"rendered":"<div id=\"fb-root\"><\/div>\n\n<p>*Coordinaci\u00f3n y rapidez permiten respuesta inmediata a la poblaci\u00f3n<\/p>\n\n\n\n<p>*Fortalecen acciones de servicio y protecci\u00f3n a la comunidad.<\/p>\n\n\n\n<p>Oaxaca de Ju\u00e1rez, Oax.,18 de mayo de 2023. Polic\u00edas municipales detuvieron una persona  se\u00f1alada como presunta responsable del delito de abuso sexual, por lo que ahora qued\u00f3 a disposici\u00f3n de la autoridad ministerial.<\/p>\n\n\n\n<p>El secretario de Seguridad Ciudadana, Movilidad y Protecci\u00f3n Civil, Ra\u00fal \u00c1vila Ibarra, inform\u00f3 que la intervenci\u00f3n fue el pasado mi\u00e9rcoles, a las 19:00, en inmediaciones de la colonia Miguel Alem\u00e1n.<\/p>\n\n\n\n<p>Explic\u00f3 que al efectuar acciones de prevenci\u00f3n del delito en esa zona, el C-4 los alert\u00f3 para brindar auxilio en la calle Plutarco El\u00edas Calles, esquina con L\u00e1zaro C\u00e1rdenas. <\/p>\n\n\n\n<p>Una vez en el lugar, los polic\u00edas observaron a un grupo de personas que ten\u00edan retenido a un sujeto, el cual era se\u00f1alado por una mujer como el mismo que, momentos antes, sin su consentimiento le hab\u00eda tocado uno de sus gl\u00fateos.<\/p>\n\n\n\n<p>Infirm\u00f3 la mujer que cuando caminaba y contestaba una llamada, la alcanz\u00f3 un desconocido, qui\u00e9n le toc\u00f3 el gl\u00fateo derecho, para luego correr. Ante esto, pidi\u00f3 ayuda a los vecinos.<\/p>\n\n\n\n<p>Debido al estado de ebriedad en que se hallaba el sujeto, cay\u00f3 y se golpe\u00f3 el rostro, por lo cual fue detenido por los vecinos.El sujeto dijo llamarse F\u00e9lix J. L. R., de 51 a\u00f1os de edad.<\/p>\n\n\n\n<p>A petici\u00f3n de la parte afectada, el detenido fue consignado a la Fiscal\u00eda General del Estado como presunto responsable del delito de abuso sexual.<\/p>\n\n\n\n<p>Con estas acciones, la Polic\u00eda Municipal refrenda su compromiso de proteger y servir a la comunidad.<\/p>\n","protected":false},"excerpt":{"rendered":"<p>*Coordinaci\u00f3n y rapidez permiten respuesta inmediata a la poblaci\u00f3n *Fortalecen acciones de servicio y protecci\u00f3n&#8230;<\/p>\n","protected":false},"author":4,"featured_media":13534,"comment_status":"","ping_status":"open","sticky":false,"template":"","format":"standard","meta":{"footnotes":""},"categories":[10],"tags":[],"jetpack_sharing_enabled":true,"featured_image_urls":{"full":["https:\/\/contextoanalisisperiodistico.com\/wp-content\/uploads\/2023\/05\/IMG-20230518-WA0100.jpg",1056,867,false],"thumbnail":["https:\/\/contextoanalisisperiodistico.com\/wp-content\/uploads\/2023\/05\/IMG-20230518-WA0100-150x150.jpg",150,150,true],"medium":["https:\/\/contextoanalisisperiodistico.com\/wp-content\/uploads\/2023\/05\/IMG-20230518-WA0100-300x246.jpg",300,246,true],"medium_large":["https:\/\/contextoanalisisperiodistico.com\/wp-content\/uploads\/2023\/05\/IMG-20230518-WA0100-768x631.jpg",640,526,true],"large":["https:\/\/contextoanalisisperiodistico.com\/wp-content\/uploads\/2023\/05\/IMG-20230518-WA0100-1024x841.jpg",640,526,true],"1536x1536":["https:\/\/contextoanalisisperiodistico.com\/wp-content\/uploads\/2023\/05\/IMG-20230518-WA0100.jpg",1056,867,false],"2048x2048":["https:\/\/contextoanalisisperiodistico.com\/wp-content\/uploads\/2023\/05\/IMG-20230518-WA0100.jpg",1056,867,false],"covernews-slider-full":["https:\/\/contextoanalisisperiodistico.com\/wp-content\/uploads\/2023\/05\/IMG-20230518-WA0100-1056x715.jpg",1056,715,true],"covernews-slider-center":["https:\/\/contextoanalisisperiodistico.com\/wp-content\/uploads\/2023\/05\/IMG-20230518-WA0100-800x500.jpg",800,500,true],"covernews-featured":["https:\/\/contextoanalisisperiodistico.com\/wp-content\/uploads\/2023\/05\/IMG-20230518-WA0100-1024x841.jpg",1024,841,true],"covernews-medium":["https:\/\/contextoanalisisperiodistico.com\/wp-content\/uploads\/2023\/05\/IMG-20230518-WA0100-540x340.jpg",540,340,true],"covernews-medium-square":["https:\/\/contextoanalisisperiodistico.com\/wp-content\/uploads\/2023\/05\/IMG-20230518-WA0100-400x250.jpg",400,250,true]},"author_info":{"display_name":"Mario Gir\u00f3n","author_link":"https:\/\/contextoanalisisperiodistico.com\/index.php\/author\/director\/"},"category_info":"<a href=\"https:\/\/contextoanalisisperiodistico.com\/index.php\/category\/seguridad\/\" rel=\"category tag\">Seguridad<\/a>","tag_info":"Seguridad","comment_count":"0","jetpack_featured_media_url":"https:\/\/contextoanalisisperiodistico.com\/wp-content\/uploads\/2023\/05\/IMG-20230518-WA0100.jpg","_links":{"self":[{"href":"https:\/\/contextoanalisisperiodistico.com\/index.php\/wp-json\/wp\/v2\/posts\/13535"}],"collection":[{"href":"https:\/\/contextoanalisisperiodistico.com\/index.php\/wp-json\/wp\/v2\/posts"}],"about":[{"href":"https:\/\/contextoanalisisperiodistico.com\/index.php\/wp-json\/wp\/v2\/types\/post"}],"author":[{"embeddable":true,"href":"https:\/\/contextoanalisisperiodistico.com\/index.php\/wp-json\/wp\/v2\/users\/4"}],"replies":[{"embeddable":true,"href":"https:\/\/contextoanalisisperiodistico.com\/index.php\/wp-json\/wp\/v2\/comments?post=13535"}],"version-history":[{"count":0,"href":"https:\/\/contextoanalisisperiodistico.com\/index.php\/wp-json\/wp\/v2\/posts\/13535\/revisions"}],"wp:featuredmedia":[{"embeddable":true,"href":"https:\/\/contextoanalisisperiodistico.com\/index.php\/wp-json\/wp\/v2\/media\/13534"}],"wp:attachment":[{"href":"https:\/\/contextoanalisisperiodistico.com\/index.php\/wp-json\/wp\/v2\/media?parent=13535"}],"wp:term":[{"taxonomy":"category","embeddable":true,"href":"https:\/\/contextoanalisisperiodistico.com\/index.php\/wp-json\/wp\/v2\/categories?post=13535"},{"taxonomy":"post_tag","embeddable":true,"href":"https:\/\/contextoanalisisperiodistico.com\/index.php\/wp-json\/wp\/v2\/tags?post=13535"}],"curies":[{"name":"wp","href":"https:\/\/api.w.org\/{rel}","templated":true}]}}