{"id":13520,"date":"2023-05-18T17:04:00","date_gmt":"2023-05-18T23:04:00","guid":{"rendered":"https:\/\/contextoanalisisperiodistico.com\/?p=13520"},"modified":"2023-05-18T17:10:12","modified_gmt":"2023-05-18T23:10:12","slug":"ogaipo-y-universidad-la-salle-oaxaca-organizan-panel-el-acceso-a-la-informacion-y-el-periodismo-universitario","status":"publish","type":"post","link":"https:\/\/contextoanalisisperiodistico.com\/index.php\/2023\/05\/18\/ogaipo-y-universidad-la-salle-oaxaca-organizan-panel-el-acceso-a-la-informacion-y-el-periodismo-universitario\/","title":{"rendered":"OGAIPO y Universidad La Salle Oaxaca organizan panel \u201c<em>El Acceso a la Informaci\u00f3n y el Periodismo Universitario\u201d<\/em>"},"content":{"rendered":"<div id=\"fb-root\"><\/div>\n\n<p><strong>&nbsp;<\/strong><\/p>\n\n\n\n<p>\u00b7&nbsp;&nbsp;&nbsp;&nbsp;&nbsp;&nbsp;&nbsp;&nbsp;&nbsp;<em>El periodismo y el acceso a la informaci\u00f3n se vinculan a favor de la sociedad<\/em><\/p>\n\n\n\n<p>&nbsp;<\/p>\n\n\n\n<p>Oaxaca de Ju\u00e1rez, Oaxaca, a 18 de mayo de 2023.- El \u00d3rgano Garante de Acceso a la Informaci\u00f3n P\u00fablica, Transparencia, Protecci\u00f3n de Datos Personales y Buen Gobierno del Estado de Oaxaca (OGAIPO) y la Universidad La Salle Oaxaca, realizaron el panel \u201cEl Acceso a la Informaci\u00f3n en el Periodismo Universitario\u201d.<\/p>\n\n\n\n<p>&nbsp;<\/p>\n\n\n\n<p>A trav\u00e9s de un intercambio de experiencias entre el comisionado presidente Josu\u00e9 Solana Salmor\u00e1n y la comisionada Mar\u00eda Tanivet Ramos Reyes y estudiantes universitarios de la licenciatura en Comunicaci\u00f3n y Medios Digitales, se destac\u00f3 la importancia de realizar investigaciones period\u00edsticas con apoyo de la Plataforma Nacional de Transparencia (PNT), con la finalidad de promover el uso de herramientas que garanticen la transparencia y el acceso a la informaci\u00f3n p\u00fablica.<\/p>\n\n\n\n<p>&nbsp;<\/p>\n\n\n\n<p>Por parte de la Universidad La Salle estuvo presente el Rector, Luis Ignacio Salgado Fern\u00e1ndez y la coordinadora de la licenciatura, Samantha Leonora Villareal Gatica, tambi\u00e9n se cont\u00f3 con la presencia de la comisionada Claudia Ivette Soto Pineda.<\/p>\n\n\n\n<p>&nbsp;<\/p>\n\n\n\n<p>Se cont\u00f3 con la participaci\u00f3n de Sandra Abigail Delgado Santiago y Hannia Mendoza Hern\u00e1ndez, estudiantes universitarias, cuyos equipos obtuvieron el primer y tercer lugar en la categor\u00eda de&nbsp;<em>Reportaje Universitario del \u201cTercer Concurso Nacional de Periodismo de Investigaci\u00f3n 2022\u201d,<\/em>&nbsp;el cual convoc\u00f3 el Instituto Nacional de Transparencia, Acceso a la Informaci\u00f3n y Protecci\u00f3n de Datos Personales (INAI).<\/p>\n\n\n\n<p>&nbsp;<\/p>\n\n\n\n<p>En el evento, se abordaron temas relacionados con el Derecho al Acceso a la Informaci\u00f3n P\u00fablica (DAI) y su pr\u00e1ctica dentro del ejercicio period\u00edstico, a trav\u00e9s de cuatro bloques: Historia, avances y retos de la PNT; Reportaje universitario: la experiencia; La importancia de la transparencia y acceso a la informaci\u00f3n p\u00fablica; y la Transparencia y periodismo de investigaci\u00f3n.<\/p>\n\n\n\n<p>&nbsp;<\/p>\n\n\n\n<p>El y las participantes coincidieron con que el periodismo y el acceso a la informaci\u00f3n se vinculan a favor de la sociedad, cuando se basa en una labor de investigaci\u00f3n y comprometida en el ejercicio del derecho a saber para documentar lo que se est\u00e1 informado, adem\u00e1s, permite crear conciencias y cambia realidades.<\/p>\n\n\n\n<p>&nbsp;<\/p>\n\n\n\n<p>En unificaci\u00f3n de criterios, sostuvieron que el uso de la informaci\u00f3n promueve que lo p\u00fablico lo sea a\u00fan m\u00e1s, resulta una gran oportunidad que las personas que trabajan en el medio period\u00edstico puedan acceder a la utilidad que ofrece la PNT, para el ejercicio del derecho de acceso la informaci\u00f3n p\u00fablica, como fuente de informaci\u00f3n veraz, oportuna y accesible en su labor diaria.&nbsp;<\/p>\n","protected":false},"excerpt":{"rendered":"<p>&nbsp; \u00b7&nbsp;&nbsp;&nbsp;&nbsp;&nbsp;&nbsp;&nbsp;&nbsp;&nbsp;El periodismo y el acceso a la informaci\u00f3n se vinculan a favor de la&#8230;<\/p>\n","protected":false},"author":4,"featured_media":13521,"comment_status":"closed","ping_status":"open","sticky":false,"template":"","format":"standard","meta":{"footnotes":""},"categories":[9],"tags":[],"jetpack_sharing_enabled":true,"featured_image_urls":{"full":["https:\/\/contextoanalisisperiodistico.com\/wp-content\/uploads\/2023\/05\/IMG_7010-scaled.jpg",2560,1707,false],"thumbnail":["https:\/\/contextoanalisisperiodistico.com\/wp-content\/uploads\/2023\/05\/IMG_7010-150x150.jpg",150,150,true],"medium":["https:\/\/contextoanalisisperiodistico.com\/wp-content\/uploads\/2023\/05\/IMG_7010-300x200.jpg",300,200,true],"medium_large":["https:\/\/contextoanalisisperiodistico.com\/wp-content\/uploads\/2023\/05\/IMG_7010-768x512.jpg",640,427,true],"large":["https:\/\/contextoanalisisperiodistico.com\/wp-content\/uploads\/2023\/05\/IMG_7010-1024x683.jpg",640,427,true],"1536x1536":["https:\/\/contextoanalisisperiodistico.com\/wp-content\/uploads\/2023\/05\/IMG_7010-1536x1024.jpg",1536,1024,true],"2048x2048":["https:\/\/contextoanalisisperiodistico.com\/wp-content\/uploads\/2023\/05\/IMG_7010-2048x1365.jpg",2048,1365,true],"covernews-slider-full":["https:\/\/contextoanalisisperiodistico.com\/wp-content\/uploads\/2023\/05\/IMG_7010-1115x715.jpg",1115,715,true],"covernews-slider-center":["https:\/\/contextoanalisisperiodistico.com\/wp-content\/uploads\/2023\/05\/IMG_7010-800x500.jpg",800,500,true],"covernews-featured":["https:\/\/contextoanalisisperiodistico.com\/wp-content\/uploads\/2023\/05\/IMG_7010-1024x683.jpg",1024,683,true],"covernews-medium":["https:\/\/contextoanalisisperiodistico.com\/wp-content\/uploads\/2023\/05\/IMG_7010-540x340.jpg",540,340,true],"covernews-medium-square":["https:\/\/contextoanalisisperiodistico.com\/wp-content\/uploads\/2023\/05\/IMG_7010-400x250.jpg",400,250,true]},"author_info":{"display_name":"Mario Gir\u00f3n","author_link":"https:\/\/contextoanalisisperiodistico.com\/index.php\/author\/director\/"},"category_info":"<a href=\"https:\/\/contextoanalisisperiodistico.com\/index.php\/category\/politica\/\" rel=\"category tag\">Pol\u00edtica<\/a>","tag_info":"Pol\u00edtica","comment_count":"0","jetpack_featured_media_url":"https:\/\/contextoanalisisperiodistico.com\/wp-content\/uploads\/2023\/05\/IMG_7010-scaled.jpg","_links":{"self":[{"href":"https:\/\/contextoanalisisperiodistico.com\/index.php\/wp-json\/wp\/v2\/posts\/13520"}],"collection":[{"href":"https:\/\/contextoanalisisperiodistico.com\/index.php\/wp-json\/wp\/v2\/posts"}],"about":[{"href":"https:\/\/contextoanalisisperiodistico.com\/index.php\/wp-json\/wp\/v2\/types\/post"}],"author":[{"embeddable":true,"href":"https:\/\/contextoanalisisperiodistico.com\/index.php\/wp-json\/wp\/v2\/users\/4"}],"replies":[{"embeddable":true,"href":"https:\/\/contextoanalisisperiodistico.com\/index.php\/wp-json\/wp\/v2\/comments?post=13520"}],"version-history":[{"count":1,"href":"https:\/\/contextoanalisisperiodistico.com\/index.php\/wp-json\/wp\/v2\/posts\/13520\/revisions"}],"predecessor-version":[{"id":13522,"href":"https:\/\/contextoanalisisperiodistico.com\/index.php\/wp-json\/wp\/v2\/posts\/13520\/revisions\/13522"}],"wp:featuredmedia":[{"embeddable":true,"href":"https:\/\/contextoanalisisperiodistico.com\/index.php\/wp-json\/wp\/v2\/media\/13521"}],"wp:attachment":[{"href":"https:\/\/contextoanalisisperiodistico.com\/index.php\/wp-json\/wp\/v2\/media?parent=13520"}],"wp:term":[{"taxonomy":"category","embeddable":true,"href":"https:\/\/contextoanalisisperiodistico.com\/index.php\/wp-json\/wp\/v2\/categories?post=13520"},{"taxonomy":"post_tag","embeddable":true,"href":"https:\/\/contextoanalisisperiodistico.com\/index.php\/wp-json\/wp\/v2\/tags?post=13520"}],"curies":[{"name":"wp","href":"https:\/\/api.w.org\/{rel}","templated":true}]}}