{"id":13497,"date":"2023-05-18T15:23:15","date_gmt":"2023-05-18T21:23:15","guid":{"rendered":"https:\/\/contextoanalisisperiodistico.com\/?p=13497"},"modified":"2023-05-18T15:23:29","modified_gmt":"2023-05-18T21:23:29","slug":"llega-tianguis-bienestar-a-san-melchor-betaza","status":"publish","type":"post","link":"https:\/\/contextoanalisisperiodistico.com\/index.php\/2023\/05\/18\/llega-tianguis-bienestar-a-san-melchor-betaza\/","title":{"rendered":"<em>Llega Tianguis Bienestar a San Melchor Betaza<\/em>"},"content":{"rendered":"<div id=\"fb-root\"><\/div>\n\n<p>En Oaxaca el programa ha beneficiado a m\u00e1s de 180 mil familias en 160 municipios<\/p>\n\n\n\n<p>Con esta visita concluye la primera etapa de este programa federal<\/p>\n\n\n\n<p>San Melchor Betaza, Oax. 18 de mayo de 2023. Bajo la premisa de \u201cPor el bien de todas y todos, primero los pobres\u201d, el Gobierno del Estado de Oaxaca en coordinaci\u00f3n con el Instituto para Devolver al Pueblo lo Robado (Indep) llevaron a cabo el Tianguis Bienestar en este municipio, donde se entreg\u00f3 a la poblaci\u00f3n menos favorecida los bienes que fueron incautados o decomisados a la delincuencia organizada.<\/p>\n\n\n\n<p>Este programa es posible gracias al trabajo interinstitucional del Gobierno Estatal, la Secretar\u00eda de la Defensa Nacional (Sedena); la Secretari\u0301a de la Funcio\u0301n Pu\u0301blica (SFP); la Secretari\u0301a de Hacienda y Cre\u0301dito Pu\u0301blico (SHCP), el Servicio de Administracio\u0301n Tributaria (SAT) y la Agencia Nacional de Aduanas de Me\u0301xico (ANAP), as\u00ed como la Guardia Nacional (GN).<\/p>\n\n\n\n<p>A dos a\u00f1os del inicio de operaci\u00f3n del Tianguis de Bienestar se han donado en el estado de Oaxaca m\u00e1s de 3.5 millones de bienes a 180 mil familias de 2 mil comunidades.<\/p>\n\n\n\n<p>El Tianguis ha beneficiado a 160 municipios de Oaxaca, 118 de ellos ubicados en la Mixteca, 31 en la Costa y 11 en la Sierra de Ju\u00e1rez.<\/p>\n\n\n\n<p>En esta ocasi\u00f3n, se proporcion\u00f3 ropa, juguetes, focos, bisuter\u00eda, bicicletas, telas, entre otros art\u00edculos a habitantes de dicho municipio, quienes pudieron solicitar las cantidades que requirieran.<\/p>\n\n\n\n<p>En su intervenci\u00f3n, el Gobernador Salom\u00f3n Jara Cruz indic\u00f3 que este Tianguis constituye el coraz\u00f3n de un proyecto transformador que ha coadyuvado a la disminuci\u00f3n del rezago hist\u00f3rico y el cierre de las brechas de desigualdad.<\/p>\n\n\n\n<p>\u201cEl Tianguis representa una muestra m\u00e1s del cari\u00f1o y del apoyo a nuestro estado por parte del Presidente Andr\u00e9s Manuel L\u00f3pez Obrador\u201d, indic\u00f3.<\/p>\n\n\n\n<p>Asimismo, el Mandatario se\u00f1al\u00f3 que esta iniciativa asocia la pol\u00edtica de seguridad con la de bienestar a fin de brindar un destino positivo a los bienes que se incautan o se decomisan a la delincuencia organizada, distribuy\u00e9ndolos de manera gratuita entre quienes m\u00e1s lo necesitan.<\/p>\n\n\n\n<p>Jara Cruz coment\u00f3 que el Tianguis de Bienestar es un buen ejemplo de pol\u00edtica p\u00fablica que maximiza los recursos y demuestra que s\u00ed es posible trascender los modelos tradicionales y redistribuir la riqueza.<\/p>\n\n\n\n<p>\u201cMiles de familias oaxaque\u00f1as de diversas regiones y municipios del estado han sido beneficiadas con la repartici\u00f3n de bienes que sin duda contribuyen a mejorar el nivel de vida de las y los oaxaque\u00f1os\u201d.<\/p>\n\n\n\n<p>La titular de la Secretar\u00eda de Seguridad y Protecci\u00f3n Ciudadana (SSPC), Rosa Icela Rodr\u00edguez Vel\u00e1squez indic\u00f3 que este programa social surgi\u00f3 a partir de la necesidad de dar un mejor uso a los art\u00edculos que se encontraban anteriormente en bodegas y con ello, devolverle al pueblo lo robado.<\/p>\n\n\n\n<p>\u201cEste trabajo del Tianguis Bienestar nos ha permitido ahorrar m\u00e1s de 300 millones de pesos en el pago de renta de bodegas a compa\u00f1\u00edas privadas donde se resguardaban dichos bienes\u201d.<\/p>\n\n\n\n<p>Por otro lado, el director general del Indep, Ernesto Prieto Ortega coment\u00f3 que de agosto de 2021 a la fecha, se han beneficiado a m\u00e1s de 300 mil familias en cuatro estados de la rep\u00fablica: Oaxaca, Guerrero, Veracruz y Chiapas<\/p>\n\n\n\n<p>Finalmente, el regidor de Hacienda de San Melchor Betaza, Beremundo R\u00edos Revilla, dijo que hoy en dicho municipio estaban celebrando un d\u00eda hist\u00f3rico con la realizaci\u00f3n del Tianguis Bienestar.<\/p>\n\n\n\n<p>La primera etapa del programa Tianguis Bienestar concluye con la visita a San Melchor Betaza, sin embargo, en breve el Gobierno Federal dar\u00e1 inicio al segundo ciclo.<\/p>\n\n\n\n<figure class=\"wp-block-image size-large\"><img fetchpriority=\"high\" decoding=\"async\" width=\"1024\" height=\"682\" src=\"https:\/\/contextoanalisisperiodistico.com\/wp-content\/uploads\/2023\/05\/img-20230518-wa00551448846733040217256-1024x682.jpg\" alt=\"\" class=\"wp-image-13499\" srcset=\"https:\/\/contextoanalisisperiodistico.com\/wp-content\/uploads\/2023\/05\/img-20230518-wa00551448846733040217256-1024x682.jpg 1024w, https:\/\/contextoanalisisperiodistico.com\/wp-content\/uploads\/2023\/05\/img-20230518-wa00551448846733040217256-300x200.jpg 300w, https:\/\/contextoanalisisperiodistico.com\/wp-content\/uploads\/2023\/05\/img-20230518-wa00551448846733040217256-768x512.jpg 768w, https:\/\/contextoanalisisperiodistico.com\/wp-content\/uploads\/2023\/05\/img-20230518-wa00551448846733040217256.jpg 1360w\" sizes=\"(max-width: 1024px) 100vw, 1024px\" \/><\/figure>\n\n\n\n<figure class=\"wp-block-image\"><img decoding=\"async\" width=\"1024\" height=\"682\" src=\"https:\/\/contextoanalisisperiodistico.com\/wp-content\/uploads\/2023\/05\/img-20230518-wa00544594733256323644345-1024x682.jpg\" alt=\"\" class=\"wp-image-13501\" srcset=\"https:\/\/contextoanalisisperiodistico.com\/wp-content\/uploads\/2023\/05\/img-20230518-wa00544594733256323644345-1024x682.jpg 1024w, https:\/\/contextoanalisisperiodistico.com\/wp-content\/uploads\/2023\/05\/img-20230518-wa00544594733256323644345-300x200.jpg 300w, https:\/\/contextoanalisisperiodistico.com\/wp-content\/uploads\/2023\/05\/img-20230518-wa00544594733256323644345-768x512.jpg 768w, https:\/\/contextoanalisisperiodistico.com\/wp-content\/uploads\/2023\/05\/img-20230518-wa00544594733256323644345-1536x1023.jpg 1536w, https:\/\/contextoanalisisperiodistico.com\/wp-content\/uploads\/2023\/05\/img-20230518-wa00544594733256323644345.jpg 1600w\" sizes=\"(max-width: 1024px) 100vw, 1024px\" \/><\/figure>\n\n\n\n<figure class=\"wp-block-image\"><img decoding=\"async\" width=\"1024\" height=\"682\" src=\"https:\/\/contextoanalisisperiodistico.com\/wp-content\/uploads\/2023\/05\/img-20230518-wa00526168495087301859152-1024x682.jpg\" alt=\"\" class=\"wp-image-13500\" srcset=\"https:\/\/contextoanalisisperiodistico.com\/wp-content\/uploads\/2023\/05\/img-20230518-wa00526168495087301859152-1024x682.jpg 1024w, https:\/\/contextoanalisisperiodistico.com\/wp-content\/uploads\/2023\/05\/img-20230518-wa00526168495087301859152-300x200.jpg 300w, https:\/\/contextoanalisisperiodistico.com\/wp-content\/uploads\/2023\/05\/img-20230518-wa00526168495087301859152-768x512.jpg 768w, https:\/\/contextoanalisisperiodistico.com\/wp-content\/uploads\/2023\/05\/img-20230518-wa00526168495087301859152-1536x1023.jpg 1536w, https:\/\/contextoanalisisperiodistico.com\/wp-content\/uploads\/2023\/05\/img-20230518-wa00526168495087301859152.jpg 1600w\" sizes=\"(max-width: 1024px) 100vw, 1024px\" \/><\/figure>\n","protected":false},"excerpt":{"rendered":"<p>En Oaxaca el programa ha beneficiado a m\u00e1s de 180 mil familias en 160 municipios&#8230;<\/p>\n","protected":false},"author":4,"featured_media":13498,"comment_status":"closed","ping_status":"open","sticky":false,"template":"","format":"standard","meta":{"footnotes":""},"categories":[9],"tags":[],"jetpack_sharing_enabled":true,"featured_image_urls":{"full":["https:\/\/contextoanalisisperiodistico.com\/wp-content\/uploads\/2023\/05\/IMG-20230518-WA0051.jpg",1600,1066,false],"thumbnail":["https:\/\/contextoanalisisperiodistico.com\/wp-content\/uploads\/2023\/05\/IMG-20230518-WA0051-150x150.jpg",150,150,true],"medium":["https:\/\/contextoanalisisperiodistico.com\/wp-content\/uploads\/2023\/05\/IMG-20230518-WA0051-300x200.jpg",300,200,true],"medium_large":["https:\/\/contextoanalisisperiodistico.com\/wp-content\/uploads\/2023\/05\/IMG-20230518-WA0051-768x512.jpg",640,427,true],"large":["https:\/\/contextoanalisisperiodistico.com\/wp-content\/uploads\/2023\/05\/IMG-20230518-WA0051-1024x682.jpg",640,426,true],"1536x1536":["https:\/\/contextoanalisisperiodistico.com\/wp-content\/uploads\/2023\/05\/IMG-20230518-WA0051-1536x1023.jpg",1536,1023,true],"2048x2048":["https:\/\/contextoanalisisperiodistico.com\/wp-content\/uploads\/2023\/05\/IMG-20230518-WA0051.jpg",1600,1066,false],"covernews-slider-full":["https:\/\/contextoanalisisperiodistico.com\/wp-content\/uploads\/2023\/05\/IMG-20230518-WA0051-1115x715.jpg",1115,715,true],"covernews-slider-center":["https:\/\/contextoanalisisperiodistico.com\/wp-content\/uploads\/2023\/05\/IMG-20230518-WA0051-800x500.jpg",800,500,true],"covernews-featured":["https:\/\/contextoanalisisperiodistico.com\/wp-content\/uploads\/2023\/05\/IMG-20230518-WA0051-1024x682.jpg",1024,682,true],"covernews-medium":["https:\/\/contextoanalisisperiodistico.com\/wp-content\/uploads\/2023\/05\/IMG-20230518-WA0051-540x340.jpg",540,340,true],"covernews-medium-square":["https:\/\/contextoanalisisperiodistico.com\/wp-content\/uploads\/2023\/05\/IMG-20230518-WA0051-400x250.jpg",400,250,true]},"author_info":{"display_name":"Mario Gir\u00f3n","author_link":"https:\/\/contextoanalisisperiodistico.com\/index.php\/author\/director\/"},"category_info":"<a href=\"https:\/\/contextoanalisisperiodistico.com\/index.php\/category\/politica\/\" rel=\"category tag\">Pol\u00edtica<\/a>","tag_info":"Pol\u00edtica","comment_count":"0","jetpack_featured_media_url":"https:\/\/contextoanalisisperiodistico.com\/wp-content\/uploads\/2023\/05\/IMG-20230518-WA0051.jpg","_links":{"self":[{"href":"https:\/\/contextoanalisisperiodistico.com\/index.php\/wp-json\/wp\/v2\/posts\/13497"}],"collection":[{"href":"https:\/\/contextoanalisisperiodistico.com\/index.php\/wp-json\/wp\/v2\/posts"}],"about":[{"href":"https:\/\/contextoanalisisperiodistico.com\/index.php\/wp-json\/wp\/v2\/types\/post"}],"author":[{"embeddable":true,"href":"https:\/\/contextoanalisisperiodistico.com\/index.php\/wp-json\/wp\/v2\/users\/4"}],"replies":[{"embeddable":true,"href":"https:\/\/contextoanalisisperiodistico.com\/index.php\/wp-json\/wp\/v2\/comments?post=13497"}],"version-history":[{"count":1,"href":"https:\/\/contextoanalisisperiodistico.com\/index.php\/wp-json\/wp\/v2\/posts\/13497\/revisions"}],"predecessor-version":[{"id":13502,"href":"https:\/\/contextoanalisisperiodistico.com\/index.php\/wp-json\/wp\/v2\/posts\/13497\/revisions\/13502"}],"wp:featuredmedia":[{"embeddable":true,"href":"https:\/\/contextoanalisisperiodistico.com\/index.php\/wp-json\/wp\/v2\/media\/13498"}],"wp:attachment":[{"href":"https:\/\/contextoanalisisperiodistico.com\/index.php\/wp-json\/wp\/v2\/media?parent=13497"}],"wp:term":[{"taxonomy":"category","embeddable":true,"href":"https:\/\/contextoanalisisperiodistico.com\/index.php\/wp-json\/wp\/v2\/categories?post=13497"},{"taxonomy":"post_tag","embeddable":true,"href":"https:\/\/contextoanalisisperiodistico.com\/index.php\/wp-json\/wp\/v2\/tags?post=13497"}],"curies":[{"name":"wp","href":"https:\/\/api.w.org\/{rel}","templated":true}]}}