{"id":13445,"date":"2023-05-17T16:06:44","date_gmt":"2023-05-17T22:06:44","guid":{"rendered":"https:\/\/contextoanalisisperiodistico.com\/index.php\/2023\/05\/17\/menor-extraviado-en-la-central-de-abasto-localizado-por-la-policia-capitalina\/"},"modified":"2023-05-17T16:06:44","modified_gmt":"2023-05-17T22:06:44","slug":"menor-extraviado-en-la-central-de-abasto-localizado-por-la-policia-capitalina","status":"publish","type":"post","link":"https:\/\/contextoanalisisperiodistico.com\/index.php\/2023\/05\/17\/menor-extraviado-en-la-central-de-abasto-localizado-por-la-policia-capitalina\/","title":{"rendered":"Menor extraviado en la Central de Abasto localizado por la polic\u00eda capitalina"},"content":{"rendered":"<div id=\"fb-root\"><\/div>\n\n<p>* Resultado de una acci\u00f3n r\u00e1pida y coordinada de la policia al servicio de Oaxaca de Ju\u00e1rez <\/p>\n\n\n\n<p>Al tener conocimiento del caso, la Polic\u00eda Municipal no qued\u00f3 cruzada de brazos. En respuesta a la emergencia de ni\u00f1o extraviado, implement\u00f3 r\u00e1pidamente un operativo para dar con el paradero del menor, ubicando que lo ten\u00eda bajo resguardo una persona, quien lo hab\u00eda encontrado, pidiendo apoyo a los n\u00fameros de emergencia.<\/p>\n\n\n\n<figure class=\"wp-block-image size-large\"><img fetchpriority=\"high\" decoding=\"async\" width=\"1024\" height=\"693\" src=\"https:\/\/contextoanalisisperiodistico.com\/wp-content\/uploads\/2023\/05\/img-20230517-wa00504958158736899118231-1024x693.jpg\" alt=\"\" class=\"wp-image-13444\" srcset=\"https:\/\/contextoanalisisperiodistico.com\/wp-content\/uploads\/2023\/05\/img-20230517-wa00504958158736899118231-1024x693.jpg 1024w, https:\/\/contextoanalisisperiodistico.com\/wp-content\/uploads\/2023\/05\/img-20230517-wa00504958158736899118231-300x203.jpg 300w, https:\/\/contextoanalisisperiodistico.com\/wp-content\/uploads\/2023\/05\/img-20230517-wa00504958158736899118231-768x520.jpg 768w, https:\/\/contextoanalisisperiodistico.com\/wp-content\/uploads\/2023\/05\/img-20230517-wa00504958158736899118231.jpg 1181w\" sizes=\"(max-width: 1024px) 100vw, 1024px\" \/><\/figure>\n\n\n\n<p>Una vez localizado fue resguardado y, momentos despu\u00e9s fue entregado a la madre del menor en el cuartel de la polic\u00eda municipal.<\/p>\n\n\n\n<p>La madre del menor manifest\u00f3 que por descuido perdi\u00f3 de vista a su hijo mientras realizaba compras en el mercado de Abasto, agradeciendo el apoyo brindado por los elementos de la Unidad de G\u00e9nero .<\/p>\n\n\n\n<p>Con estas acciones la polic\u00eda municipal refrenda el compromiso de proteger y servir a la comunidad.<\/p>\n","protected":false},"excerpt":{"rendered":"<p>* Resultado de una acci\u00f3n r\u00e1pida y coordinada de la policia al servicio de Oaxaca&#8230;<\/p>\n","protected":false},"author":4,"featured_media":13443,"comment_status":"","ping_status":"open","sticky":false,"template":"","format":"standard","meta":{"footnotes":""},"categories":[10],"tags":[],"jetpack_sharing_enabled":true,"featured_image_urls":{"full":["https:\/\/contextoanalisisperiodistico.com\/wp-content\/uploads\/2023\/05\/IMG-20230517-WA0051.jpg",1132,855,false],"thumbnail":["https:\/\/contextoanalisisperiodistico.com\/wp-content\/uploads\/2023\/05\/IMG-20230517-WA0051-150x150.jpg",150,150,true],"medium":["https:\/\/contextoanalisisperiodistico.com\/wp-content\/uploads\/2023\/05\/IMG-20230517-WA0051-300x227.jpg",300,227,true],"medium_large":["https:\/\/contextoanalisisperiodistico.com\/wp-content\/uploads\/2023\/05\/IMG-20230517-WA0051-768x580.jpg",640,483,true],"large":["https:\/\/contextoanalisisperiodistico.com\/wp-content\/uploads\/2023\/05\/IMG-20230517-WA0051-1024x773.jpg",640,483,true],"1536x1536":["https:\/\/contextoanalisisperiodistico.com\/wp-content\/uploads\/2023\/05\/IMG-20230517-WA0051.jpg",1132,855,false],"2048x2048":["https:\/\/contextoanalisisperiodistico.com\/wp-content\/uploads\/2023\/05\/IMG-20230517-WA0051.jpg",1132,855,false],"covernews-slider-full":["https:\/\/contextoanalisisperiodistico.com\/wp-content\/uploads\/2023\/05\/IMG-20230517-WA0051-1115x715.jpg",1115,715,true],"covernews-slider-center":["https:\/\/contextoanalisisperiodistico.com\/wp-content\/uploads\/2023\/05\/IMG-20230517-WA0051-800x500.jpg",800,500,true],"covernews-featured":["https:\/\/contextoanalisisperiodistico.com\/wp-content\/uploads\/2023\/05\/IMG-20230517-WA0051-1024x773.jpg",1024,773,true],"covernews-medium":["https:\/\/contextoanalisisperiodistico.com\/wp-content\/uploads\/2023\/05\/IMG-20230517-WA0051-540x340.jpg",540,340,true],"covernews-medium-square":["https:\/\/contextoanalisisperiodistico.com\/wp-content\/uploads\/2023\/05\/IMG-20230517-WA0051-400x250.jpg",400,250,true]},"author_info":{"display_name":"Mario Gir\u00f3n","author_link":"https:\/\/contextoanalisisperiodistico.com\/index.php\/author\/director\/"},"category_info":"<a href=\"https:\/\/contextoanalisisperiodistico.com\/index.php\/category\/seguridad\/\" rel=\"category tag\">Seguridad<\/a>","tag_info":"Seguridad","comment_count":"0","jetpack_featured_media_url":"https:\/\/contextoanalisisperiodistico.com\/wp-content\/uploads\/2023\/05\/IMG-20230517-WA0051.jpg","_links":{"self":[{"href":"https:\/\/contextoanalisisperiodistico.com\/index.php\/wp-json\/wp\/v2\/posts\/13445"}],"collection":[{"href":"https:\/\/contextoanalisisperiodistico.com\/index.php\/wp-json\/wp\/v2\/posts"}],"about":[{"href":"https:\/\/contextoanalisisperiodistico.com\/index.php\/wp-json\/wp\/v2\/types\/post"}],"author":[{"embeddable":true,"href":"https:\/\/contextoanalisisperiodistico.com\/index.php\/wp-json\/wp\/v2\/users\/4"}],"replies":[{"embeddable":true,"href":"https:\/\/contextoanalisisperiodistico.com\/index.php\/wp-json\/wp\/v2\/comments?post=13445"}],"version-history":[{"count":0,"href":"https:\/\/contextoanalisisperiodistico.com\/index.php\/wp-json\/wp\/v2\/posts\/13445\/revisions"}],"wp:featuredmedia":[{"embeddable":true,"href":"https:\/\/contextoanalisisperiodistico.com\/index.php\/wp-json\/wp\/v2\/media\/13443"}],"wp:attachment":[{"href":"https:\/\/contextoanalisisperiodistico.com\/index.php\/wp-json\/wp\/v2\/media?parent=13445"}],"wp:term":[{"taxonomy":"category","embeddable":true,"href":"https:\/\/contextoanalisisperiodistico.com\/index.php\/wp-json\/wp\/v2\/categories?post=13445"},{"taxonomy":"post_tag","embeddable":true,"href":"https:\/\/contextoanalisisperiodistico.com\/index.php\/wp-json\/wp\/v2\/tags?post=13445"}],"curies":[{"name":"wp","href":"https:\/\/api.w.org\/{rel}","templated":true}]}}