{"id":13442,"date":"2023-05-17T13:57:29","date_gmt":"2023-05-17T19:57:29","guid":{"rendered":"https:\/\/contextoanalisisperiodistico.com\/index.php\/2023\/05\/17\/el-mejor-aliado-financiero-de-oaxaca-monte-de-piedad\/"},"modified":"2023-05-17T13:57:29","modified_gmt":"2023-05-17T19:57:29","slug":"el-mejor-aliado-financiero-de-oaxaca-monte-de-piedad","status":"publish","type":"post","link":"https:\/\/contextoanalisisperiodistico.com\/index.php\/2023\/05\/17\/el-mejor-aliado-financiero-de-oaxaca-monte-de-piedad\/","title":{"rendered":"El mejor aliado financiero de Oaxaca, Monte de Piedad"},"content":{"rendered":"<div id=\"fb-root\"><\/div>\n\n<p>\u2022 Comprometido con el bienestar de las familias oaxaque\u00f1as ofrece pr\u00e9stamos prendarios con excelentes beneficios<\/p>\n\n\n\n<p>Oaxaca de Ju\u00e1rez, Oax. 17 de mayo de 2023.- Para enfrentar cualquier apuro econ\u00f3mico o impulsar proyectos de manera r\u00e1pida y segura, el Monte de Piedad del Estado de Oaxaca se consolida como el mejor aliado. Esta instituci\u00f3n, comprometida con el bienestar de las familias oaxaque\u00f1as ofrece pr\u00e9stamos prendarios con excelentes beneficios.<\/p>\n\n\n\n<p>Para ello, el Monte de Piedad del Estado de Oaxaca cuenta con personal altamente capacitado para realizar el aval\u00fao correcto de alhajas y art\u00edculos varios, garantizando as\u00ed un pr\u00e9stamo justo y favorable para las personas usuarias. Como instituci\u00f3n sin fines de lucro, se dedica a brindar ventajas que eviten la p\u00e9rdida de las prendas.<\/p>\n\n\n\n<p>Entre las ventajas que ofrece este organismo se encuentran la tasa de inter\u00e9s m\u00e1s baja del mercado, de uno por ciento en art\u00edculos varios y desde 1.2 por ciento en alhajas, c\u00f3modos plazos de cuatro, ocho y 12 semanas, y la posibilidad de hacer abonos desde 50 pesos para disminuir el monto a pagar y los intereses.<\/p>\n\n\n\n<p>En el caso de alhajas, se pueden hacer refrendos ilimitados si se necesita m\u00e1s tiempo al vencer el plazo de la boleta. Tambi\u00e9n se otorgan 15 d\u00edas de gracia y 7 d\u00edas de resguardo.<\/p>\n\n\n\n<p>Adem\u00e1s, el Monte de Piedad del Estado de Oaxaca ofrece en el \u00e1rea de almoneda la opci\u00f3n de compra-empe\u00f1o, que consiste en adquirir una prenda (alhajas o art\u00edculos varios) en venta, realizando el empe\u00f1o de la misma en el plazo que las y los clienten elijan.<\/p>\n\n\n\n<p>El objetivo de la instituci\u00f3n es apoyar a las familias oaxaque\u00f1as en todo momento, por lo que se invita a visitar la Oficina Matriz ubicada en Calle Morelos 703, Col. Centro, de lunes a viernes de 8:30 a 16:00 horas y s\u00e1bados de 9:00 a 13:30 horas, o bien cualquiera de las 21 sucursales en el estado.<\/p>\n","protected":false},"excerpt":{"rendered":"<p>\u2022 Comprometido con el bienestar de las familias oaxaque\u00f1as ofrece pr\u00e9stamos prendarios con excelentes beneficios&#8230;<\/p>\n","protected":false},"author":4,"featured_media":13441,"comment_status":"","ping_status":"open","sticky":false,"template":"","format":"standard","meta":{"footnotes":""},"categories":[9],"tags":[],"jetpack_sharing_enabled":true,"featured_image_urls":{"full":["https:\/\/contextoanalisisperiodistico.com\/wp-content\/uploads\/2023\/05\/IMG-20230517-WA0031.jpg",1080,1080,false],"thumbnail":["https:\/\/contextoanalisisperiodistico.com\/wp-content\/uploads\/2023\/05\/IMG-20230517-WA0031-150x150.jpg",150,150,true],"medium":["https:\/\/contextoanalisisperiodistico.com\/wp-content\/uploads\/2023\/05\/IMG-20230517-WA0031-300x300.jpg",300,300,true],"medium_large":["https:\/\/contextoanalisisperiodistico.com\/wp-content\/uploads\/2023\/05\/IMG-20230517-WA0031-768x768.jpg",640,640,true],"large":["https:\/\/contextoanalisisperiodistico.com\/wp-content\/uploads\/2023\/05\/IMG-20230517-WA0031-1024x1024.jpg",640,640,true],"1536x1536":["https:\/\/contextoanalisisperiodistico.com\/wp-content\/uploads\/2023\/05\/IMG-20230517-WA0031.jpg",1080,1080,false],"2048x2048":["https:\/\/contextoanalisisperiodistico.com\/wp-content\/uploads\/2023\/05\/IMG-20230517-WA0031.jpg",1080,1080,false],"covernews-slider-full":["https:\/\/contextoanalisisperiodistico.com\/wp-content\/uploads\/2023\/05\/IMG-20230517-WA0031-1080x715.jpg",1080,715,true],"covernews-slider-center":["https:\/\/contextoanalisisperiodistico.com\/wp-content\/uploads\/2023\/05\/IMG-20230517-WA0031-800x500.jpg",800,500,true],"covernews-featured":["https:\/\/contextoanalisisperiodistico.com\/wp-content\/uploads\/2023\/05\/IMG-20230517-WA0031-1024x1024.jpg",1024,1024,true],"covernews-medium":["https:\/\/contextoanalisisperiodistico.com\/wp-content\/uploads\/2023\/05\/IMG-20230517-WA0031-540x340.jpg",540,340,true],"covernews-medium-square":["https:\/\/contextoanalisisperiodistico.com\/wp-content\/uploads\/2023\/05\/IMG-20230517-WA0031-400x250.jpg",400,250,true]},"author_info":{"display_name":"Mario Gir\u00f3n","author_link":"https:\/\/contextoanalisisperiodistico.com\/index.php\/author\/director\/"},"category_info":"<a href=\"https:\/\/contextoanalisisperiodistico.com\/index.php\/category\/politica\/\" rel=\"category tag\">Pol\u00edtica<\/a>","tag_info":"Pol\u00edtica","comment_count":"0","jetpack_featured_media_url":"https:\/\/contextoanalisisperiodistico.com\/wp-content\/uploads\/2023\/05\/IMG-20230517-WA0031.jpg","_links":{"self":[{"href":"https:\/\/contextoanalisisperiodistico.com\/index.php\/wp-json\/wp\/v2\/posts\/13442"}],"collection":[{"href":"https:\/\/contextoanalisisperiodistico.com\/index.php\/wp-json\/wp\/v2\/posts"}],"about":[{"href":"https:\/\/contextoanalisisperiodistico.com\/index.php\/wp-json\/wp\/v2\/types\/post"}],"author":[{"embeddable":true,"href":"https:\/\/contextoanalisisperiodistico.com\/index.php\/wp-json\/wp\/v2\/users\/4"}],"replies":[{"embeddable":true,"href":"https:\/\/contextoanalisisperiodistico.com\/index.php\/wp-json\/wp\/v2\/comments?post=13442"}],"version-history":[{"count":0,"href":"https:\/\/contextoanalisisperiodistico.com\/index.php\/wp-json\/wp\/v2\/posts\/13442\/revisions"}],"wp:featuredmedia":[{"embeddable":true,"href":"https:\/\/contextoanalisisperiodistico.com\/index.php\/wp-json\/wp\/v2\/media\/13441"}],"wp:attachment":[{"href":"https:\/\/contextoanalisisperiodistico.com\/index.php\/wp-json\/wp\/v2\/media?parent=13442"}],"wp:term":[{"taxonomy":"category","embeddable":true,"href":"https:\/\/contextoanalisisperiodistico.com\/index.php\/wp-json\/wp\/v2\/categories?post=13442"},{"taxonomy":"post_tag","embeddable":true,"href":"https:\/\/contextoanalisisperiodistico.com\/index.php\/wp-json\/wp\/v2\/tags?post=13442"}],"curies":[{"name":"wp","href":"https:\/\/api.w.org\/{rel}","templated":true}]}}