{"id":13430,"date":"2023-05-17T07:01:46","date_gmt":"2023-05-17T13:01:46","guid":{"rendered":"https:\/\/contextoanalisisperiodistico.com\/?p=13430"},"modified":"2023-05-17T07:09:26","modified_gmt":"2023-05-17T13:09:26","slug":"incapacidad-estatal-y-federal-para-resolver-conflicto-magisterial-pan","status":"publish","type":"post","link":"https:\/\/contextoanalisisperiodistico.com\/index.php\/2023\/05\/17\/incapacidad-estatal-y-federal-para-resolver-conflicto-magisterial-pan\/","title":{"rendered":"Incapacidad estatal y federal para resolver conflicto magisterial: PAN"},"content":{"rendered":"<div id=\"fb-root\"><\/div>\n\n<p><br \/>*Calific\u00f3 dirigente estatal panista, Perla Woolrich de delincuentes electorales a las \u201ccorcholatas\u201d<\/p>\n\n\n\n<p>Comunicado: La dirigente estatal del Partido Acci\u00f3n Nacional, Perla Woolrich Fern\u00e1ndez lament\u00f3 que los gobiernos federal y estatal en vez de atender las justas demandas laborales del magisterio sean recibidos en Palacio Nacional con cientos de polic\u00edas antimotines y en Oaxaca se cierren al di\u00e1logo.<\/p>\n\n\n\n<p>\u201cHoy vemos regresar al Centro Hist\u00f3rico de la capital y al aeropuerto los bloqueos, plantones y campamentos, que no se ve\u00edan desde hac\u00eda cinco a\u00f1os, aunque prometieron ser diferentes\u201d.<\/p>\n\n\n\n<p>En su conferencia semanal \u201cLa hora del PAN y el Caf\u00e9\u201d, la dirigente consider\u00f3 insuficiente el aumento del 8% al salario de los maestros prometido desde ayer por el presidente de la Rep\u00fablica, cuando la inflaci\u00f3n subi\u00f3 10%.<\/p>\n\n\n\n<p>\u201cDe qu\u00e9 alcanzan esos aumentos, cuando los precios de la canasta b\u00e1sica est\u00e1n por las nubes, y lo s\u00e9 porque voy al mercado a comprar mi despensa, y sabemos los altos precios de todo\u201d.<\/p>\n\n\n\n<p>Entonces es rid\u00edculo que por un lado les ofrezca poco y con eso piense que va a resolver sus problemas y por otro lado que estuviera atiborrado de antimotines, en vez de recibirlos y evitar los conatos de violencia que se dieron muy temprano, agreg\u00f3.<\/p>\n\n\n\n<p>\u201cEl problema se puede alargar ante la incapacidad e insensibilidad del gobierno estatal y la soberbia del presidente AMLO, a quien solo le importan los votos que le puedan dar el magisterio\u201d<\/p>\n\n\n\n<p>Dijo que, a Amlo \u201cle urge tener sus votos ante la fracasada administraci\u00f3n que dejar\u00e1, terminar\u00e1 por doblar las manos, porque a \u00e9l y a morena solo le interesan todos los votos del magisterio\u201d.<\/p>\n\n\n\n<p>Las marchas magisteriales \u201csiempre son para el mejoramiento de las condiciones de vida acompa\u00f1adas de un aumento en salario\u201d.<\/p>\n\n\n\n<p>Lament\u00f3 que, por estos temas laborales, no se hable de dignificar la educaci\u00f3n, no se diga nada de los libros de texto que ahora van a estudiar la ni\u00f1ez mexicana y seg\u00fan se sabe ya hablan de personajes, gobiernos tiranos, d\u00e9spotas a quienes se les quiere convertir en h\u00e9roes\u201d.<\/p>\n\n\n\n<p>Consider\u00f3 que las y los maestros tienen raz\u00f3n en rechazar el aumento, \u201cporque no es justo que en el gobierno haya una corrupci\u00f3n tremenda, como es un general que se dio vida de lujo, un departamento de 30 mdp, viajes a Europa y no haya para dar salarios dignos\u201d.<\/p>\n\n\n\n<p>Por otro lado, consider\u00f3 que las recientes giras de las llamadas \u201ccorcholatas\u201d como el canciller Marcelo Ebrard y la jefa de gobierno Claudia Sheinbaum, \u201ces una evidencia de cinismo, de actos anticipados de campa\u00f1a, de violaciones a la Constituci\u00f3n que los convierte en delincuentes electorales\u201d.<\/p>\n\n\n\n<p>Dijo que se suma a la demanda de la corcholata Marcelo Ebrard de que el gobernador Salom\u00f3n Jara pida licencia y se vaya a coordinar la campa\u00f1a de Claudia Sheinbaum<\/p>\n","protected":false},"excerpt":{"rendered":"<p>*Calific\u00f3 dirigente estatal panista, Perla Woolrich de delincuentes electorales a las \u201ccorcholatas\u201d Comunicado: La dirigente&#8230;<\/p>\n","protected":false},"author":4,"featured_media":13431,"comment_status":"closed","ping_status":"open","sticky":false,"template":"","format":"standard","meta":{"footnotes":""},"categories":[3],"tags":[],"jetpack_sharing_enabled":true,"featured_image_urls":{"full":["https:\/\/contextoanalisisperiodistico.com\/wp-content\/uploads\/2023\/05\/IMG-20230516-WA0092.jpg",1024,890,false],"thumbnail":["https:\/\/contextoanalisisperiodistico.com\/wp-content\/uploads\/2023\/05\/IMG-20230516-WA0092-150x150.jpg",150,150,true],"medium":["https:\/\/contextoanalisisperiodistico.com\/wp-content\/uploads\/2023\/05\/IMG-20230516-WA0092-300x261.jpg",300,261,true],"medium_large":["https:\/\/contextoanalisisperiodistico.com\/wp-content\/uploads\/2023\/05\/IMG-20230516-WA0092-768x668.jpg",640,557,true],"large":["https:\/\/contextoanalisisperiodistico.com\/wp-content\/uploads\/2023\/05\/IMG-20230516-WA0092.jpg",640,556,false],"1536x1536":["https:\/\/contextoanalisisperiodistico.com\/wp-content\/uploads\/2023\/05\/IMG-20230516-WA0092.jpg",1024,890,false],"2048x2048":["https:\/\/contextoanalisisperiodistico.com\/wp-content\/uploads\/2023\/05\/IMG-20230516-WA0092.jpg",1024,890,false],"covernews-slider-full":["https:\/\/contextoanalisisperiodistico.com\/wp-content\/uploads\/2023\/05\/IMG-20230516-WA0092-1024x715.jpg",1024,715,true],"covernews-slider-center":["https:\/\/contextoanalisisperiodistico.com\/wp-content\/uploads\/2023\/05\/IMG-20230516-WA0092-800x500.jpg",800,500,true],"covernews-featured":["https:\/\/contextoanalisisperiodistico.com\/wp-content\/uploads\/2023\/05\/IMG-20230516-WA0092.jpg",1024,890,false],"covernews-medium":["https:\/\/contextoanalisisperiodistico.com\/wp-content\/uploads\/2023\/05\/IMG-20230516-WA0092-540x340.jpg",540,340,true],"covernews-medium-square":["https:\/\/contextoanalisisperiodistico.com\/wp-content\/uploads\/2023\/05\/IMG-20230516-WA0092-400x250.jpg",400,250,true]},"author_info":{"display_name":"Mario Gir\u00f3n","author_link":"https:\/\/contextoanalisisperiodistico.com\/index.php\/author\/director\/"},"category_info":"<a href=\"https:\/\/contextoanalisisperiodistico.com\/index.php\/category\/ciudad\/\" rel=\"category tag\">Ciudad<\/a>","tag_info":"Ciudad","comment_count":"0","jetpack_featured_media_url":"https:\/\/contextoanalisisperiodistico.com\/wp-content\/uploads\/2023\/05\/IMG-20230516-WA0092.jpg","_links":{"self":[{"href":"https:\/\/contextoanalisisperiodistico.com\/index.php\/wp-json\/wp\/v2\/posts\/13430"}],"collection":[{"href":"https:\/\/contextoanalisisperiodistico.com\/index.php\/wp-json\/wp\/v2\/posts"}],"about":[{"href":"https:\/\/contextoanalisisperiodistico.com\/index.php\/wp-json\/wp\/v2\/types\/post"}],"author":[{"embeddable":true,"href":"https:\/\/contextoanalisisperiodistico.com\/index.php\/wp-json\/wp\/v2\/users\/4"}],"replies":[{"embeddable":true,"href":"https:\/\/contextoanalisisperiodistico.com\/index.php\/wp-json\/wp\/v2\/comments?post=13430"}],"version-history":[{"count":2,"href":"https:\/\/contextoanalisisperiodistico.com\/index.php\/wp-json\/wp\/v2\/posts\/13430\/revisions"}],"predecessor-version":[{"id":13433,"href":"https:\/\/contextoanalisisperiodistico.com\/index.php\/wp-json\/wp\/v2\/posts\/13430\/revisions\/13433"}],"wp:featuredmedia":[{"embeddable":true,"href":"https:\/\/contextoanalisisperiodistico.com\/index.php\/wp-json\/wp\/v2\/media\/13431"}],"wp:attachment":[{"href":"https:\/\/contextoanalisisperiodistico.com\/index.php\/wp-json\/wp\/v2\/media?parent=13430"}],"wp:term":[{"taxonomy":"category","embeddable":true,"href":"https:\/\/contextoanalisisperiodistico.com\/index.php\/wp-json\/wp\/v2\/categories?post=13430"},{"taxonomy":"post_tag","embeddable":true,"href":"https:\/\/contextoanalisisperiodistico.com\/index.php\/wp-json\/wp\/v2\/tags?post=13430"}],"curies":[{"name":"wp","href":"https:\/\/api.w.org\/{rel}","templated":true}]}}