{"id":13429,"date":"2023-05-17T06:57:06","date_gmt":"2023-05-17T12:57:06","guid":{"rendered":"https:\/\/contextoanalisisperiodistico.com\/index.php\/2023\/05\/17\/detencion-de-dos-presuntos-infractores-de-la-ley-en-la-ciudad\/"},"modified":"2023-05-17T06:57:06","modified_gmt":"2023-05-17T12:57:06","slug":"detencion-de-dos-presuntos-infractores-de-la-ley-en-la-ciudad","status":"publish","type":"post","link":"https:\/\/contextoanalisisperiodistico.com\/index.php\/2023\/05\/17\/detencion-de-dos-presuntos-infractores-de-la-ley-en-la-ciudad\/","title":{"rendered":"Detenci\u00f3n de dos presuntos infractores de la ley en la ciudad"},"content":{"rendered":"<div id=\"fb-root\"><\/div>\n\n<p><br>*Fueron puestos a disposici\u00f3n de la Fiscal\u00eda General del Estado.<\/p>\n\n\n\n<p><br>Polic\u00edas municipales adscritos a la Unidad Motorizada de Acci\u00f3n R\u00e1pida (UMAR) efectuaron la detenci\u00f3n de una persona como presunta responsable del delito de resistencia de particulares, as\u00ed como aseguraron la motocicleta que conduc\u00eda.<br>La intervenci\u00f3n ocurri\u00f3 el lunes en la calle de Morelos y Reforma, del centro de la ciudad.<br>Al realizar acciones de prevenci\u00f3n del delito, los elementos de la UMAR se percataron que una persona conduc\u00eda una motocicleta marca Italika, la cual no portaba la llave de encendido, marc\u00e1ndole el alto a trav\u00e9s de comandos verbales en Morelos y Pino Su\u00e1rez.<br>La persona hizo caso omiso y aceler\u00f3 su marcha; fue en Morelos y Reforma donde se apag\u00f3 su veh\u00edculo por lo cual se detuvo.<br>En ese momento, observaron que los cables del encendido se encontraban puenteados, por lo cual le solicitaron alg\u00fan documento para acreditar la propiedad de la motocicleta.<br>Sin embargo, en todo momento se mostr\u00f3 agresivo. Al descender, sujet\u00f3 a un elemento del uniforme y trat\u00f3 de derribarlo, por lo cual fue controlado bajo el protocolo de actuaci\u00f3n policial, indicando llamarse David C. S., de 27 a\u00f1os de edad.<br>El detenido y la motocicleta quedaron a disposici\u00f3n de la Fiscal\u00eda General del Estado como presunto responsable del delito de resistencia de particulares.<br><em>Detiene a persona al ser se\u00f1alada como presunta responsable del delito de robo<\/em><br>Elementos de la Polic\u00eda Municipal efectuaron la detenci\u00f3n de una persona al ser se\u00f1alada como presunta responsable del delito de robo.<br>La detenci\u00f3n de quien dijo llamarse Antonio V. T., de 43 a\u00f1os de edad, ocurri\u00f3 el lunes a las 09:20 horas.<br>La movilizaci\u00f3n de los elementos de Proximidad Social se dio luego de la llamada de auxilio de una joven, quien dijo que un sujeto le hab\u00eda arrebatado su tel\u00e9fono celular mientras caminaba en la calle Eulalio Guti\u00e9rrez de la colonia Miguel Alem\u00e1n.<br>Los elementos se trasladaron al lugar y ubicaron a un grupo de personas que rodeaban a un sujeto en la calle Vicente Guerrero e Ignacio Comonfort, de la misma colonia.<br>Al arribar, una mujer de 22 a\u00f1os, que cargaba a su hijo en brazos, se\u00f1al\u00f3 al sujeto retenido como el mismo que momentos antes le hab\u00eda arrebatado su tel\u00e9fono celular, por lo cual pidi\u00f3 ayuda a los vecinos, quienes lo retuvieron unas cuadras adelante y recuperaron su tel\u00e9fono.<br>Ante el se\u00f1alamiento directo, procedieron a la detenci\u00f3n del presunto responsable, a quien le fue brindada atenci\u00f3n m\u00e9dica por las lesiones que presentaba en el rostro.<br>El detenido qued\u00f3 a disposici\u00f3n de la Fiscal\u00eda General del Estado para determinar su situaci\u00f3n jur\u00eddica.<\/p>\n\n\n\n<figure class=\"wp-block-image size-large\"><img fetchpriority=\"high\" decoding=\"async\" width=\"1024\" height=\"768\" src=\"https:\/\/contextoanalisisperiodistico.com\/wp-content\/uploads\/2023\/05\/img-20230516-wa00951563826405374684408-1024x768.jpg\" alt=\"\" class=\"wp-image-13428\" srcset=\"https:\/\/contextoanalisisperiodistico.com\/wp-content\/uploads\/2023\/05\/img-20230516-wa00951563826405374684408-1024x768.jpg 1024w, https:\/\/contextoanalisisperiodistico.com\/wp-content\/uploads\/2023\/05\/img-20230516-wa00951563826405374684408-300x225.jpg 300w, https:\/\/contextoanalisisperiodistico.com\/wp-content\/uploads\/2023\/05\/img-20230516-wa00951563826405374684408-768x576.jpg 768w, https:\/\/contextoanalisisperiodistico.com\/wp-content\/uploads\/2023\/05\/img-20230516-wa00951563826405374684408-1536x1152.jpg 1536w, https:\/\/contextoanalisisperiodistico.com\/wp-content\/uploads\/2023\/05\/img-20230516-wa00951563826405374684408.jpg 1600w\" sizes=\"(max-width: 1024px) 100vw, 1024px\" \/><\/figure>\n","protected":false},"excerpt":{"rendered":"<p>*Fueron puestos a disposici\u00f3n de la Fiscal\u00eda General del Estado. Polic\u00edas municipales adscritos a la&#8230;<\/p>\n","protected":false},"author":4,"featured_media":13427,"comment_status":"","ping_status":"open","sticky":false,"template":"","format":"standard","meta":{"footnotes":""},"categories":[10],"tags":[],"jetpack_sharing_enabled":true,"featured_image_urls":{"full":["https:\/\/contextoanalisisperiodistico.com\/wp-content\/uploads\/2023\/05\/IMG-20230516-WA0094.jpg",879,597,false],"thumbnail":["https:\/\/contextoanalisisperiodistico.com\/wp-content\/uploads\/2023\/05\/IMG-20230516-WA0094-150x150.jpg",150,150,true],"medium":["https:\/\/contextoanalisisperiodistico.com\/wp-content\/uploads\/2023\/05\/IMG-20230516-WA0094-300x204.jpg",300,204,true],"medium_large":["https:\/\/contextoanalisisperiodistico.com\/wp-content\/uploads\/2023\/05\/IMG-20230516-WA0094-768x522.jpg",640,435,true],"large":["https:\/\/contextoanalisisperiodistico.com\/wp-content\/uploads\/2023\/05\/IMG-20230516-WA0094.jpg",640,435,false],"1536x1536":["https:\/\/contextoanalisisperiodistico.com\/wp-content\/uploads\/2023\/05\/IMG-20230516-WA0094.jpg",879,597,false],"2048x2048":["https:\/\/contextoanalisisperiodistico.com\/wp-content\/uploads\/2023\/05\/IMG-20230516-WA0094.jpg",879,597,false],"covernews-slider-full":["https:\/\/contextoanalisisperiodistico.com\/wp-content\/uploads\/2023\/05\/IMG-20230516-WA0094.jpg",879,597,false],"covernews-slider-center":["https:\/\/contextoanalisisperiodistico.com\/wp-content\/uploads\/2023\/05\/IMG-20230516-WA0094-800x500.jpg",800,500,true],"covernews-featured":["https:\/\/contextoanalisisperiodistico.com\/wp-content\/uploads\/2023\/05\/IMG-20230516-WA0094.jpg",879,597,false],"covernews-medium":["https:\/\/contextoanalisisperiodistico.com\/wp-content\/uploads\/2023\/05\/IMG-20230516-WA0094-540x340.jpg",540,340,true],"covernews-medium-square":["https:\/\/contextoanalisisperiodistico.com\/wp-content\/uploads\/2023\/05\/IMG-20230516-WA0094-400x250.jpg",400,250,true]},"author_info":{"display_name":"Mario Gir\u00f3n","author_link":"https:\/\/contextoanalisisperiodistico.com\/index.php\/author\/director\/"},"category_info":"<a href=\"https:\/\/contextoanalisisperiodistico.com\/index.php\/category\/seguridad\/\" rel=\"category tag\">Seguridad<\/a>","tag_info":"Seguridad","comment_count":"0","jetpack_featured_media_url":"https:\/\/contextoanalisisperiodistico.com\/wp-content\/uploads\/2023\/05\/IMG-20230516-WA0094.jpg","_links":{"self":[{"href":"https:\/\/contextoanalisisperiodistico.com\/index.php\/wp-json\/wp\/v2\/posts\/13429"}],"collection":[{"href":"https:\/\/contextoanalisisperiodistico.com\/index.php\/wp-json\/wp\/v2\/posts"}],"about":[{"href":"https:\/\/contextoanalisisperiodistico.com\/index.php\/wp-json\/wp\/v2\/types\/post"}],"author":[{"embeddable":true,"href":"https:\/\/contextoanalisisperiodistico.com\/index.php\/wp-json\/wp\/v2\/users\/4"}],"replies":[{"embeddable":true,"href":"https:\/\/contextoanalisisperiodistico.com\/index.php\/wp-json\/wp\/v2\/comments?post=13429"}],"version-history":[{"count":0,"href":"https:\/\/contextoanalisisperiodistico.com\/index.php\/wp-json\/wp\/v2\/posts\/13429\/revisions"}],"wp:featuredmedia":[{"embeddable":true,"href":"https:\/\/contextoanalisisperiodistico.com\/index.php\/wp-json\/wp\/v2\/media\/13427"}],"wp:attachment":[{"href":"https:\/\/contextoanalisisperiodistico.com\/index.php\/wp-json\/wp\/v2\/media?parent=13429"}],"wp:term":[{"taxonomy":"category","embeddable":true,"href":"https:\/\/contextoanalisisperiodistico.com\/index.php\/wp-json\/wp\/v2\/categories?post=13429"},{"taxonomy":"post_tag","embeddable":true,"href":"https:\/\/contextoanalisisperiodistico.com\/index.php\/wp-json\/wp\/v2\/tags?post=13429"}],"curies":[{"name":"wp","href":"https:\/\/api.w.org\/{rel}","templated":true}]}}