{"id":13426,"date":"2023-05-16T18:27:35","date_gmt":"2023-05-17T00:27:35","guid":{"rendered":"https:\/\/contextoanalisisperiodistico.com\/index.php\/2023\/05\/16\/presunto-abusador-sexual-en-poder-de-la-policia-capitalina\/"},"modified":"2023-05-16T18:27:35","modified_gmt":"2023-05-17T00:27:35","slug":"presunto-abusador-sexual-en-poder-de-la-policia-capitalina","status":"publish","type":"post","link":"https:\/\/contextoanalisisperiodistico.com\/index.php\/2023\/05\/16\/presunto-abusador-sexual-en-poder-de-la-policia-capitalina\/","title":{"rendered":"Presunto abusador sexual en poder de la polic\u00eda capitalina"},"content":{"rendered":"<div id=\"fb-root\"><\/div>\n\n<p>*La Polic\u00eda Municipal atendi\u00f3 el llamado de auxilio del C-4. y oper\u00f3 de manera inmediata.<\/p>\n\n\n\n<p>Oaxaca de Ju\u00e1rez, Oax., 16 de mayo de 2023. Polic\u00edas Municipales adscritos a la Unidad Motorizada de Acci\u00f3n R\u00e1pida (UMAR) efectuaron la detenci\u00f3n de una persona adulta mayor al ser se\u00f1alada como presunta responsable del delito de abuso sexual.<\/p>\n\n\n\n<p>El secretario de Seguridad Ciudadana, Movilidad y Protecci\u00f3n Civil, Ra\u00fal \u00c1vila Ibarra, dio a conocer que la intervenci\u00f3n ocurri\u00f3 este martes a las 06:30 horas, en la terminal de primera clase, ubicada en el barrio de Jalatlaco.<\/p>\n\n\n\n<p>A esa hora los elementos atendieron el llamado de auxilio del C-4, indicando que en un autob\u00fas que proven\u00eda del Istmo de Tehuantepec, ten\u00edan retenido a un pasajero.<br \/>Debido a ello se trasladaron a la terminal de primera clase, donde personal de seguridad los gui\u00f3 al \u00e1rea de andenes, lugar al que arrib\u00f3 el autob\u00fas.<br \/>Ah\u00ed fueron abordados por una joven quien indic\u00f3 que la persona que viajaba en el asiento junto a ella, le hab\u00eda tocado sus partes \u00edntimas mientras dorm\u00eda, por lo cual alert\u00f3 al conductor.<br \/>\u00c9ste, de inmediato, se comunic\u00f3 a su base para pedir apoyo policial, mientras que el pasajero acusado pidi\u00f3 bajar antes de la terminal; pero le fue negado el descenso.<\/p>\n\n\n\n<p>Ante el se\u00f1alamiento de la ofendida procedieron a la detenci\u00f3n del presunto responsable, quien dijo llamarse Mario R. J., de 63 a\u00f1os de edad, mismo que fue consignado a la Fiscal\u00eda General del Estado como presunto responsable del delito de abuso sexual.<\/p>\n\n\n\n<p>Entre sus pertenencias los polic\u00edas hallaron dos billetes, uno de 200 pesos y otro de 500, al parecer falsos, por lo que tambi\u00e9n quedaron a disposici\u00f3n del Ministerio P\u00fablico.<\/p>\n\n\n\n<p>Con estas acciones la Polic\u00eda Municipal refrenda su compromiso de proteger y servir a la comunidad.<\/p>\n","protected":false},"excerpt":{"rendered":"<p>*La Polic\u00eda Municipal atendi\u00f3 el llamado de auxilio del C-4. y oper\u00f3 de manera inmediata&#8230;.<\/p>\n","protected":false},"author":4,"featured_media":13425,"comment_status":"","ping_status":"open","sticky":false,"template":"","format":"standard","meta":{"footnotes":""},"categories":[3],"tags":[],"jetpack_sharing_enabled":true,"featured_image_urls":{"full":["https:\/\/contextoanalisisperiodistico.com\/wp-content\/uploads\/2023\/05\/IMG-20230516-WA0081.jpg",1280,1122,false],"thumbnail":["https:\/\/contextoanalisisperiodistico.com\/wp-content\/uploads\/2023\/05\/IMG-20230516-WA0081-150x150.jpg",150,150,true],"medium":["https:\/\/contextoanalisisperiodistico.com\/wp-content\/uploads\/2023\/05\/IMG-20230516-WA0081-300x263.jpg",300,263,true],"medium_large":["https:\/\/contextoanalisisperiodistico.com\/wp-content\/uploads\/2023\/05\/IMG-20230516-WA0081-768x673.jpg",640,561,true],"large":["https:\/\/contextoanalisisperiodistico.com\/wp-content\/uploads\/2023\/05\/IMG-20230516-WA0081-1024x898.jpg",640,561,true],"1536x1536":["https:\/\/contextoanalisisperiodistico.com\/wp-content\/uploads\/2023\/05\/IMG-20230516-WA0081.jpg",1280,1122,false],"2048x2048":["https:\/\/contextoanalisisperiodistico.com\/wp-content\/uploads\/2023\/05\/IMG-20230516-WA0081.jpg",1280,1122,false],"covernews-slider-full":["https:\/\/contextoanalisisperiodistico.com\/wp-content\/uploads\/2023\/05\/IMG-20230516-WA0081-1115x715.jpg",1115,715,true],"covernews-slider-center":["https:\/\/contextoanalisisperiodistico.com\/wp-content\/uploads\/2023\/05\/IMG-20230516-WA0081-800x500.jpg",800,500,true],"covernews-featured":["https:\/\/contextoanalisisperiodistico.com\/wp-content\/uploads\/2023\/05\/IMG-20230516-WA0081-1024x898.jpg",1024,898,true],"covernews-medium":["https:\/\/contextoanalisisperiodistico.com\/wp-content\/uploads\/2023\/05\/IMG-20230516-WA0081-540x340.jpg",540,340,true],"covernews-medium-square":["https:\/\/contextoanalisisperiodistico.com\/wp-content\/uploads\/2023\/05\/IMG-20230516-WA0081-400x250.jpg",400,250,true]},"author_info":{"display_name":"Mario Gir\u00f3n","author_link":"https:\/\/contextoanalisisperiodistico.com\/index.php\/author\/director\/"},"category_info":"<a href=\"https:\/\/contextoanalisisperiodistico.com\/index.php\/category\/ciudad\/\" rel=\"category tag\">Ciudad<\/a>","tag_info":"Ciudad","comment_count":"0","jetpack_featured_media_url":"https:\/\/contextoanalisisperiodistico.com\/wp-content\/uploads\/2023\/05\/IMG-20230516-WA0081.jpg","_links":{"self":[{"href":"https:\/\/contextoanalisisperiodistico.com\/index.php\/wp-json\/wp\/v2\/posts\/13426"}],"collection":[{"href":"https:\/\/contextoanalisisperiodistico.com\/index.php\/wp-json\/wp\/v2\/posts"}],"about":[{"href":"https:\/\/contextoanalisisperiodistico.com\/index.php\/wp-json\/wp\/v2\/types\/post"}],"author":[{"embeddable":true,"href":"https:\/\/contextoanalisisperiodistico.com\/index.php\/wp-json\/wp\/v2\/users\/4"}],"replies":[{"embeddable":true,"href":"https:\/\/contextoanalisisperiodistico.com\/index.php\/wp-json\/wp\/v2\/comments?post=13426"}],"version-history":[{"count":0,"href":"https:\/\/contextoanalisisperiodistico.com\/index.php\/wp-json\/wp\/v2\/posts\/13426\/revisions"}],"wp:featuredmedia":[{"embeddable":true,"href":"https:\/\/contextoanalisisperiodistico.com\/index.php\/wp-json\/wp\/v2\/media\/13425"}],"wp:attachment":[{"href":"https:\/\/contextoanalisisperiodistico.com\/index.php\/wp-json\/wp\/v2\/media?parent=13426"}],"wp:term":[{"taxonomy":"category","embeddable":true,"href":"https:\/\/contextoanalisisperiodistico.com\/index.php\/wp-json\/wp\/v2\/categories?post=13426"},{"taxonomy":"post_tag","embeddable":true,"href":"https:\/\/contextoanalisisperiodistico.com\/index.php\/wp-json\/wp\/v2\/tags?post=13426"}],"curies":[{"name":"wp","href":"https:\/\/api.w.org\/{rel}","templated":true}]}}