{"id":13420,"date":"2023-05-16T16:32:38","date_gmt":"2023-05-16T22:32:38","guid":{"rendered":"https:\/\/contextoanalisisperiodistico.com\/index.php\/2023\/05\/16\/lentes-gratis-en-san-pedro-y-san-pablo-teposcolula-entrega-fundacion-nino\/"},"modified":"2023-05-16T16:32:38","modified_gmt":"2023-05-16T22:32:38","slug":"lentes-gratis-en-san-pedro-y-san-pablo-teposcolula-entrega-fundacion-nino","status":"publish","type":"post","link":"https:\/\/contextoanalisisperiodistico.com\/index.php\/2023\/05\/16\/lentes-gratis-en-san-pedro-y-san-pablo-teposcolula-entrega-fundacion-nino\/","title":{"rendered":"Lentes gratis en San Pedro y San Pablo Teposcolula entrega  Fundaci\u00f3n Nino"},"content":{"rendered":"<div id=\"fb-root\"><\/div>\n\n<p>La Fundaci\u00f3n Nino, entreg\u00f3 lentes gratuitos en San Pedro y San Pablo Teposcolula, como parte de la jornada visual que realiza en todas las regiones del estado.<\/p>\n\n\n\n<p>Vecinos de esta localidad, agradecieron el apoyo brindado por la Fundaci\u00f3n Nino ya que en la primera etapa, fueron m\u00e9dicos especialistas quienes acudieron a hacerles las revisiones m\u00e9dicas para despu\u00e9s hacer la entrega de los lentes.<\/p>\n\n\n\n<p>Margarita Mat\u00edas, una de las beneficiadas, se\u00f1al\u00f3 que ninguna organizaci\u00f3n se hab\u00eda acercado a apoyarlos y por lo que hizo p\u00fablico el agradecimiento por los lentes recibidos de manera gratuita.<\/p>\n\n\n\n<p>La Fundaci\u00f3n Nino agradeci\u00f3 tambi\u00e9n la confianza brindada para los ex\u00e1menes y la entrega de los lentes, ya que tiene como objetivo elevar la calidad de vida y apoyar en la econom\u00eda familiar.<\/p>\n\n\n\n<figure class=\"wp-block-image size-large\"><img fetchpriority=\"high\" decoding=\"async\" width=\"1024\" height=\"576\" src=\"https:\/\/contextoanalisisperiodistico.com\/wp-content\/uploads\/2023\/05\/img-20230516-wa00458016110027893412843-1024x576.jpg\" alt=\"\" class=\"wp-image-13419\" srcset=\"https:\/\/contextoanalisisperiodistico.com\/wp-content\/uploads\/2023\/05\/img-20230516-wa00458016110027893412843-1024x576.jpg 1024w, https:\/\/contextoanalisisperiodistico.com\/wp-content\/uploads\/2023\/05\/img-20230516-wa00458016110027893412843-300x169.jpg 300w, https:\/\/contextoanalisisperiodistico.com\/wp-content\/uploads\/2023\/05\/img-20230516-wa00458016110027893412843-768x432.jpg 768w, https:\/\/contextoanalisisperiodistico.com\/wp-content\/uploads\/2023\/05\/img-20230516-wa00458016110027893412843.jpg 1080w\" sizes=\"(max-width: 1024px) 100vw, 1024px\" \/><\/figure>\n","protected":false},"excerpt":{"rendered":"<p>La Fundaci\u00f3n Nino, entreg\u00f3 lentes gratuitos en San Pedro y San Pablo Teposcolula, como parte&#8230;<\/p>\n","protected":false},"author":4,"featured_media":13418,"comment_status":"","ping_status":"open","sticky":false,"template":"","format":"standard","meta":{"footnotes":""},"categories":[9],"tags":[11,114],"jetpack_sharing_enabled":true,"featured_image_urls":{"full":["https:\/\/contextoanalisisperiodistico.com\/wp-content\/uploads\/2023\/05\/IMG-20230516-WA0046.jpg",1080,608,false],"thumbnail":["https:\/\/contextoanalisisperiodistico.com\/wp-content\/uploads\/2023\/05\/IMG-20230516-WA0046-150x150.jpg",150,150,true],"medium":["https:\/\/contextoanalisisperiodistico.com\/wp-content\/uploads\/2023\/05\/IMG-20230516-WA0046-300x169.jpg",300,169,true],"medium_large":["https:\/\/contextoanalisisperiodistico.com\/wp-content\/uploads\/2023\/05\/IMG-20230516-WA0046-768x432.jpg",640,360,true],"large":["https:\/\/contextoanalisisperiodistico.com\/wp-content\/uploads\/2023\/05\/IMG-20230516-WA0046-1024x576.jpg",640,360,true],"1536x1536":["https:\/\/contextoanalisisperiodistico.com\/wp-content\/uploads\/2023\/05\/IMG-20230516-WA0046.jpg",1080,608,false],"2048x2048":["https:\/\/contextoanalisisperiodistico.com\/wp-content\/uploads\/2023\/05\/IMG-20230516-WA0046.jpg",1080,608,false],"covernews-slider-full":["https:\/\/contextoanalisisperiodistico.com\/wp-content\/uploads\/2023\/05\/IMG-20230516-WA0046.jpg",1080,608,false],"covernews-slider-center":["https:\/\/contextoanalisisperiodistico.com\/wp-content\/uploads\/2023\/05\/IMG-20230516-WA0046-800x500.jpg",800,500,true],"covernews-featured":["https:\/\/contextoanalisisperiodistico.com\/wp-content\/uploads\/2023\/05\/IMG-20230516-WA0046-1024x576.jpg",1024,576,true],"covernews-medium":["https:\/\/contextoanalisisperiodistico.com\/wp-content\/uploads\/2023\/05\/IMG-20230516-WA0046-540x340.jpg",540,340,true],"covernews-medium-square":["https:\/\/contextoanalisisperiodistico.com\/wp-content\/uploads\/2023\/05\/IMG-20230516-WA0046-400x250.jpg",400,250,true]},"author_info":{"display_name":"Mario Gir\u00f3n","author_link":"https:\/\/contextoanalisisperiodistico.com\/index.php\/author\/director\/"},"category_info":"<a href=\"https:\/\/contextoanalisisperiodistico.com\/index.php\/category\/politica\/\" rel=\"category tag\">Pol\u00edtica<\/a>","tag_info":"Pol\u00edtica","comment_count":"0","jetpack_featured_media_url":"https:\/\/contextoanalisisperiodistico.com\/wp-content\/uploads\/2023\/05\/IMG-20230516-WA0046.jpg","_links":{"self":[{"href":"https:\/\/contextoanalisisperiodistico.com\/index.php\/wp-json\/wp\/v2\/posts\/13420"}],"collection":[{"href":"https:\/\/contextoanalisisperiodistico.com\/index.php\/wp-json\/wp\/v2\/posts"}],"about":[{"href":"https:\/\/contextoanalisisperiodistico.com\/index.php\/wp-json\/wp\/v2\/types\/post"}],"author":[{"embeddable":true,"href":"https:\/\/contextoanalisisperiodistico.com\/index.php\/wp-json\/wp\/v2\/users\/4"}],"replies":[{"embeddable":true,"href":"https:\/\/contextoanalisisperiodistico.com\/index.php\/wp-json\/wp\/v2\/comments?post=13420"}],"version-history":[{"count":0,"href":"https:\/\/contextoanalisisperiodistico.com\/index.php\/wp-json\/wp\/v2\/posts\/13420\/revisions"}],"wp:featuredmedia":[{"embeddable":true,"href":"https:\/\/contextoanalisisperiodistico.com\/index.php\/wp-json\/wp\/v2\/media\/13418"}],"wp:attachment":[{"href":"https:\/\/contextoanalisisperiodistico.com\/index.php\/wp-json\/wp\/v2\/media?parent=13420"}],"wp:term":[{"taxonomy":"category","embeddable":true,"href":"https:\/\/contextoanalisisperiodistico.com\/index.php\/wp-json\/wp\/v2\/categories?post=13420"},{"taxonomy":"post_tag","embeddable":true,"href":"https:\/\/contextoanalisisperiodistico.com\/index.php\/wp-json\/wp\/v2\/tags?post=13420"}],"curies":[{"name":"wp","href":"https:\/\/api.w.org\/{rel}","templated":true}]}}