{"id":13389,"date":"2023-05-15T22:07:58","date_gmt":"2023-05-16T04:07:58","guid":{"rendered":"https:\/\/contextoanalisisperiodistico.com\/?p=13389"},"modified":"2023-05-15T22:08:51","modified_gmt":"2023-05-16T04:08:51","slug":"policia-municipal-combate-a-la-delincuencia-en-oaxaca-de-juarez","status":"publish","type":"post","link":"https:\/\/contextoanalisisperiodistico.com\/index.php\/2023\/05\/15\/policia-municipal-combate-a-la-delincuencia-en-oaxaca-de-juarez\/","title":{"rendered":"Polic\u00eda municipal combate  delincuencia en Oaxaca de Ju\u00e1rez"},"content":{"rendered":"<div id=\"fb-root\"><\/div>\n\n<p>\u2022<em>Detienen a cuatro presuntos delincuentes y los ponen a disposici\u00f3n de la Fiscal\u00eda General del Estado<\/em><\/p>\n\n\n\n<p>\u2022 <em>Cohecho, robo y resistencia de particulares, son los delitos que se les imputan<\/em><\/p>\n\n\n\n<figure class=\"wp-block-image size-large\"><img fetchpriority=\"high\" decoding=\"async\" width=\"966\" height=\"864\" src=\"https:\/\/contextoanalisisperiodistico.com\/wp-content\/uploads\/2023\/05\/img-20230515-wa01226275388933429641755.jpg\" alt=\"\" class=\"wp-image-13391\" srcset=\"https:\/\/contextoanalisisperiodistico.com\/wp-content\/uploads\/2023\/05\/img-20230515-wa01226275388933429641755.jpg 966w, https:\/\/contextoanalisisperiodistico.com\/wp-content\/uploads\/2023\/05\/img-20230515-wa01226275388933429641755-300x268.jpg 300w, https:\/\/contextoanalisisperiodistico.com\/wp-content\/uploads\/2023\/05\/img-20230515-wa01226275388933429641755-768x687.jpg 768w\" sizes=\"(max-width: 966px) 100vw, 966px\" \/><\/figure>\n\n\n\n<figure class=\"wp-block-image\"><img decoding=\"async\" width=\"269\" height=\"300\" src=\"https:\/\/contextoanalisisperiodistico.com\/wp-content\/uploads\/2023\/05\/img-20230515-wa01218836956028384131900-269x300.jpg\" alt=\"\" class=\"wp-image-13392\" srcset=\"https:\/\/contextoanalisisperiodistico.com\/wp-content\/uploads\/2023\/05\/img-20230515-wa01218836956028384131900-269x300.jpg 269w, https:\/\/contextoanalisisperiodistico.com\/wp-content\/uploads\/2023\/05\/img-20230515-wa01218836956028384131900.jpg 378w\" sizes=\"(max-width: 269px) 100vw, 269px\" \/><\/figure>\n\n\n\n<figure class=\"wp-block-image\"><img decoding=\"async\" width=\"576\" height=\"1024\" src=\"https:\/\/contextoanalisisperiodistico.com\/wp-content\/uploads\/2023\/05\/img-20230515-wa01191218182473892021869-576x1024.jpg\" alt=\"\" class=\"wp-image-13393\" srcset=\"https:\/\/contextoanalisisperiodistico.com\/wp-content\/uploads\/2023\/05\/img-20230515-wa01191218182473892021869-576x1024.jpg 576w, https:\/\/contextoanalisisperiodistico.com\/wp-content\/uploads\/2023\/05\/img-20230515-wa01191218182473892021869-169x300.jpg 169w, https:\/\/contextoanalisisperiodistico.com\/wp-content\/uploads\/2023\/05\/img-20230515-wa01191218182473892021869.jpg 720w\" sizes=\"(max-width: 576px) 100vw, 576px\" \/><\/figure>\n\n\n\n<p>Oaxaca de Ju\u00e1rez, Oax., 15 de mayo de 2023: Durante el pasado fin de semana, la Polic\u00eda Municipal de Oaxaca de Ju\u00e1rez llev\u00f3 a cabo operativos exitosos que resultaron en la detenci\u00f3n de cuatro individuos involucrados en diferentes delitos. Estas acciones forman parte de los esfuerzos de la Secretar\u00eda de Seguridad Ciudadana, Movilidad y Protecci\u00f3n Civil del municipio de Oaxaca de Ju\u00e1rez para prevenir y combatir diversos delitos.<\/p>\n\n\n\n<p>En primer lugar, en la calle de Bustamante, esquina con Las Casas, agentes de la Unidad Motorizada de Acci\u00f3n R\u00e1pida (UMAR) detuvieron a una mujer que intentaba abrir una mochila perteneciente a otra persona. La intervenci\u00f3n tuvo lugar durante labores de prevenci\u00f3n del delito en esa \u00e1rea. La detenida, identificada como Margarita I. S. J., de 39 a\u00f1os de edad, ofreci\u00f3 dos mil pesos para evitar su detenci\u00f3n. Actualmente, se encuentra bajo custodia de la Fiscal\u00eda General del Estado, donde se determinar\u00e1 su situaci\u00f3n jur\u00eddica. Es importante mencionar que la detenida cuenta con 44 registros de ingreso a los separos municipales por diversas faltas administrativas y presuntos delitos.<\/p>\n\n\n\n<p>Durante otro patrullaje preventivo en el centro de la ciudad, elementos de la polic\u00eda municipal fueron abordados por una mujer que se\u00f1al\u00f3 a otra persona como responsable del robo de su tel\u00e9fono celular. La v\u00edctima solicit\u00f3 apoyo y detuvieron a Rosario M. C., de 42 a\u00f1os de edad, quien fue puesta a disposici\u00f3n de la Fiscal\u00eda General del Estado por su presunta participaci\u00f3n en el delito de robo. Seg\u00fan los registros, esta persona cuenta con 62 detenciones por faltas administrativas y presuntos delitos.<\/p>\n\n\n\n<p>Posteriormente, en otro operativo, personal de Proximidad Social detuvo a dos individuos presuntamente relacionados con el robo de un tractocami\u00f3n que transportaba alimentos Purina. El veh\u00edculo robado fue encontrado abandonado en la calle \u00c1lvaro Obreg\u00f3n, esquina con Pino Su\u00e1rez, en la agencia de Pueblo Nuevo. Posteriormente, se logr\u00f3 la detenci\u00f3n de Gerardo E. G. C., de 49 a\u00f1os de edad, y Anastacio V. M., de 31 a\u00f1os de edad, quienes viajaban en un autom\u00f3vil Nissan Sentra, quienes fueron puestos a disposici\u00f3n de la Fiscal\u00eda General del Estado como presuntos responsables del delito de resistencia de particulares.<\/p>\n\n\n\n<p>La Secretar\u00eda de Seguridad Ciudadana, Movilidad y Protecci\u00f3n Civil agradece a la ciudadan\u00eda por su colaboraci\u00f3n en la prevenci\u00f3n del delito y hace un llamado a seguir trabajando juntos para mantener la seguridad en el municipio de Oaxaca de Ju\u00e1rez.<\/p>\n","protected":false},"excerpt":{"rendered":"<p>\u2022Detienen a cuatro presuntos delincuentes y los ponen a disposici\u00f3n de la Fiscal\u00eda General del&#8230;<\/p>\n","protected":false},"author":4,"featured_media":13390,"comment_status":"closed","ping_status":"open","sticky":false,"template":"","format":"standard","meta":{"footnotes":""},"categories":[9],"tags":[],"jetpack_sharing_enabled":true,"featured_image_urls":{"full":["https:\/\/contextoanalisisperiodistico.com\/wp-content\/uploads\/2023\/05\/IMG-20230515-WA0120.jpg",988,649,false],"thumbnail":["https:\/\/contextoanalisisperiodistico.com\/wp-content\/uploads\/2023\/05\/IMG-20230515-WA0120-150x150.jpg",150,150,true],"medium":["https:\/\/contextoanalisisperiodistico.com\/wp-content\/uploads\/2023\/05\/IMG-20230515-WA0120-300x197.jpg",300,197,true],"medium_large":["https:\/\/contextoanalisisperiodistico.com\/wp-content\/uploads\/2023\/05\/IMG-20230515-WA0120-768x504.jpg",640,420,true],"large":["https:\/\/contextoanalisisperiodistico.com\/wp-content\/uploads\/2023\/05\/IMG-20230515-WA0120.jpg",640,420,false],"1536x1536":["https:\/\/contextoanalisisperiodistico.com\/wp-content\/uploads\/2023\/05\/IMG-20230515-WA0120.jpg",988,649,false],"2048x2048":["https:\/\/contextoanalisisperiodistico.com\/wp-content\/uploads\/2023\/05\/IMG-20230515-WA0120.jpg",988,649,false],"covernews-slider-full":["https:\/\/contextoanalisisperiodistico.com\/wp-content\/uploads\/2023\/05\/IMG-20230515-WA0120.jpg",988,649,false],"covernews-slider-center":["https:\/\/contextoanalisisperiodistico.com\/wp-content\/uploads\/2023\/05\/IMG-20230515-WA0120-800x500.jpg",800,500,true],"covernews-featured":["https:\/\/contextoanalisisperiodistico.com\/wp-content\/uploads\/2023\/05\/IMG-20230515-WA0120.jpg",988,649,false],"covernews-medium":["https:\/\/contextoanalisisperiodistico.com\/wp-content\/uploads\/2023\/05\/IMG-20230515-WA0120-540x340.jpg",540,340,true],"covernews-medium-square":["https:\/\/contextoanalisisperiodistico.com\/wp-content\/uploads\/2023\/05\/IMG-20230515-WA0120-400x250.jpg",400,250,true]},"author_info":{"display_name":"Mario Gir\u00f3n","author_link":"https:\/\/contextoanalisisperiodistico.com\/index.php\/author\/director\/"},"category_info":"<a href=\"https:\/\/contextoanalisisperiodistico.com\/index.php\/category\/politica\/\" rel=\"category tag\">Pol\u00edtica<\/a>","tag_info":"Pol\u00edtica","comment_count":"0","jetpack_featured_media_url":"https:\/\/contextoanalisisperiodistico.com\/wp-content\/uploads\/2023\/05\/IMG-20230515-WA0120.jpg","_links":{"self":[{"href":"https:\/\/contextoanalisisperiodistico.com\/index.php\/wp-json\/wp\/v2\/posts\/13389"}],"collection":[{"href":"https:\/\/contextoanalisisperiodistico.com\/index.php\/wp-json\/wp\/v2\/posts"}],"about":[{"href":"https:\/\/contextoanalisisperiodistico.com\/index.php\/wp-json\/wp\/v2\/types\/post"}],"author":[{"embeddable":true,"href":"https:\/\/contextoanalisisperiodistico.com\/index.php\/wp-json\/wp\/v2\/users\/4"}],"replies":[{"embeddable":true,"href":"https:\/\/contextoanalisisperiodistico.com\/index.php\/wp-json\/wp\/v2\/comments?post=13389"}],"version-history":[{"count":2,"href":"https:\/\/contextoanalisisperiodistico.com\/index.php\/wp-json\/wp\/v2\/posts\/13389\/revisions"}],"predecessor-version":[{"id":13395,"href":"https:\/\/contextoanalisisperiodistico.com\/index.php\/wp-json\/wp\/v2\/posts\/13389\/revisions\/13395"}],"wp:featuredmedia":[{"embeddable":true,"href":"https:\/\/contextoanalisisperiodistico.com\/index.php\/wp-json\/wp\/v2\/media\/13390"}],"wp:attachment":[{"href":"https:\/\/contextoanalisisperiodistico.com\/index.php\/wp-json\/wp\/v2\/media?parent=13389"}],"wp:term":[{"taxonomy":"category","embeddable":true,"href":"https:\/\/contextoanalisisperiodistico.com\/index.php\/wp-json\/wp\/v2\/categories?post=13389"},{"taxonomy":"post_tag","embeddable":true,"href":"https:\/\/contextoanalisisperiodistico.com\/index.php\/wp-json\/wp\/v2\/tags?post=13389"}],"curies":[{"name":"wp","href":"https:\/\/api.w.org\/{rel}","templated":true}]}}