{"id":1338,"date":"2022-03-11T21:32:45","date_gmt":"2022-03-12T03:32:45","guid":{"rendered":"http:\/\/contextoanalisisperiodistico.com.mx\/2022\/03\/11\/municipio-de-oaxaca-de-juarez-primero-en-reconocer-el-mecanismo-de-consulta-popular\/"},"modified":"2022-03-11T21:32:45","modified_gmt":"2022-03-12T03:32:45","slug":"municipio-de-oaxaca-de-juarez-primero-en-reconocer-el-mecanismo-de-consulta-popular","status":"publish","type":"post","link":"https:\/\/contextoanalisisperiodistico.com\/index.php\/2022\/03\/11\/municipio-de-oaxaca-de-juarez-primero-en-reconocer-el-mecanismo-de-consulta-popular\/","title":{"rendered":"Municipio de Oaxaca de Ju\u00e1rez, primero en reconocer el mecanismo de consulta popular"},"content":{"rendered":"<div id=\"fb-root\"><\/div>\n\n<p>(*) Una reforma de avanzada para un gobierno de puertas abiertas, que escucha el sentir de su gente y por consiguiente tomar\u00e1 mejores decisiones acorde a las necesidades de la ciudadan\u00eda<br \/>El Gobierno Municipal de Oaxaca de Ju\u00e1rez se convirti\u00f3 en el primer municipio estatal en reconocer el mecanismo de consulta popular a trav\u00e9s de una reforma de avanzada, que adelanta, incluso, a la legislaci\u00f3n estatal quien a\u00fan no reconoce este importante principio de participaci\u00f3n ciudadana.<br \/>La reforma de avanzada es resultado de la propuesta presentada por el regidor de Obras P\u00fablicas y Desarrollo Urbano y de Centro Hist\u00f3rico, Pavel Renato L\u00f3pez G\u00f3mez, la cual fue recibida por el Cabildo Municipal y sometida a estudio y discusi\u00f3n para finalmente, aprobarla por unanimidad en la sesi\u00f3n de Cabildo, el jueves, 10 de marzo.<br \/>El resultado es que ahora se otorga a la ciudadan\u00eda un mecanismo de participaci\u00f3n directa sobre los temas de trascendencia para nuestro municipio. Por lo que ahora, la autoridad capitalina se presenta como un gobierno de puertas abiertas, que escucha el sentir de su gente y por consiguiente tomar\u00e1 mejores decisiones acorde a las necesidades de la ciudadan\u00eda.<br \/>En su intervenci\u00f3n, el regidor Pavel Renato L\u00f3pez reconoci\u00f3 la voluntad del presidente municipal Mart\u00ednez Neri e integrantes del Cabildo en aras de construir una ciudad transformadora:<br \/>\u201cLa apuesta a la participaci\u00f3n ciudadana es un compromiso que hoy deja de ser un discurso para ofrecer acciones contundentes a la ciudadan\u00eda, y me da gusto que a menos de cien d\u00edas de gobierno estemos marcando una diferencia tan grande en esta administraci\u00f3n\u201d destac\u00f3.<\/p>\n\n\n\n<figure class=\"wp-block-image size-large\"><img decoding=\"async\" src=\"https:\/\/contextoinformacionyanalisisperiodistico.files.wordpress.com\/2022\/03\/img-20220311-wa0028.jpg?w=667\" alt=\"\" class=\"wp-image-1336\" \/><\/figure>\n\n\n\n<figure class=\"wp-block-image\"><img decoding=\"async\" src=\"https:\/\/contextoinformacionyanalisisperiodistico.files.wordpress.com\/2022\/03\/img-20220311-wa0029.jpg\" alt=\"\" class=\"wp-image-1337\" \/><\/figure>\n","protected":false},"excerpt":{"rendered":"<p>(*) Una reforma de avanzada para un gobierno de puertas abiertas, que escucha el sentir&#8230;<\/p>\n","protected":false},"author":2,"featured_media":1335,"comment_status":"open","ping_status":"open","sticky":false,"template":"","format":"standard","meta":{"footnotes":""},"categories":[3,7],"tags":[],"jetpack_sharing_enabled":true,"featured_image_urls":{"full":"","thumbnail":"","medium":"","medium_large":"","large":"","1536x1536":"","2048x2048":"","covernews-slider-full":"","covernews-slider-center":"","covernews-featured":"","covernews-medium":"","covernews-medium-square":""},"author_info":{"display_name":"Miguel","author_link":"https:\/\/contextoanalisisperiodistico.com\/index.php\/author\/editor\/"},"category_info":"<a href=\"https:\/\/contextoanalisisperiodistico.com\/index.php\/category\/ciudad\/\" rel=\"category tag\">Ciudad<\/a> <a href=\"https:\/\/contextoanalisisperiodistico.com\/index.php\/category\/municipios\/\" rel=\"category tag\">Municipios<\/a>","tag_info":"Municipios","comment_count":"0","jetpack_featured_media_url":"","_links":{"self":[{"href":"https:\/\/contextoanalisisperiodistico.com\/index.php\/wp-json\/wp\/v2\/posts\/1338"}],"collection":[{"href":"https:\/\/contextoanalisisperiodistico.com\/index.php\/wp-json\/wp\/v2\/posts"}],"about":[{"href":"https:\/\/contextoanalisisperiodistico.com\/index.php\/wp-json\/wp\/v2\/types\/post"}],"author":[{"embeddable":true,"href":"https:\/\/contextoanalisisperiodistico.com\/index.php\/wp-json\/wp\/v2\/users\/2"}],"replies":[{"embeddable":true,"href":"https:\/\/contextoanalisisperiodistico.com\/index.php\/wp-json\/wp\/v2\/comments?post=1338"}],"version-history":[{"count":0,"href":"https:\/\/contextoanalisisperiodistico.com\/index.php\/wp-json\/wp\/v2\/posts\/1338\/revisions"}],"wp:featuredmedia":[{"embeddable":true,"href":"https:\/\/contextoanalisisperiodistico.com\/index.php\/wp-json\/"}],"wp:attachment":[{"href":"https:\/\/contextoanalisisperiodistico.com\/index.php\/wp-json\/wp\/v2\/media?parent=1338"}],"wp:term":[{"taxonomy":"category","embeddable":true,"href":"https:\/\/contextoanalisisperiodistico.com\/index.php\/wp-json\/wp\/v2\/categories?post=1338"},{"taxonomy":"post_tag","embeddable":true,"href":"https:\/\/contextoanalisisperiodistico.com\/index.php\/wp-json\/wp\/v2\/tags?post=1338"}],"curies":[{"name":"wp","href":"https:\/\/api.w.org\/{rel}","templated":true}]}}