{"id":13372,"date":"2023-05-15T15:51:03","date_gmt":"2023-05-15T21:51:03","guid":{"rendered":"https:\/\/contextoanalisisperiodistico.com\/index.php\/2023\/05\/15\/por-una-mejor-educacion-sigamos-haciendo-camino\/"},"modified":"2023-05-15T18:47:08","modified_gmt":"2023-05-16T00:47:08","slug":"por-una-mejor-educacion-sigamos-haciendo-camino","status":"publish","type":"post","link":"https:\/\/contextoanalisisperiodistico.com\/index.php\/2023\/05\/15\/por-una-mejor-educacion-sigamos-haciendo-camino\/","title":{"rendered":"Por una mejor educaci\u00f3n sigamos haciendo camino"},"content":{"rendered":"<div id=\"fb-root\"><\/div>\n\n<p>*As\u00ed  coincide con el Gobernador Salom\u00f3n Jara Cruz, el director general del IEEPO, Emilio Montero P\u00e9rez <\/p>\n\n\n\n<p>Al respecto, el Titular de la pol\u00edtica educativa en Oaxaca, destaca: \u00abcon la presencia de nuestro Gobernador del Estado, Salom\u00f3n Jara Cruz y la presidenta honoraria del DIF-Oaxaca, Irma Bola\u00f1os Quijanos, realizamos la entrega de 543 diplomas y medallas al M\u00e9rito Docente \u201cMaestro Ignacio Manuel Altamirano\u201d y \u201cMaestro Rafael Ram\u00edrez\u201d, a maestras y maestros oaxaque\u00f1os con 40 y 30 a\u00f1os de servicio\u00bb.<\/p>\n\n\n\n<p>\u00abComo lo puntualiz\u00f3 el Mandatario Estatal, sigamos haciendo equipo por una mejor educaci\u00f3n, hoy se escribe una nueva historia al lado de la gente y de todos los sectores de la sociedad, como es el magisterio oaxaque\u00f1o, con pleno respeto a su lucha y autonom\u00eda sindical\u00bb.<\/p>\n\n\n\n<figure class=\"wp-block-image size-large\"><img fetchpriority=\"high\" decoding=\"async\" width=\"720\" height=\"480\" src=\"https:\/\/contextoanalisisperiodistico.com\/wp-content\/uploads\/2023\/05\/fb_img_16841870213147585838404888092404.jpg\" alt=\"\" class=\"wp-image-13371\" srcset=\"https:\/\/contextoanalisisperiodistico.com\/wp-content\/uploads\/2023\/05\/fb_img_16841870213147585838404888092404.jpg 720w, https:\/\/contextoanalisisperiodistico.com\/wp-content\/uploads\/2023\/05\/fb_img_16841870213147585838404888092404-300x200.jpg 300w\" sizes=\"(max-width: 720px) 100vw, 720px\" \/><\/figure>\n\n\n\n<figure class=\"wp-block-image\"><img decoding=\"async\" width=\"300\" height=\"200\" src=\"https:\/\/contextoanalisisperiodistico.com\/wp-content\/uploads\/2023\/05\/fb_img_1684187025664434144967855483070-300x200.jpg\" alt=\"\" class=\"wp-image-13369\" srcset=\"https:\/\/contextoanalisisperiodistico.com\/wp-content\/uploads\/2023\/05\/fb_img_1684187025664434144967855483070-300x200.jpg 300w, https:\/\/contextoanalisisperiodistico.com\/wp-content\/uploads\/2023\/05\/fb_img_1684187025664434144967855483070.jpg 720w\" sizes=\"(max-width: 300px) 100vw, 300px\" \/><\/figure>\n\n\n\n<figure class=\"wp-block-image\"><img decoding=\"async\" width=\"300\" height=\"200\" src=\"https:\/\/contextoanalisisperiodistico.com\/wp-content\/uploads\/2023\/05\/fb_img_16841870128143493595134830071011-300x200.jpg\" alt=\"\" class=\"wp-image-13370\" srcset=\"https:\/\/contextoanalisisperiodistico.com\/wp-content\/uploads\/2023\/05\/fb_img_16841870128143493595134830071011-300x200.jpg 300w, https:\/\/contextoanalisisperiodistico.com\/wp-content\/uploads\/2023\/05\/fb_img_16841870128143493595134830071011.jpg 720w\" sizes=\"(max-width: 300px) 100vw, 300px\" \/><\/figure>\n\n\n\n<p>\u00a1Muy merecido reconocimiento en este D\u00eda de la Maestra y el Maestro!<\/p>\n","protected":false},"excerpt":{"rendered":"<p>*As\u00ed coincide con el Gobernador Salom\u00f3n Jara Cruz, el director general del IEEPO, Emilio Montero&#8230;<\/p>\n","protected":false},"author":4,"featured_media":13368,"comment_status":"closed","ping_status":"open","sticky":false,"template":"","format":"standard","meta":{"footnotes":""},"categories":[9],"tags":[],"jetpack_sharing_enabled":true,"featured_image_urls":{"full":["https:\/\/contextoanalisisperiodistico.com\/wp-content\/uploads\/2023\/05\/FB_IMG_1684187016896.jpg",720,480,false],"thumbnail":["https:\/\/contextoanalisisperiodistico.com\/wp-content\/uploads\/2023\/05\/FB_IMG_1684187016896-150x150.jpg",150,150,true],"medium":["https:\/\/contextoanalisisperiodistico.com\/wp-content\/uploads\/2023\/05\/FB_IMG_1684187016896-300x200.jpg",300,200,true],"medium_large":["https:\/\/contextoanalisisperiodistico.com\/wp-content\/uploads\/2023\/05\/FB_IMG_1684187016896.jpg",640,427,false],"large":["https:\/\/contextoanalisisperiodistico.com\/wp-content\/uploads\/2023\/05\/FB_IMG_1684187016896.jpg",640,427,false],"1536x1536":["https:\/\/contextoanalisisperiodistico.com\/wp-content\/uploads\/2023\/05\/FB_IMG_1684187016896.jpg",720,480,false],"2048x2048":["https:\/\/contextoanalisisperiodistico.com\/wp-content\/uploads\/2023\/05\/FB_IMG_1684187016896.jpg",720,480,false],"covernews-slider-full":["https:\/\/contextoanalisisperiodistico.com\/wp-content\/uploads\/2023\/05\/FB_IMG_1684187016896.jpg",720,480,false],"covernews-slider-center":["https:\/\/contextoanalisisperiodistico.com\/wp-content\/uploads\/2023\/05\/FB_IMG_1684187016896.jpg",720,480,false],"covernews-featured":["https:\/\/contextoanalisisperiodistico.com\/wp-content\/uploads\/2023\/05\/FB_IMG_1684187016896.jpg",720,480,false],"covernews-medium":["https:\/\/contextoanalisisperiodistico.com\/wp-content\/uploads\/2023\/05\/FB_IMG_1684187016896-540x340.jpg",540,340,true],"covernews-medium-square":["https:\/\/contextoanalisisperiodistico.com\/wp-content\/uploads\/2023\/05\/FB_IMG_1684187016896-400x250.jpg",400,250,true]},"author_info":{"display_name":"Mario Gir\u00f3n","author_link":"https:\/\/contextoanalisisperiodistico.com\/index.php\/author\/director\/"},"category_info":"<a href=\"https:\/\/contextoanalisisperiodistico.com\/index.php\/category\/politica\/\" rel=\"category tag\">Pol\u00edtica<\/a>","tag_info":"Pol\u00edtica","comment_count":"0","jetpack_featured_media_url":"https:\/\/contextoanalisisperiodistico.com\/wp-content\/uploads\/2023\/05\/FB_IMG_1684187016896.jpg","_links":{"self":[{"href":"https:\/\/contextoanalisisperiodistico.com\/index.php\/wp-json\/wp\/v2\/posts\/13372"}],"collection":[{"href":"https:\/\/contextoanalisisperiodistico.com\/index.php\/wp-json\/wp\/v2\/posts"}],"about":[{"href":"https:\/\/contextoanalisisperiodistico.com\/index.php\/wp-json\/wp\/v2\/types\/post"}],"author":[{"embeddable":true,"href":"https:\/\/contextoanalisisperiodistico.com\/index.php\/wp-json\/wp\/v2\/users\/4"}],"replies":[{"embeddable":true,"href":"https:\/\/contextoanalisisperiodistico.com\/index.php\/wp-json\/wp\/v2\/comments?post=13372"}],"version-history":[{"count":1,"href":"https:\/\/contextoanalisisperiodistico.com\/index.php\/wp-json\/wp\/v2\/posts\/13372\/revisions"}],"predecessor-version":[{"id":13388,"href":"https:\/\/contextoanalisisperiodistico.com\/index.php\/wp-json\/wp\/v2\/posts\/13372\/revisions\/13388"}],"wp:featuredmedia":[{"embeddable":true,"href":"https:\/\/contextoanalisisperiodistico.com\/index.php\/wp-json\/wp\/v2\/media\/13368"}],"wp:attachment":[{"href":"https:\/\/contextoanalisisperiodistico.com\/index.php\/wp-json\/wp\/v2\/media?parent=13372"}],"wp:term":[{"taxonomy":"category","embeddable":true,"href":"https:\/\/contextoanalisisperiodistico.com\/index.php\/wp-json\/wp\/v2\/categories?post=13372"},{"taxonomy":"post_tag","embeddable":true,"href":"https:\/\/contextoanalisisperiodistico.com\/index.php\/wp-json\/wp\/v2\/tags?post=13372"}],"curies":[{"name":"wp","href":"https:\/\/api.w.org\/{rel}","templated":true}]}}